{"id":1077,"date":"2021-01-30T09:35:44","date_gmt":"2021-01-30T13:35:44","guid":{"rendered":"http:\/\/revista.vps.co.ve\/?p=1077"},"modified":"2021-01-30T23:33:22","modified_gmt":"2021-01-31T03:33:22","slug":"aplanar-la-curva-de-la-pandemia-de-coronavirus-es-suficiente-que-hacer-despues","status":"publish","type":"post","link":"https:\/\/elvitraldelaciencia.org\/revista\/aplanar-la-curva-de-la-pandemia-de-coronavirus-es-suficiente-que-hacer-despues\/","title":{"rendered":"\u00bfAPLANAR LA CURVA DE LA PANDEMIA DE CORONAVIRUS ES SUFICIENTE?  \u00bfQU\u00c9 HACER DESPU\u00c9S?"},"content":{"rendered":"<p style=\"text-align: justify;\"><span style=\"color: #800000;\"><span style=\"font-size: 18pt;\"><strong><img loading=\"lazy\" decoding=\"async\" class=\"aligncenter wp-image-1080 size-full\" src=\"https:\/\/elvitraldelaciencia.org\/revista\/\/\/wp-content\/uploads\/2021\/01\/APLANAR-LA-CURVA-2.jpg\" alt=\"\" width=\"700\" height=\"394\" srcset=\"https:\/\/elvitraldelaciencia.org\/revista\/wp-content\/uploads\/2021\/01\/APLANAR-LA-CURVA-2.jpg 700w, https:\/\/elvitraldelaciencia.org\/revista\/wp-content\/uploads\/2021\/01\/APLANAR-LA-CURVA-2-300x169.jpg 300w\" sizes=\"auto, (max-width: 700px) 100vw, 700px\" \/>A<\/strong><\/span>hora sabemos que la estrategia para combatir la pandemia viral ha sido una elecci\u00f3n dif\u00edcil, pero tiene una gran ventaja a corto plazo. Sin embargo, las personas tienen preocupaciones leg\u00edtimas sobre esta estrategia. Nadie sabe c\u00f3mo ser\u00e1 la vida cuando se relajen las restricciones. \u00bfCu\u00e1nto durar\u00e1 realmente? \u00bfQu\u00e9 tan caro ser\u00e1? \u00bfHabr\u00e1 un segundo pico tan grande como si no hici\u00e9ramos nada? Lo que si es seguro es que llegar\u00e1 un d\u00eda en que el virus haya sido contenido. Y ese d\u00eda tendremos un objetivo muy claro: habr\u00e1 que luchar para que el virus no rebrote. El problema es que no sabemos si es posible ganar esa batalla y hacer vida normal.<\/span><\/p>\n<p><a href=\"https:\/\/elvitraldelaciencia.org\/revista\/\/\/wp-content\/uploads\/2021\/01\/aplanar-la-curva.pdf\">Ver art\u00edculo completo<\/a><\/p>\n<p>&nbsp;<\/p>\n","protected":false},"excerpt":{"rendered":"<p>Ahora sabemos que la estrategia para combatir la pandemia viral ha sido una elecci\u00f3n dif\u00edcil, pero tiene una gran ventaja a corto plazo. Sin embargo, las personas tienen preocupaciones leg\u00edtimas&hellip; <\/p>\n","protected":false},"author":2,"featured_media":1079,"comment_status":"closed","ping_status":"closed","sticky":false,"template":"","format":"standard","meta":{"footnotes":""},"categories":[13,11],"tags":[],"class_list":["post-1077","post","type-post","status-publish","format-standard","has-post-thumbnail","hentry","category-arti","category-destacado"],"_links":{"self":[{"href":"https:\/\/elvitraldelaciencia.org\/revista\/wp-json\/wp\/v2\/posts\/1077","targetHints":{"allow":["GET"]}}],"collection":[{"href":"https:\/\/elvitraldelaciencia.org\/revista\/wp-json\/wp\/v2\/posts"}],"about":[{"href":"https:\/\/elvitraldelaciencia.org\/revista\/wp-json\/wp\/v2\/types\/post"}],"author":[{"embeddable":true,"href":"https:\/\/elvitraldelaciencia.org\/revista\/wp-json\/wp\/v2\/users\/2"}],"replies":[{"embeddable":true,"href":"https:\/\/elvitraldelaciencia.org\/revista\/wp-json\/wp\/v2\/comments?post=1077"}],"version-history":[{"count":0,"href":"https:\/\/elvitraldelaciencia.org\/revista\/wp-json\/wp\/v2\/posts\/1077\/revisions"}],"wp:featuredmedia":[{"embeddable":true,"href":"https:\/\/elvitraldelaciencia.org\/revista\/wp-json\/wp\/v2\/media\/1079"}],"wp:attachment":[{"href":"https:\/\/elvitraldelaciencia.org\/revista\/wp-json\/wp\/v2\/media?parent=1077"}],"wp:term":[{"taxonomy":"category","embeddable":true,"href":"https:\/\/elvitraldelaciencia.org\/revista\/wp-json\/wp\/v2\/categories?post=1077"},{"taxonomy":"post_tag","embeddable":true,"href":"https:\/\/elvitraldelaciencia.org\/revista\/wp-json\/wp\/v2\/tags?post=1077"}],"curies":[{"name":"wp","href":"https:\/\/api.w.org\/{rel}","templated":true}]}}