{"id":1083,"date":"2021-01-30T09:47:03","date_gmt":"2021-01-30T13:47:03","guid":{"rendered":"http:\/\/revista.vps.co.ve\/?p=1083"},"modified":"2021-01-30T23:32:50","modified_gmt":"2021-01-31T03:32:50","slug":"lo-que-la-sociedad-no-pudo-un-virus-obliga-a-la-transformacion-de-las-universidades-del-mundo","status":"publish","type":"post","link":"https:\/\/elvitraldelaciencia.org\/revista\/lo-que-la-sociedad-no-pudo-un-virus-obliga-a-la-transformacion-de-las-universidades-del-mundo\/","title":{"rendered":"LO QUE LA SOCIEDAD NO PUDO&#8230; UN VIRUS OBLIGA A LA TRANSFORMACI\u00d3N DE LAS UNIVERSIDADES  DEL MUNDO"},"content":{"rendered":"<p style=\"text-align: justify;\"><img loading=\"lazy\" decoding=\"async\" class=\"aligncenter wp-image-1085 size-full\" src=\"https:\/\/elvitraldelaciencia.org\/revista\/\/\/wp-content\/uploads\/2021\/01\/universitaria-con-mascarilla.jpg\" alt=\"\" width=\"480\" height=\"288\" srcset=\"https:\/\/elvitraldelaciencia.org\/revista\/wp-content\/uploads\/2021\/01\/universitaria-con-mascarilla.jpg 480w, https:\/\/elvitraldelaciencia.org\/revista\/wp-content\/uploads\/2021\/01\/universitaria-con-mascarilla-300x180.jpg 300w\" sizes=\"auto, (max-width: 480px) 100vw, 480px\" \/>La crisis del coronavirus est\u00e1 obligando a las universidades del mundo a enfrentar desaf\u00edos de larga data en la educaci\u00f3n universitaria, como la pertinencia social de las mismas, el crecimiento sin calidad, inequidades en el acceso y en los logros, la p\u00e9rdida progresiva de financiamiento p\u00fablico, el aumento vertiginoso de los costos de matr\u00edcula en aquellas universidades privadas, y la cada vez incrementada percepci\u00f3n del elitismo. La llegada de la pandemia est\u00e1 acelerando los cambios de una manera abrupta en estas casas de estudios, y lo peor, sus dirigentes no estaban preparados para asumir los retos a que se enfrentan durante y en la post pandemia.<\/p>\n<p>&nbsp;<\/p>\n<p><a href=\"https:\/\/elvitraldelaciencia.org\/revista\/\/\/wp-content\/uploads\/2021\/01\/LAS-UNIVERSIDADES-Y-LA-PANDEMIA.pdf\">Ver art\u00edculo completo<\/a><\/p>\n<p>&nbsp;<\/p>\n","protected":false},"excerpt":{"rendered":"<p>La crisis del coronavirus est\u00e1 obligando a las universidades del mundo a enfrentar desaf\u00edos de larga data en la educaci\u00f3n universitaria, como la pertinencia social de las mismas, el crecimiento&hellip; <\/p>\n","protected":false},"author":2,"featured_media":1085,"comment_status":"closed","ping_status":"closed","sticky":false,"template":"","format":"standard","meta":{"footnotes":""},"categories":[13,11],"tags":[],"class_list":["post-1083","post","type-post","status-publish","format-standard","has-post-thumbnail","hentry","category-arti","category-destacado"],"_links":{"self":[{"href":"https:\/\/elvitraldelaciencia.org\/revista\/wp-json\/wp\/v2\/posts\/1083","targetHints":{"allow":["GET"]}}],"collection":[{"href":"https:\/\/elvitraldelaciencia.org\/revista\/wp-json\/wp\/v2\/posts"}],"about":[{"href":"https:\/\/elvitraldelaciencia.org\/revista\/wp-json\/wp\/v2\/types\/post"}],"author":[{"embeddable":true,"href":"https:\/\/elvitraldelaciencia.org\/revista\/wp-json\/wp\/v2\/users\/2"}],"replies":[{"embeddable":true,"href":"https:\/\/elvitraldelaciencia.org\/revista\/wp-json\/wp\/v2\/comments?post=1083"}],"version-history":[{"count":0,"href":"https:\/\/elvitraldelaciencia.org\/revista\/wp-json\/wp\/v2\/posts\/1083\/revisions"}],"wp:featuredmedia":[{"embeddable":true,"href":"https:\/\/elvitraldelaciencia.org\/revista\/wp-json\/wp\/v2\/media\/1085"}],"wp:attachment":[{"href":"https:\/\/elvitraldelaciencia.org\/revista\/wp-json\/wp\/v2\/media?parent=1083"}],"wp:term":[{"taxonomy":"category","embeddable":true,"href":"https:\/\/elvitraldelaciencia.org\/revista\/wp-json\/wp\/v2\/categories?post=1083"},{"taxonomy":"post_tag","embeddable":true,"href":"https:\/\/elvitraldelaciencia.org\/revista\/wp-json\/wp\/v2\/tags?post=1083"}],"curies":[{"name":"wp","href":"https:\/\/api.w.org\/{rel}","templated":true}]}}