{"id":1092,"date":"2021-01-30T10:10:48","date_gmt":"2021-01-30T14:10:48","guid":{"rendered":"http:\/\/revista.vps.co.ve\/?p=1092"},"modified":"2021-01-31T11:19:52","modified_gmt":"2021-01-31T15:19:52","slug":"la-mujer-la-ciencia-y-la-pandemia-la-discriminacion-continua","status":"publish","type":"post","link":"https:\/\/elvitraldelaciencia.org\/revista\/la-mujer-la-ciencia-y-la-pandemia-la-discriminacion-continua\/","title":{"rendered":"LA MUJER, LA CIENCIA Y LA PANDEMIA  La discriminaci\u00f3n contin\u00faa&#8230;"},"content":{"rendered":"<p style=\"text-align: justify;\"><img loading=\"lazy\" decoding=\"async\" class=\"aligncenter wp-image-1094 size-full\" src=\"https:\/\/elvitraldelaciencia.org\/revista\/\/\/wp-content\/uploads\/2021\/01\/MUJER-Y-PANDEMIA.jpg\" alt=\"\" width=\"746\" height=\"498\" srcset=\"https:\/\/elvitraldelaciencia.org\/revista\/wp-content\/uploads\/2021\/01\/MUJER-Y-PANDEMIA.jpg 746w, https:\/\/elvitraldelaciencia.org\/revista\/wp-content\/uploads\/2021\/01\/MUJER-Y-PANDEMIA-300x200.jpg 300w\" sizes=\"auto, (max-width: 746px) 100vw, 746px\" \/>En febrero del 2019, la ONU public\u00f3 la necesidad que hubiese mas cient\u00edficas, en el mundo. Esto es debido a que el incremento estimado en las oportunidades de trabajo, sobrepasaba el 90% en personal que tenga formaci\u00f3n en tecnolog\u00edas de la educaci\u00f3n y la comunicaci\u00f3n. Esto significa, seg\u00fan este art\u00edculo, que las categor\u00edas laborales que tendr\u00e1n una mayor demanda profesional ser\u00e1n las relacionadas con la ciencia, la tecnolog\u00eda, la ingenier\u00eda y las matem\u00e1ticas (1). Sin embargo, resulta preocupante conocer que en las estad\u00edsticas publicadas por la UNESCO, se revela que apenas un tercio de las estudiantes eligen carreras vinculadas a la ciencia, tecnolog\u00eda, ingenier\u00eda o matem\u00e1ticas, y que solo un 3% escoge carreras relacionadas con la tecnolog\u00eda de la informaci\u00f3n y las telecomunicaciones.<\/p>\n<p><a href=\"https:\/\/elvitraldelaciencia.org\/revista\/\/\/wp-content\/uploads\/2021\/01\/MUJER-CIENCIA-Y-PANDEMIA.pdf\">Ver art\u00ecculo completo<\/a><\/p>\n<p>&nbsp;<\/p>\n<p>&nbsp;<\/p>\n","protected":false},"excerpt":{"rendered":"<p>En febrero del 2019, la ONU public\u00f3 la necesidad que hubiese mas cient\u00edficas, en el mundo. Esto es debido a que el incremento estimado en las oportunidades de trabajo, sobrepasaba&hellip; <\/p>\n","protected":false},"author":2,"featured_media":1094,"comment_status":"closed","ping_status":"closed","sticky":false,"template":"","format":"standard","meta":{"footnotes":""},"categories":[11,15],"tags":[],"class_list":["post-1092","post","type-post","status-publish","format-standard","has-post-thumbnail","hentry","category-destacado","category-rev"],"_links":{"self":[{"href":"https:\/\/elvitraldelaciencia.org\/revista\/wp-json\/wp\/v2\/posts\/1092","targetHints":{"allow":["GET"]}}],"collection":[{"href":"https:\/\/elvitraldelaciencia.org\/revista\/wp-json\/wp\/v2\/posts"}],"about":[{"href":"https:\/\/elvitraldelaciencia.org\/revista\/wp-json\/wp\/v2\/types\/post"}],"author":[{"embeddable":true,"href":"https:\/\/elvitraldelaciencia.org\/revista\/wp-json\/wp\/v2\/users\/2"}],"replies":[{"embeddable":true,"href":"https:\/\/elvitraldelaciencia.org\/revista\/wp-json\/wp\/v2\/comments?post=1092"}],"version-history":[{"count":0,"href":"https:\/\/elvitraldelaciencia.org\/revista\/wp-json\/wp\/v2\/posts\/1092\/revisions"}],"wp:featuredmedia":[{"embeddable":true,"href":"https:\/\/elvitraldelaciencia.org\/revista\/wp-json\/wp\/v2\/media\/1094"}],"wp:attachment":[{"href":"https:\/\/elvitraldelaciencia.org\/revista\/wp-json\/wp\/v2\/media?parent=1092"}],"wp:term":[{"taxonomy":"category","embeddable":true,"href":"https:\/\/elvitraldelaciencia.org\/revista\/wp-json\/wp\/v2\/categories?post=1092"},{"taxonomy":"post_tag","embeddable":true,"href":"https:\/\/elvitraldelaciencia.org\/revista\/wp-json\/wp\/v2\/tags?post=1092"}],"curies":[{"name":"wp","href":"https:\/\/api.w.org\/{rel}","templated":true}]}}