{"id":1186,"date":"2021-02-02T21:25:01","date_gmt":"2021-02-03T01:25:01","guid":{"rendered":"http:\/\/revista.vps.co.ve\/?p=1186"},"modified":"2021-02-02T21:25:01","modified_gmt":"2021-02-03T01:25:01","slug":"aprobada-creacion-del-sesa-de-las-universidades-que-garantizara-pertinencia-y-calidad","status":"publish","type":"post","link":"https:\/\/elvitraldelaciencia.org\/revista\/aprobada-creacion-del-sesa-de-las-universidades-que-garantizara-pertinencia-y-calidad\/","title":{"rendered":"Aprobada creaci\u00f3n del SESA de las universidades que garantizar\u00e1 pertinencia y calidad"},"content":{"rendered":"<p style=\"text-align: justify;\"><img loading=\"lazy\" decoding=\"async\" class=\"aligncenter wp-image-1187 size-large\" src=\"https:\/\/elvitraldelaciencia.org\/revista\/\/\/wp-content\/uploads\/2021\/02\/CNU-Y-SESU-1024x575.jpeg\" alt=\"\" width=\"1024\" height=\"575\" srcset=\"https:\/\/elvitraldelaciencia.org\/revista\/wp-content\/uploads\/2021\/02\/CNU-Y-SESU-1024x575.jpeg 1024w, https:\/\/elvitraldelaciencia.org\/revista\/wp-content\/uploads\/2021\/02\/CNU-Y-SESU-300x168.jpeg 300w, https:\/\/elvitraldelaciencia.org\/revista\/wp-content\/uploads\/2021\/02\/CNU-Y-SESU-768x431.jpeg 768w, https:\/\/elvitraldelaciencia.org\/revista\/wp-content\/uploads\/2021\/02\/CNU-Y-SESU.jpeg 1080w\" sizes=\"auto, (max-width: 1024px) 100vw, 1024px\" \/><\/p>\n<p style=\"text-align: justify;\">Con el objetivo de analizar las pol\u00edticas de gesti\u00f3n universitaria, destinadas al fortalecimiento de los derechos sociales del pueblo venezolano, el Consejo Nacional de Universidades (CNU) aprob\u00f3 el pasado 27 de enero, la propuesta de creaci\u00f3n del <strong>Sistema de Evaluaci\u00f3n, Supervisi\u00f3n, Acompa\u00f1amiento y Acreditaci\u00f3n (SESA)<\/strong>\u00a0de las universidades para garantizar la pertinencia y calidad de la formaci\u00f3n integral.<\/p>\n<p style=\"text-align: justify;\">El ministro del Poder Popular para la Educaci\u00f3n Universitaria (MPPEU), C\u00e9sar Tr\u00f3mpiz, se\u00f1al\u00f3 que la creaci\u00f3n del SESA, se llev\u00f3 a cabo durante la primera sesi\u00f3n ordinaria del CNU del a\u00f1o 2021, del mismo modo indic\u00f3 que \u201clos universitarios son promotores del desarrollo de la soberan\u00eda nacional\u201d.<\/p>\n<p style=\"text-align: justify;\">El documento que contiene las directrices del SESA indica que es una <span style=\"color: #800000;\"><em>estructura conceptual y operativa del \u00f3rgano rector de la educaci\u00f3n universitaria, que persigue contribuir a elevar su calidad y pertinencia mediante la articulaci\u00f3n de los procesos de evaluaci\u00f3n, supervisi\u00f3n, acompa\u00f1amiento y acreditaci\u00f3n de instituciones, carreras y programas del SEU. Tiene como uno de sus puntos de partida la convicci\u00f3n de que su despliegue debe contribuir a develar n\u00edtidamente la complejidad del SEU y las IEU que lo conforman, con sus potencialidades y realidades, en el marco de la transformaci\u00f3n de la educaci\u00f3n universitaria y sus instituciones, sirviendo de base para la toma de decisiones en materia de pol\u00edtica educativa.<\/em><\/span><\/p>\n<p style=\"text-align: justify;\">Adicionalmente, se plantea que el SESA est\u00e1<span style=\"color: #800000;\"><em> sustentado en la \u00e9tica de la responsabilidad que acompa\u00f1a el car\u00e1cter auton\u00f3mico <\/em><\/span><span style=\"color: #800000;\"><em>de la EU en Venezuela, mediante la evaluaci\u00f3n institucional, parte del Encargo Social, los <\/em><\/span><span style=\"color: #800000;\"><em>logros alcanzados y los aportes sociales, cient\u00edficos, tecnol\u00f3gicos y pol\u00edticos de las IEU, para <\/em><\/span><span style=\"color: #800000;\"><em>esclarecer el sentido y la naturaleza del SEU y su contribuci\u00f3n al funcionamiento del Estado <\/em><\/span><span style=\"color: #800000;\"><em>social de derecho y de justicia, en el marco de la democracia participativa y protag\u00f3nica que <\/em><\/span><span style=\"color: #800000;\"><em>caracteriza a la sociedad venezolana. En esta perspectiva y concepci\u00f3n, la pol\u00edtica del SESA <\/em><\/span><span style=\"color: #800000;\"><em>debe priorizar la auto-evaluaci\u00f3n y co-evaluaci\u00f3n permanente, fundada en criterios cient\u00edficos <\/em><\/span><span style=\"color: #800000;\"><em>y human\u00edsticos, y en el compromiso de las IEU con la naci\u00f3n, atendiendo al principio <\/em><\/span><span style=\"color: #800000;\"><em>constitucional de rendici\u00f3n de cuentas.\u00a0<\/em><\/span><\/p>\n<p style=\"text-align: justify;\">El titular de la cartera universitaria del Gobierno Bolivariano agreg\u00f3 que para este 2021, el MPPEU se mantiene desplegado en el territorio nacional a fin de garantizar el acceso a la educaci\u00f3n de calidad y gratuitamente, y al mismo tiempo darle continuidad a las pol\u00edticas educativas, c\u00f3mo parte de los v\u00e9rtices de gesti\u00f3n: Universidad en Casa, Universidad Bella, Batalla Universitaria por la salud, Batalla de las ideas, Vivir Bien, transformaci\u00f3n cualitativa y gesti\u00f3n pol\u00edtico administrativa.<\/p>\n<p style=\"text-align: justify;\">Por otra parte sostuvo que en cumplimiento de las directrices emanadas por el presidente de la Rep\u00fablica Bolivariana de Venezuela, Nicol\u00e1s Maduro, la agenda universitaria se suma a conmemoraci\u00f3n del Bicentenario de Carabobo como prioridad \u201cde nuestra educaci\u00f3n en construcci\u00f3n de la cultura independentista de la patria venezolana\u201d.<\/p>\n<p>&nbsp;<\/p>\n<p>Fuente: <strong>Prensa Digital MIppCI \/ Daniel Liendo \/ VTV (<span style=\"color: #0000ff;\">http:\/\/www.minci.gob.ve\/aprobada-creacion-del-sesa-de-las-universidades-que-garantizara-pertinencia-y-calidad\/<\/span>)\u00a0<\/strong><\/p>\n","protected":false},"excerpt":{"rendered":"<p>Con el objetivo de analizar las pol\u00edticas de gesti\u00f3n universitaria, destinadas al fortalecimiento de los derechos sociales del pueblo venezolano, el Consejo Nacional de Universidades (CNU) aprob\u00f3 el pasado 27&hellip; <\/p>\n","protected":false},"author":2,"featured_media":1187,"comment_status":"closed","ping_status":"closed","sticky":false,"template":"","format":"standard","meta":{"footnotes":""},"categories":[11,12,18],"tags":[],"class_list":["post-1186","post","type-post","status-publish","format-standard","has-post-thumbnail","hentry","category-destacado","category-noti","category-porta"],"_links":{"self":[{"href":"https:\/\/elvitraldelaciencia.org\/revista\/wp-json\/wp\/v2\/posts\/1186","targetHints":{"allow":["GET"]}}],"collection":[{"href":"https:\/\/elvitraldelaciencia.org\/revista\/wp-json\/wp\/v2\/posts"}],"about":[{"href":"https:\/\/elvitraldelaciencia.org\/revista\/wp-json\/wp\/v2\/types\/post"}],"author":[{"embeddable":true,"href":"https:\/\/elvitraldelaciencia.org\/revista\/wp-json\/wp\/v2\/users\/2"}],"replies":[{"embeddable":true,"href":"https:\/\/elvitraldelaciencia.org\/revista\/wp-json\/wp\/v2\/comments?post=1186"}],"version-history":[{"count":0,"href":"https:\/\/elvitraldelaciencia.org\/revista\/wp-json\/wp\/v2\/posts\/1186\/revisions"}],"wp:featuredmedia":[{"embeddable":true,"href":"https:\/\/elvitraldelaciencia.org\/revista\/wp-json\/wp\/v2\/media\/1187"}],"wp:attachment":[{"href":"https:\/\/elvitraldelaciencia.org\/revista\/wp-json\/wp\/v2\/media?parent=1186"}],"wp:term":[{"taxonomy":"category","embeddable":true,"href":"https:\/\/elvitraldelaciencia.org\/revista\/wp-json\/wp\/v2\/categories?post=1186"},{"taxonomy":"post_tag","embeddable":true,"href":"https:\/\/elvitraldelaciencia.org\/revista\/wp-json\/wp\/v2\/tags?post=1186"}],"curies":[{"name":"wp","href":"https:\/\/api.w.org\/{rel}","templated":true}]}}