{"id":1338,"date":"2021-02-14T12:41:24","date_gmt":"2021-02-14T16:41:24","guid":{"rendered":"http:\/\/revista.vps.co.ve\/?p=1338"},"modified":"2021-02-14T12:41:24","modified_gmt":"2021-02-14T16:41:24","slug":"editorial-las-medidas-coercitivas-unilaterales-si-han-hecho-dano-al-pais","status":"publish","type":"post","link":"https:\/\/elvitraldelaciencia.org\/revista\/editorial-las-medidas-coercitivas-unilaterales-si-han-hecho-dano-al-pais\/","title":{"rendered":"EDITORIAL: LAS MEDIDAS COERCITIVAS UNILATERALES  SI HAN HECHO DA\u00d1O AL PA\u00cdS"},"content":{"rendered":"<p>El pasado\u00a0<strong>12 de febrero<\/strong>\u00a0se produjo una noticia que en minutos recorri\u00f3 los principales medios de comunicaci\u00f3n nacional e internaci\u00f3n y las redes sociales, creando gran controversia en la poblaci\u00f3n venezolana. Nos referimos al informe preliminar presentado por la relatora de la ONU,\u00a0<strong>Alena Douhan<\/strong>, sobre el impacto negativo de las medidas coercitivas unilaterales (MCU) dirigidas contra Venezuela, afectando el disfrute de los derechos humanos de la poblaci\u00f3n venezolana. Este informe fue desarrollado por la Sra. Douhan, al visitar al pa\u00eds (1 al 12 de febrero de 2021) con el prop\u00f3sito de evaluar el impacto de estas sanciones unilaterales.<\/p>\n<p>Las observaciones realizadas por la relatora especial son de car\u00e1cter preliminar, resultado de extensas consultas con una amplia gama de interlocutores. El informe completo se presentar\u00e1 al Consejo de Derechos Humanos de las Naciones Unidas en septiembre de 2021. Ante las consecuencias directas e indirectas de tal informe, y el rechazo inmediato de su contenido por un sector de la sociedad venezolana (quienes han sido los promotores de tales MCU), es necesario puntualizar algunos elementos que ampl\u00edan la mencionada noticia.<\/p>\n<p><span style=\"color: #800000;\"><strong>VER DETALLES EN NUESTRA EDITORIAL DE FEBRERO<\/strong><\/span><\/p>\n<p>&nbsp;<\/p>\n<p><img loading=\"lazy\" decoding=\"async\" class=\"aligncenter wp-image-1328 size-full\" src=\"https:\/\/elvitraldelaciencia.org\/revista\/\/\/wp-content\/uploads\/2021\/02\/RELATORA-ONU.jpg\" alt=\"\" width=\"768\" height=\"432\" srcset=\"https:\/\/elvitraldelaciencia.org\/revista\/wp-content\/uploads\/2021\/02\/RELATORA-ONU.jpg 768w, https:\/\/elvitraldelaciencia.org\/revista\/wp-content\/uploads\/2021\/02\/RELATORA-ONU-300x169.jpg 300w\" sizes=\"auto, (max-width: 768px) 100vw, 768px\" \/><\/p>\n","protected":false},"excerpt":{"rendered":"<p>El pasado\u00a012 de febrero\u00a0se produjo una noticia que en minutos recorri\u00f3 los principales medios de comunicaci\u00f3n nacional e internaci\u00f3n y las redes sociales, creando gran controversia en la poblaci\u00f3n venezolana.&hellip; <\/p>\n","protected":false},"author":2,"featured_media":1328,"comment_status":"closed","ping_status":"closed","sticky":false,"template":"","format":"standard","meta":{"footnotes":""},"categories":[11,18,9],"tags":[],"class_list":["post-1338","post","type-post","status-publish","format-standard","has-post-thumbnail","hentry","category-destacado","category-porta","category-ultima-hora"],"_links":{"self":[{"href":"https:\/\/elvitraldelaciencia.org\/revista\/wp-json\/wp\/v2\/posts\/1338","targetHints":{"allow":["GET"]}}],"collection":[{"href":"https:\/\/elvitraldelaciencia.org\/revista\/wp-json\/wp\/v2\/posts"}],"about":[{"href":"https:\/\/elvitraldelaciencia.org\/revista\/wp-json\/wp\/v2\/types\/post"}],"author":[{"embeddable":true,"href":"https:\/\/elvitraldelaciencia.org\/revista\/wp-json\/wp\/v2\/users\/2"}],"replies":[{"embeddable":true,"href":"https:\/\/elvitraldelaciencia.org\/revista\/wp-json\/wp\/v2\/comments?post=1338"}],"version-history":[{"count":0,"href":"https:\/\/elvitraldelaciencia.org\/revista\/wp-json\/wp\/v2\/posts\/1338\/revisions"}],"wp:featuredmedia":[{"embeddable":true,"href":"https:\/\/elvitraldelaciencia.org\/revista\/wp-json\/wp\/v2\/media\/1328"}],"wp:attachment":[{"href":"https:\/\/elvitraldelaciencia.org\/revista\/wp-json\/wp\/v2\/media?parent=1338"}],"wp:term":[{"taxonomy":"category","embeddable":true,"href":"https:\/\/elvitraldelaciencia.org\/revista\/wp-json\/wp\/v2\/categories?post=1338"},{"taxonomy":"post_tag","embeddable":true,"href":"https:\/\/elvitraldelaciencia.org\/revista\/wp-json\/wp\/v2\/tags?post=1338"}],"curies":[{"name":"wp","href":"https:\/\/api.w.org\/{rel}","templated":true}]}}