{"id":1516,"date":"2021-03-01T14:31:26","date_gmt":"2021-03-01T18:31:26","guid":{"rendered":"http:\/\/revista.vps.co.ve\/?p=1516"},"modified":"2021-03-01T14:37:46","modified_gmt":"2021-03-01T18:37:46","slug":"que-papel-juegan-los-linfocitos-t-en-la-hiperinflamacion-por-covid-19","status":"publish","type":"post","link":"https:\/\/elvitraldelaciencia.org\/revista\/que-papel-juegan-los-linfocitos-t-en-la-hiperinflamacion-por-covid-19\/","title":{"rendered":"\u00bfQU\u00c9 PAPEL JUEGAN LOS LINFOCITOS T EN LA HIPERINFLAMACI\u00d3N POR COVID-19?"},"content":{"rendered":"<p style=\"text-align: justify;\"><img loading=\"lazy\" decoding=\"async\" class=\"alignleft wp-image-1519\" src=\"https:\/\/elvitraldelaciencia.org\/revista\/\/\/wp-content\/uploads\/2021\/03\/paciente-covid19-300x129.png\" alt=\"\" width=\"521\" height=\"224\" srcset=\"https:\/\/elvitraldelaciencia.org\/revista\/wp-content\/uploads\/2021\/03\/paciente-covid19-300x129.png 300w, https:\/\/elvitraldelaciencia.org\/revista\/wp-content\/uploads\/2021\/03\/paciente-covid19-1024x439.png 1024w, https:\/\/elvitraldelaciencia.org\/revista\/wp-content\/uploads\/2021\/03\/paciente-covid19-768x329.png 768w, https:\/\/elvitraldelaciencia.org\/revista\/wp-content\/uploads\/2021\/03\/paciente-covid19.png 1320w\" sizes=\"auto, (max-width: 521px) 100vw, 521px\" \/>Una reciente publicaci\u00f3n en la prestigiosa revista <em>Science Immunology<\/em> (<span style=\"color: #800000;\"><em>Zhao, Y. et al. 2021. Clonal expansion and activation of tissue-resident memory-like Th17 cells expressing GM-CSF in the lungs of severe COVID-19 patients. <cite>Science Immunology. <\/cite>Vol. 6, Issue 56, eabf6692 DOI: 10.1126\/sciimmunol.abf6692<\/em> <\/span>), se describe una serie de resultados sobre el papel que est\u00e1 jugando una subpoblaci\u00f3n de linfocitos T, la denominada Th17 en la hiperinflamaci\u00f3n que ocurre en pacientes COVID-19.<\/p>\n<p style=\"text-align: justify;\">Resultados previos (<span style=\"color: #800000;\"><em>P<span class=\"cit-auth\"><span class=\"cit-name-given-names\">.<\/span>\u00a0<span class=\"cit-name-surname\">Horby<\/span><\/span>, et al.\u00a0 2020. <\/em><\/span><cite><span style=\"color: #800000;\"><em><abbr class=\"cit-jnl-abbrev\">N. Engl. J. Med.<\/abbr> <\/em><\/span><span class=\"cit-pub-id cit-pub-id-pmid\"><span style=\"color: #800000;\"><em><span class=\"cit-pub-id-scheme-pmid\">pmid:<\/span>32678530<\/em><\/span>) <\/span><\/cite>sugieren que una de las causas del s\u00edndrome de dificultad respiratoria aguda (SDRA) y, en \u00faltima instancia, la muerte de los pacientes con COVID-19 es la hiperactivaci\u00f3n del sistema inmunol\u00f3gico. Teniendo en cuenta que las c\u00e9lulas mieloides de sangre perif\u00e9rica parecen no ser capaces de producir grandes cantidades de citocinas proinflamatorias (<span style=\"color: #800000;\"><em><span class=\"cit-auth\"><span class=\"cit-name-given-names\">AJ\u00a0<\/span><span class=\"cit-name-surname\">Wilk et al. <\/span><\/span><cite>\u00a02020. <abbr class=\"cit-jnl-abbrev\">Nat.\u00a0Medicine. <\/abbr><span class=\"cit-vol\">26<\/span>,\u00a0<span class=\"cit-fpage\">1070<\/span>\u00a0&#8211;\u00a0<span class=\"cit-lpage\">1076<\/span>.\u00a0<span class=\"cit-pub-id cit-pub-id-doi\"><span class=\"cit-pub-id-scheme-doi\">doi:<\/span><\/span><span class=\"cit-pub-id cit-pub-id-doi\">\u00a010.1038 \/ s41591-020-0944-y\u00a0<\/span><span class=\"cit-pub-id cit-pub-id-pmid\"><span class=\"cit-pub-id-scheme-pmid\">pmid:<\/span><\/span><span class=\"cit-pub-id cit-pub-id-pmid\">\u00a032514174<\/span><\/cite>\u00a0<\/em><\/span>) y el n\u00famero de c\u00e9lulas T sangu\u00edneas se reduce en los pacientes con COVID-19 (<span style=\"color: #800000;\"><em><span class=\"cit-auth\"><span class=\"cit-name-given-names\">WJ\u00a0<\/span><span class=\"cit-name-surname\">Guan<\/span><\/span> et al. 2021. <cite><abbr class=\"cit-jnl-abbrev\">N. Engl.\u00a0J. Med.\u00a0<\/abbr><span class=\"cit-vol\">382<\/span>,\u00a0<span class=\"cit-fpage\">1708<\/span>\u00a0&#8211;\u00a0<span class=\"cit-lpage\">1720<\/span>.\u00a0<span class=\"cit-pub-id cit-pub-id-doi\"><span class=\"cit-pub-id-scheme-doi\">doi:<\/span><\/span><span class=\"cit-pub-id cit-pub-id-doi\">\u00a010.1056 \/ NEJMoa2002032\u00a0<\/span><span class=\"cit-pub-id cit-pub-id-pmid\"><span class=\"cit-pub-id-scheme-pmid\">pmid:<\/span><\/span><span class=\"cit-pub-id cit-pub-id-pmid\"> 32109013; <\/span><\/cite><span class=\"cit-auth\"><span class=\"cit-name-given-names\">C.\u00a0<\/span><span class=\"cit-name-surname\">Huang<\/span><\/span> et al.<cite><span class=\"cit-pub-id cit-pub-id-pmid\"> 2020. <abbr class=\"cit-jnl-abbrev\">Lancet\u00a0<\/abbr><span class=\"cit-vol\">395<\/span>, <span class=\"cit-fpage\">497<\/span>\u00a0&#8211;\u00a0<span class=\"cit-lpage\">506<\/span>.\u00a0<span class=\"cit-pub-id cit-pub-id-doi\"><span class=\"cit-pub-id-scheme-doi\">doi:<\/span><\/span><span class=\"cit-pub-id cit-pub-id-doi\"> 10.1016 \/ S0140-6736\u00a0 30183-5 <\/span><span class=\"cit-pub-id-scheme-pmid\">pmid:<\/span> 31986264<\/span><\/cite><\/em><\/span>), los pulmones pueden servir como reservorio de c\u00e9lulas. produciendo estas citocinas.\u00a0Sin embargo, se necesita una investigaci\u00f3n adicional sobre la fuente celular espec\u00edfica de pulm\u00f3n de las citocinas proinflamatorias t\u00edpicas de COVID-19 grave, incluidas IL-6, TNF-\u03b1, IL-1\u03b2 e IL-17A.\u00a0Utilizando m\u00e9todos de secuenciaci\u00f3n de ARN unicelular (scRNA-Seq), se ha demostrado que los macr\u00f3fagos proinflamatorios que expresan\u00a0<em>IL6<\/em>\u00a0,\u00a0<em>IL1B<\/em>\u00a0y\u00a0<em>TNF<\/em> y las c\u00e9lulas T CD8<sup>+ <\/sup>con una firma citot\u00f3xica residente en el tejido est\u00e1n presentes en el lavado broncoalveolar (BAL) y el tracto respiratorio superior de los pacientes con COVID-19 (<span style=\"color: #800000;\"><em><span class=\"cit-auth\"><span class=\"cit-name-given-names\">M.\u00a0<\/span><span class=\"cit-name-surname\">Liao<\/span><\/span> et al. 2020. <cite><abbr class=\"cit-jnl-abbrev\">Nat.\u00a0Medicine. <\/abbr><span class=\"cit-vol\">26<\/span>,\u00a0<span class=\"cit-fpage\">842<\/span>&#8211;<span class=\"cit-lpage\">844<\/span>.\u00a0<span class=\"cit-pub-id cit-pub-id-doi\"><span class=\"cit-pub-id-scheme-doi\">doi:<\/span><\/span><span class=\"cit-pub-id cit-pub-id-doi\">\u00a010.1038 \/ s41591-020-0901-9\u00a0<\/span><span class=\"cit-pub-id cit-pub-id-pmid\"><span class=\"cit-pub-id-scheme-pmid\">pmid:<\/span><\/span><span class=\"cit-pub-id cit-pub-id-pmid\"> 32398875; R<\/span><\/cite><span class=\"cit-auth\"><span class=\"cit-name-given-names\">L\u00a0<\/span><span class=\"cit-name-surname\">Chua, et al. 2020. <\/span><\/span><cite><span class=\"cit-pub-id cit-pub-id-pmid\"><abbr class=\"cit-jnl-abbrev\">Nat.\u00a0Biotechnol.\u00a0<\/abbr><span class=\"cit-vol\">38<\/span>,\u00a0<span class=\"cit-fpage\">970<\/span>\u00a0&#8211;\u00a0<span class=\"cit-lpage\">979<\/span>.\u00a0<span class=\"cit-pub-id cit-pub-id-doi\"><span class=\"cit-pub-id-scheme-doi\">doi:<\/span><\/span><span class=\"cit-pub-id cit-pub-id-doi\">\u00a010.1038 \/ s41587-020-0602-4\u00a0<\/span><span class=\"cit-pub-id-scheme-pmid\">pmid:<\/span>32591762<\/span><\/cite><\/em><\/span>).\u00a0Tambi\u00e9n se ha descrito recientemente la\u00a0acumulaci\u00f3n de linfocitos\u00a0T\u00a0CD4\u00a0<sup>+<\/sup> productores de IFN-\u03b3 en el BAL de pacientes con COVID-19 (<em><span style=\"color: #800000;\">RA, <span class=\"cit-auth\"><span class=\"cit-name-surname\">Beca\u00a0<\/span><\/span><span class=\"cit-auth\"><span class=\"cit-name-given-names\">RA<\/span><\/span>\u00a0 et al. 2021.<\/span><\/em><cite><em><span style=\"color: #800000;\">\u00a0<abbr class=\"cit-jnl-abbrev\">Nature<\/abbr>.\u00a0<span class=\"cit-pub-id cit-pub-id-doi\"><span class=\"cit-pub-id-scheme-doi\">doi:<\/span><\/span><span class=\"cit-pub-id cit-pub-id-doi\">\u00a010.1038 \/ s41586-020-03148-w\u00a0<\/span><span class=\"cit-pub-id cit-pub-id-pmid\"><span class=\"cit-pub-id-scheme-pmid\">pmid:<\/span><\/span><span class=\"cit-pub-id cit-pub-id-pmid\"> 33429418<\/span><\/span><\/em><span class=\"cit-pub-id-sep cit-pub-id-doi-sep\">)<\/span><\/cite>.\u00a0A\u00fan as\u00ed, el papel de las c\u00e9lulas\u00a0T\u00a0CD4\u00a0<sup>+<\/sup>\u00a0y de sus diferentes estados de polarizaci\u00f3n, especialmente en el sitio de la infecci\u00f3n, debe aclararse m\u00e1s.<\/p>\n<p style=\"text-align: justify;\">Las c\u00e9lulas T\u00a0CD4<sup>+<\/sup>\u00a0orquestan la respuesta inmune, por ejemplo, al impactar en la funci\u00f3n de los macr\u00f3fagos y la activaci\u00f3n de las c\u00e9lulas\u00a0T\u00a0CD8<sup>+<\/sup>\u00a0citot\u00f3xicas.\u00a0Para mediar estas diferentes funciones,\u00a0las c\u00e9lulas T\u00a0CD4<sup>+<\/sup> v\u00edrgenes se diferencian en c\u00e9lulas efectoras caracterizadas por diferentes estados de polarizaci\u00f3n como Th1 y Th17. Se ha demostrado que las c\u00e9lulas Th17 pueden infiltrarse en los pulmones y adquirir un fenotipo residente en el tejido durante la infecci\u00f3n bacteriana ( <a id=\"xref-ref-15-1\" class=\"xref-bibr\" href=\"https:\/\/immunology.sciencemag.org\/content\/6\/56\/eabf6692#ref-15\"><em>15<\/em><\/a>). Ante est\u00edmulos infecciosos, estas c\u00e9lulas de larga vida residentes en el tejido pueden volver a adquirir el perfil de citocinas original, por ejemplo IL-17A \/ F, o cambiar hacia la producci\u00f3n de IFN-\u03b3, la citocina caracter\u00edstica del estado de polarizaci\u00f3n Th1. Si bien estas Th17 residentes en tejidos de larga vida, denominadas aqu\u00ed c\u00e9lulas Trm17, generalmente ejercen una funci\u00f3n protectora (<span style=\"color: #800000;\"><em><span class=\"cit-auth\"><span class=\"cit-name-given-names\">MC\u00a0<\/span><span class=\"cit-name-surname\">Amezcua Vesely<\/span><\/span> et al. 2019.<cite> <abbr class=\"cit-jnl-abbrev\">Cells <\/abbr><span class=\"cit-vol\">178<\/span>\u00a0,\u00a0<span class=\"cit-fpage\">1176<\/span>\u00a0&#8211;\u00a0<span class=\"cit-lpage\">1188.e15<\/span>.\u00a0<span class=\"cit-pub-id cit-pub-id-doi\"><span class=\"cit-pub-id-scheme-doi\">doi:<\/span><\/span><span class=\"cit-pub-id cit-pub-id-doi\">10.1016 \/ j.cell.2019.07.032\u00a0<\/span><span class=\"cit-pub-id cit-pub-id-pmid\"><span class=\"cit-pub-id-scheme-pmid\">pmid:<\/span><\/span><span class=\"cit-pub-id cit-pub-id-pmid\"> 31442406<\/span><\/cite><\/em><\/span><span style=\"color: #800000;\"><em>)<\/em><\/span>, tambi\u00e9n se ha demostrado recientemente que estas c\u00e9lulas pueden contribuir a enfermedades inflamatorias mediadas por el sistema inmunitario (<span class=\"cit-auth\"><span class=\"cit-name-given-names\">CF\u00a0<\/span><span class=\"cit-name-surname\">Krebs<\/span><\/span> et al. 2020.<cite>\u00a0<abbr class=\"cit-jnl-abbrev\">Sci.\u00a0Immunol.\u00a0<\/abbr><span class=\"cit-vol\">5<\/span>\u00a0,\u00a0<span class=\"cit-elocation-id\">eaba4163<\/span>.\u00a0<span class=\"cit-pub-id cit-pub-id-doi\"><span class=\"cit-pub-id-scheme-doi\">doi:<\/span><\/span><span class=\"cit-pub-id cit-pub-id-doi\">\u00a010.1126 \/ sciimmunol.aba4163\u00a0<\/span><span class=\"cit-pub-id cit-pub-id-pmid\"><span class=\"cit-pub-id-scheme-pmid\">pmid:<\/span><\/span><span class=\"cit-pub-id cit-pub-id-pmid\">32769171<\/span><\/cite>).\u00a0Queda por estudiar si las c\u00e9lulas Trm17 est\u00e1n presentes en los pulmones de los pacientes con COVID-19 y c\u00f3mo interact\u00faan con otras c\u00e9lulas inmunes potencialmente pat\u00f3genas de estos pacientes.<\/p>\n<p style=\"text-align: justify;\">Para comprender los mecanismos subyacentes involucrados en la patolog\u00eda pulmonar, Zhao y su equipo\u00a0 investigaron el papel de la respuesta inmune espec\u00edfica del pulm\u00f3n. Perfilaron las c\u00e9lulas inmunes en el l\u00edquido de lavado broncoalveolar y la sangre recolectada de pacientes con COVID-19 con enfermedad grave y pacientes con neumon\u00eda bacteriana no asociada con infecci\u00f3n viral. Al rastrear los clones de c\u00e9lulas T a trav\u00e9s de los tejidos, identificaron las c\u00e9lulas Th17 similares a la memoria residentes en el tejido expandidas clonalmente (c\u00e9lulas Trm17) en los pulmones incluso despu\u00e9s de la eliminaci\u00f3n viral. Estas c\u00e9lulas Trm17 se caracterizaron por un perfil de expresi\u00f3n de citoquinas potencialmente pat\u00f3genas de\u00a0<em>IL17A<\/em>\u00a0y\u00a0<em>CSF2<\/em>(GM-CSF).\u00a0El an\u00e1lisis de interactoma sugiere que las c\u00e9lulas Trm17 pueden interactuar con macr\u00f3fagos pulmonares y c\u00e9lulas\u00a0T\u00a0CD8<sup>+<\/sup>\u00a0citot\u00f3xicas, que se han asociado con la gravedad de la enfermedad y el da\u00f1o pulmonar.\u00a0Los niveles elevados de prote\u00edna IL-17A y GM-CSF en el suero de pacientes con COVID-19 se asociaron con un curso cl\u00ednico m\u00e1s grave.\u00a0En conjunto, el estudio sugiere que las c\u00e9lulas pulmonares Trm17 son un orquestador potencial de la hiperinflamaci\u00f3n en el COVID-19 grave.<\/p>\n<p>&nbsp;<\/p>\n<p>&nbsp;<\/p>\n","protected":false},"excerpt":{"rendered":"<p>Una reciente publicaci\u00f3n en la prestigiosa revista Science Immunology (Zhao, Y. et al. 2021. Clonal expansion and activation of tissue-resident memory-like Th17 cells expressing GM-CSF in the lungs of severe&hellip; <\/p>\n","protected":false},"author":2,"featured_media":1517,"comment_status":"closed","ping_status":"closed","sticky":false,"template":"","format":"standard","meta":{"footnotes":""},"categories":[16,11],"tags":[],"class_list":["post-1516","post","type-post","status-publish","format-standard","has-post-thumbnail","hentry","category-avan","category-destacado"],"_links":{"self":[{"href":"https:\/\/elvitraldelaciencia.org\/revista\/wp-json\/wp\/v2\/posts\/1516","targetHints":{"allow":["GET"]}}],"collection":[{"href":"https:\/\/elvitraldelaciencia.org\/revista\/wp-json\/wp\/v2\/posts"}],"about":[{"href":"https:\/\/elvitraldelaciencia.org\/revista\/wp-json\/wp\/v2\/types\/post"}],"author":[{"embeddable":true,"href":"https:\/\/elvitraldelaciencia.org\/revista\/wp-json\/wp\/v2\/users\/2"}],"replies":[{"embeddable":true,"href":"https:\/\/elvitraldelaciencia.org\/revista\/wp-json\/wp\/v2\/comments?post=1516"}],"version-history":[{"count":0,"href":"https:\/\/elvitraldelaciencia.org\/revista\/wp-json\/wp\/v2\/posts\/1516\/revisions"}],"wp:featuredmedia":[{"embeddable":true,"href":"https:\/\/elvitraldelaciencia.org\/revista\/wp-json\/wp\/v2\/media\/1517"}],"wp:attachment":[{"href":"https:\/\/elvitraldelaciencia.org\/revista\/wp-json\/wp\/v2\/media?parent=1516"}],"wp:term":[{"taxonomy":"category","embeddable":true,"href":"https:\/\/elvitraldelaciencia.org\/revista\/wp-json\/wp\/v2\/categories?post=1516"},{"taxonomy":"post_tag","embeddable":true,"href":"https:\/\/elvitraldelaciencia.org\/revista\/wp-json\/wp\/v2\/tags?post=1516"}],"curies":[{"name":"wp","href":"https:\/\/api.w.org\/{rel}","templated":true}]}}