{"id":1524,"date":"2021-03-04T18:50:38","date_gmt":"2021-03-04T22:50:38","guid":{"rendered":"http:\/\/revista.vps.co.ve\/?p=1524"},"modified":"2021-03-04T18:59:52","modified_gmt":"2021-03-04T22:59:52","slug":"que-caracteristicas-tiene-la-variante-brasilena-del-coronavirus-que-llego-a-venezuela","status":"publish","type":"post","link":"https:\/\/elvitraldelaciencia.org\/revista\/que-caracteristicas-tiene-la-variante-brasilena-del-coronavirus-que-llego-a-venezuela\/","title":{"rendered":"\u00bfQU\u00c9 CARACTER\u00cdSTICAS TIENE LA VARIANTE BRASILE\u00d1A DEL CORONAVIRUS QUE LLEG\u00d3 A VENEZUELA?"},"content":{"rendered":"<figure id=\"attachment_1525\" aria-describedby=\"caption-attachment-1525\" style=\"width: 512px\" class=\"wp-caption alignleft\"><img loading=\"lazy\" decoding=\"async\" class=\"wp-image-1525\" src=\"https:\/\/elvitraldelaciencia.org\/revista\/\/\/wp-content\/uploads\/2021\/03\/VARIANTE-BRASILENA-300x197.jpg\" alt=\"\" width=\"512\" height=\"336\" srcset=\"https:\/\/elvitraldelaciencia.org\/revista\/wp-content\/uploads\/2021\/03\/VARIANTE-BRASILENA-300x197.jpg 300w, https:\/\/elvitraldelaciencia.org\/revista\/wp-content\/uploads\/2021\/03\/VARIANTE-BRASILENA-768x503.jpg 768w, https:\/\/elvitraldelaciencia.org\/revista\/wp-content\/uploads\/2021\/03\/VARIANTE-BRASILENA.jpg 800w\" sizes=\"auto, (max-width: 512px) 100vw, 512px\" \/><figcaption id=\"caption-attachment-1525\" class=\"wp-caption-text\">Las tumbas de personas fallecidas por COVID-19 rodean a un trabajador en un cementerio en Manaus, Brasil. Cr\u00e9dito: Michael Dantas \/ AFP \/ Getty<\/figcaption><\/figure>\n<h1 class=\"entry-title\"><span style=\"font-size: 18pt; color: #800000;\">La variante P.1 de COVID-19 de Brasil es entre 1.4 y 2.2 veces m\u00e1s contagiosa que la original<\/span><\/h1>\n<p style=\"text-align: justify;\">Una variante del coronavirus detectada en la ciudad brasile\u00f1a de Manaus podr\u00eda estar provocando reinfecciones y la segunda ola de COVID-19 de la ciudad.<\/p>\n<p style=\"text-align: justify;\">Durante la primera ola de la pandemia, Manaos experiment\u00f3 una de las tasas de infecci\u00f3n m\u00e1s altas del mundo: se estima que dos tercios de los residentes estaban infectados en octubre de 2020, lo que llev\u00f3 a algunos investigadores a predecir que la inmunidad de toda la poblaci\u00f3n podr\u00eda causar la desaparici\u00f3n de nuevas infecciones.\u00a0Pero en enero de 2021, los investigadores identificaron una nueva variante del coronavirus, llamada P.1, durante un per\u00edodo de aumento de las hospitalizaciones en la ciudad y vincularon la variante a algunos casos de reinfecci\u00f3n.<\/p>\n<p style=\"text-align: justify;\">Para caracterizar a\u00fan m\u00e1s la variante, Nuno Faria, del Imperial College de Londres, y sus colegas analizaron genomas virales recolectados de 184 muestras humanas en Manaus entre noviembre y diciembre (NR Faria\u00a0<i>et al<\/i>\u00a0. Preprint en\u00a0<a href=\"https:\/\/github.com\/CADDE-CENTRE\/Novel-SARS-CoV-2-P1-Lineage-in-Brazil\/blob\/main\/manuscript\/FINAL_P1_MANUSCRIPT_25-02-2021_combined.pdf\" data-track=\"click\" data-label=\"https:\/\/github.com\/CADDE-CENTRE\/Novel-SARS-CoV-2-P1-Lineage-in-Brazil\/blob\/main\/manuscript\/FINAL_P1_MANUSCRIPT_25-02-2021_combined.pdf\" data-track-category=\"body text link\">https:\/\/github.com\/CADDE-CENTRE \/Novel-SARS-CoV-2-P1-Lineage-in-Brazil\/blob\/main\/manuscript\/FINAL_P1_MANUSCRIPT_25-02-2021_combined.pdf<\/a>\u00a0; 2021).\u00a0La variante alberga 17 mutaciones que alteran las prote\u00ednas del SARS-CoV-2.\u00a0Entre las alteraciones se encuentran los cambios en la prote\u00edna de pico del SARS-CoV-2 que se han relacionado previamente con una mayor transmisi\u00f3n y evasi\u00f3n inmunol\u00f3gica.<\/p>\n<p style=\"text-align: justify;\">Al modelar la propagaci\u00f3n de P.1 y sus posibles efectos durante la segunda ola de Manaus, los investigadores estimaron que la variante era 1.4-2.2 veces m\u00e1s transmisible que otros linajes y que pudo evadir parte de la inmunidad conferida por infecciones previas.<\/p>\n<p style=\"text-align: justify;\">Venezuela, a trav\u00e9s de la ministra\u00a0 del Poder Popular para Ciencia y Tecnolog\u00eda,\u00a0<strong>Gabriela Jim\u00e9nez<\/strong>, inform\u00f3 este mi\u00e9rcoles\u00a0 03 de marzo que la variante brasile\u00f1a de COVID-19, la P.1 lleg\u00f3 al pa\u00eds.<\/p>\n<p style=\"text-align: justify;\">Detall\u00f3 que el esfuerzo de despistaje masivo permiti\u00f3 detectar los nuevos casos de esta cepa y actualmente las autoridades avanzan en el patr\u00f3n de contacto de los casos registrados hasta ahora.<\/p>\n<p style=\"text-align: justify;\">\u201cVen\u00edamos haciendo una serie de pesquisas en todos los estados fronterizos del pa\u00eds con la intenci\u00f3n de identificar si hab\u00eda alg\u00fan cambio en el comportamiento del virus que sigue circulando en Venezuela. Hasta la fecha no hab\u00edamos encontrado nada anormal. Hoy a las 3 de la ma\u00f1ana con el an\u00e1lisis de las \u00faltimas secuencias del virus encontramos la variante de Brasil Linaje P.1\u201d, detall\u00f3.<\/p>\n<p style=\"text-align: justify;\">En ese sentido, se\u00f1al\u00f3 que el Instituto FioCruz, de alto prestigio en Brasil, report\u00f3 mayor carga viral en la nueva variante del virus y \u201cnosotros estamos encontrando el mismo resultado en los pacientes en que se ha confirmado la expresi\u00f3n de la variante del virus\u201d.<\/p>\n<p style=\"text-align: justify;\">La ministra Jim\u00e9nez explic\u00f3 que el virus Sar-COV 2 le confiere a la variante de Brasil mayor afinidad de la prote\u00edna de interacci\u00f3n con el receptor de las c\u00e9lulas.<\/p>\n<p style=\"text-align: justify;\">\u201cCuando hay mayor interacci\u00f3n, esta afinidad favorece a que penetren m\u00e1s virus a las c\u00e9lulas y por lo tanto se repliquen y al replicarse el virus, mayor cantidad de part\u00edculas virales en nuestro organismo. Por ende, encontramos un proceso m\u00e1s agudo en los s\u00edntomas\u201d, indic\u00f3.<\/p>\n<p style=\"text-align: justify;\">Exhort\u00f3 a la poblaci\u00f3n venezolana a estar en calma y ante cualquier s\u00edntoma relacionado con la COVID-19 dirigirse hacia el hospital centinela m\u00e1s cercano a fin de ser atendido de forma inmediata.<\/p>\n","protected":false},"excerpt":{"rendered":"<p>La variante P.1 de COVID-19 de Brasil es entre 1.4 y 2.2 veces m\u00e1s contagiosa que la original Una variante del coronavirus detectada en la ciudad brasile\u00f1a de Manaus podr\u00eda&hellip; <\/p>\n","protected":false},"author":2,"featured_media":1527,"comment_status":"closed","ping_status":"closed","sticky":false,"template":"","format":"standard","meta":{"footnotes":""},"categories":[11,18,9],"tags":[],"class_list":["post-1524","post","type-post","status-publish","format-standard","has-post-thumbnail","hentry","category-destacado","category-porta","category-ultima-hora"],"_links":{"self":[{"href":"https:\/\/elvitraldelaciencia.org\/revista\/wp-json\/wp\/v2\/posts\/1524","targetHints":{"allow":["GET"]}}],"collection":[{"href":"https:\/\/elvitraldelaciencia.org\/revista\/wp-json\/wp\/v2\/posts"}],"about":[{"href":"https:\/\/elvitraldelaciencia.org\/revista\/wp-json\/wp\/v2\/types\/post"}],"author":[{"embeddable":true,"href":"https:\/\/elvitraldelaciencia.org\/revista\/wp-json\/wp\/v2\/users\/2"}],"replies":[{"embeddable":true,"href":"https:\/\/elvitraldelaciencia.org\/revista\/wp-json\/wp\/v2\/comments?post=1524"}],"version-history":[{"count":0,"href":"https:\/\/elvitraldelaciencia.org\/revista\/wp-json\/wp\/v2\/posts\/1524\/revisions"}],"wp:featuredmedia":[{"embeddable":true,"href":"https:\/\/elvitraldelaciencia.org\/revista\/wp-json\/wp\/v2\/media\/1527"}],"wp:attachment":[{"href":"https:\/\/elvitraldelaciencia.org\/revista\/wp-json\/wp\/v2\/media?parent=1524"}],"wp:term":[{"taxonomy":"category","embeddable":true,"href":"https:\/\/elvitraldelaciencia.org\/revista\/wp-json\/wp\/v2\/categories?post=1524"},{"taxonomy":"post_tag","embeddable":true,"href":"https:\/\/elvitraldelaciencia.org\/revista\/wp-json\/wp\/v2\/tags?post=1524"}],"curies":[{"name":"wp","href":"https:\/\/api.w.org\/{rel}","templated":true}]}}