{"id":1557,"date":"2021-03-08T09:44:34","date_gmt":"2021-03-08T13:44:34","guid":{"rendered":"http:\/\/revista.vps.co.ve\/?p=1557"},"modified":"2021-03-08T09:45:37","modified_gmt":"2021-03-08T13:45:37","slug":"buenas-noticias-la-inmunidad-contra-coronavirus-dura-hasta-9-meses-de-la-infeccion","status":"publish","type":"post","link":"https:\/\/elvitraldelaciencia.org\/revista\/buenas-noticias-la-inmunidad-contra-coronavirus-dura-hasta-9-meses-de-la-infeccion\/","title":{"rendered":"BUENAS NOTICIAS: LA INMUNIDAD CONTRA CORONAVIRUS PUEDE DURAR M\u00c1S DE 6 MESES DESPU\u00c9S DE LA INFECCI\u00d3N"},"content":{"rendered":"<figure id=\"attachment_1560\" aria-describedby=\"caption-attachment-1560\" style=\"width: 539px\" class=\"wp-caption alignleft\"><img loading=\"lazy\" decoding=\"async\" class=\" wp-image-1560\" src=\"https:\/\/elvitraldelaciencia.org\/revista\/\/\/wp-content\/uploads\/2021\/03\/coronavirus-y-celulas-300x169.jpg\" alt=\"\" width=\"539\" height=\"304\" srcset=\"https:\/\/elvitraldelaciencia.org\/revista\/wp-content\/uploads\/2021\/03\/coronavirus-y-celulas-300x169.jpg 300w, https:\/\/elvitraldelaciencia.org\/revista\/wp-content\/uploads\/2021\/03\/coronavirus-y-celulas-768x432.jpg 768w, https:\/\/elvitraldelaciencia.org\/revista\/wp-content\/uploads\/2021\/03\/coronavirus-y-celulas.jpg 788w\" sizes=\"auto, (max-width: 539px) 100vw, 539px\" \/><figcaption id=\"caption-attachment-1560\" class=\"wp-caption-text\">Outbreak of Chinese influenza &#8211; called a Coronavirus or 2019-nCoV, which has spread around the world. Danger of a pandemic, epidemic of humanity. Human cells, the virus infects cells. 3d illustration<\/figcaption><\/figure>\n<p style=\"text-align: justify;\">Desde el inicio de la enfermedad por coronavirus 2019 (COVID-19), causada por el nuevo s\u00edndrome respiratorio agudo severo coronavirus 2 (SARS-CoV-2), ha provocado una morbilidad y mortalidad generalizadas a nivel mundial. Se conoce que los seres humanos producen anticuerpos espec\u00edficos contra el SARS-CoV-2, c\u00e9lulas\u00a0T\u00a0CD4\u00a0<sup>+<\/sup>\u00a0y c\u00e9lulas\u00a0T\u00a0CD8\u00a0<sup>+<\/sup>\u00a0en respuesta a la infecci\u00f3n por SARS-CoV-2 (\u00a0<a id=\"xref-ref-1-1\" class=\"xref-bibr\" href=\"https:\/\/science.sciencemag.org\/content\/371\/6529\/eabf4063#ref-1\"><em>1<\/em><\/a>\u00a0&#8211;\u00a0<a id=\"xref-ref-4-1\" class=\"xref-bibr\" href=\"https:\/\/science.sciencemag.org\/content\/371\/6529\/eabf4063#ref-4\"><em>4<\/em><\/a>\u00a0).\u00a0Los estudios de pacientes con COVID-19 agudos y convalecientes han observado que las respuestas de las c\u00e9lulas T se asocian con una reducci\u00f3n de la enfermedad (\u00a0<a id=\"xref-ref-5-1\" class=\"xref-bibr\" href=\"https:\/\/science.sciencemag.org\/content\/371\/6529\/eabf4063#ref-5\"><em>5<\/em><\/a>&#8211;\u00a0<a id=\"xref-ref-7-1\" class=\"xref-bibr\" href=\"https:\/\/science.sciencemag.org\/content\/371\/6529\/eabf4063#ref-7\"><em>7<\/em><\/a>\u00a0), lo que sugiere que las c\u00e9lulas\u00a0T\u00a0CD4\u00a0<sup>+<\/sup>\u00a0y CD8\u00a0<sup>+<\/sup> espec\u00edficas del SARS-CoV-2 pueden ser importantes para el control y la resoluci\u00f3n de la infecci\u00f3n primaria por SARS-CoV-2. Adicionalmente, la inmunidad innata ineficaz se ha asociado fuertemente con una falta de control de la infecci\u00f3n primaria por SARS-CoV-2 y un alto riesgo de COVID-19 fatal (\u00a0<a id=\"xref-ref-8-1\" class=\"xref-bibr\" href=\"https:\/\/science.sciencemag.org\/content\/371\/6529\/eabf4063#ref-8\"><em>8<\/em><\/a>\u00a0&#8211;\u00a0<a id=\"xref-ref-12-1\" class=\"xref-bibr\" href=\"https:\/\/science.sciencemag.org\/content\/371\/6529\/eabf4063#ref-12\"><em>12<\/em><\/a>\u00a0), acompa\u00f1ado de inmunopatolog\u00eda celular innata (\u00a0<a id=\"xref-ref-13-1\" class=\"xref-bibr\" href=\"https:\/\/science.sciencemag.org\/content\/371\/6529\/eabf4063#ref-13\"><em>13<\/em><\/a>\u00a0&#8211;\u00a0<a id=\"xref-ref-18-1\" class=\"xref-bibr article-ref-popup hasTooltip\" href=\"https:\/\/science.sciencemag.org\/content\/371\/6529\/eabf4063#ref-18\" data-hasqtip=\"0\"><em>18<\/em><\/a>\u00a0).<\/p>\n<p style=\"text-align: justify;\">La memoria inmunitaria, ya sea por infecci\u00f3n primaria o por inmunizaci\u00f3n, es la fuente de inmunidad protectora de una infecci\u00f3n posterior (\u00a0<a id=\"xref-ref-35-1\" class=\"xref-bibr\" href=\"https:\/\/science.sciencemag.org\/content\/371\/6529\/eabf4063#ref-35\"><em>35<\/em><\/a>\u00a0&#8211;\u00a0<a id=\"xref-ref-37-1\" class=\"xref-bibr\" href=\"https:\/\/science.sciencemag.org\/content\/371\/6529\/eabf4063#ref-37\"><em>37<\/em><\/a>\u00a0).\u00a0Por lo tanto, el desarrollo de la vacuna COVID-19 se basa en la memoria inmunol\u00f3gica (\u00a0<a id=\"xref-ref-1-3\" class=\"xref-bibr\" href=\"https:\/\/science.sciencemag.org\/content\/371\/6529\/eabf4063#ref-1\"><em>1<\/em><\/a>\u00a0,\u00a0<a id=\"xref-ref-3-2\" class=\"xref-bibr\" href=\"https:\/\/science.sciencemag.org\/content\/371\/6529\/eabf4063#ref-3\"><em>3<\/em><\/a>\u00a0).\u00a0A pesar de un estudio intensivo, la cin\u00e9tica, la duraci\u00f3n y la evoluci\u00f3n de la memoria inmunitaria en los seres humanos a la infecci\u00f3n o la inmunizaci\u00f3n no son en general predecibles sobre la base de la fase efectora inicial, y las respuestas inmunitarias en momentos breves despu\u00e9s de la resoluci\u00f3n de la infecci\u00f3n no son muy predictivas de memoria a largo plazo (\u00a0<a id=\"xref-ref-38-1\" class=\"xref-bibr\" href=\"https:\/\/science.sciencemag.org\/content\/371\/6529\/eabf4063#ref-38\"><em>38<\/em><\/a>\u00a0&#8211;\u00a0<a id=\"xref-ref-40-1\" class=\"xref-bibr\" href=\"https:\/\/science.sciencemag.org\/content\/371\/6529\/eabf4063#ref-40\"><em>40<\/em><\/a>\u00a0).\u00a0Por lo tanto, generalmente se requiere evaluar las respuestas durante un intervalo de 6 meses o m\u00e1s para determinar la durabilidad de la memoria inmunitaria.<\/p>\n<p style=\"text-align: justify;\">En este orden de ideas, una comprensi\u00f3n profunda de la memoria inmunitaria frente al SARS-CoV-2 requiere la evaluaci\u00f3n de sus diversos componentes, incluidas las c\u00e9lulas B, las c\u00e9lulas T\u00a0CD8<sup>+ y<\/sup> las c\u00e9lulas T CD4<sup>+<\/sup>\u00a0, ya que estos diferentes tipos de c\u00e9lulas pueden tener una cin\u00e9tica de memoria inmunitaria relativamente independiente de cada una. otro.\u00a0Comprender las complejidades de la memoria inmune al SARS-CoV-2 es clave para obtener informaci\u00f3n sobre la probabilidad de durabilidad de la inmunidad protectora contra la reinfecci\u00f3n por el SARS-CoV-2 y la enfermedad secundaria COVID-19.<\/p>\n<p style=\"text-align: justify;\">En un estudio recientemente publicado en Science (<em><span style=\"color: #800000;\">Da, J. et al. Science,<\/span> 05 de febrero de 2021: Vol.\u00a0371, Edici\u00f3n 6529, eabf4063. DOI: 10.1126 \/ science.abf4063<\/em>) se evalu\u00f3 la memoria inmune de las tres ramas de la inmunidad adaptativa (linfocitos T\u00a0CD4\u00a0<sup>+<\/sup>\u00a0, CD8\u00a0<sup>+<\/sup>\u00a0e inmunidad humoral) en un estudio predominantemente transversal de 188 casos de COVID-19 recuperados, que se extendieron hasta 8 meses despu\u00e9s de la infecci\u00f3n.\u00a0Los hallazgos tienen implicaciones para la inmunidad contra COVID-19 secundario y, por lo tanto, el posible curso futuro de la pandemia.<\/p>\n<p style=\"text-align: justify;\">El estudio involucr\u00f3 254 muestras de 188 casos de COVID-19, incluidas 43 muestras de 6 a 8 meses despu\u00e9s de la infecci\u00f3n.\u00a0Cincuenta y un sujetos del estudio proporcionaron muestras de sangre longitudinales, lo que permiti\u00f3 an\u00e1lisis tanto transversales como longitudinales de la memoria inmunitaria espec\u00edfica del SARS-CoV-2.\u00a0Los anticuerpos contra el pico de SARS-CoV-2 y el dominio de uni\u00f3n al receptor (RBD) disminuyeron moderadamente durante 8 meses, comparable a varios otros informes.\u00a0Las c\u00e9lulas B de memoria contra el pico de SARS-CoV-2 en realidad aumentaron entre 1 y 8 meses despu\u00e9s de la infecci\u00f3n.\u00a0Las c\u00e9lulas\u00a0T\u00a0CD8\u00a0<sup>+ de<\/sup>\u00a0memoria y las c\u00e9lulas T CD4\u00a0<sup>+ de<\/sup>\u00a0memoria\u00a0disminuyeron con una vida media inicial de 3 a 5 meses.\u00a0Este es el estudio espec\u00edfico de ant\u00edgeno m\u00e1s grande hasta la fecha de los cuatro tipos principales de memoria inmunol\u00f3gica para cualquier infecci\u00f3n viral.<\/p>\n<figure id=\"attachment_1558\" aria-describedby=\"caption-attachment-1558\" style=\"width: 1024px\" class=\"wp-caption aligncenter\"><img loading=\"lazy\" decoding=\"async\" class=\"wp-image-1558 size-large\" src=\"https:\/\/elvitraldelaciencia.org\/revista\/\/\/wp-content\/uploads\/2021\/03\/RESULTADOS-MEMORIA-ANTI-SARS-COV-2-1024x802.jpg\" alt=\"\" width=\"1024\" height=\"802\" srcset=\"https:\/\/elvitraldelaciencia.org\/revista\/wp-content\/uploads\/2021\/03\/RESULTADOS-MEMORIA-ANTI-SARS-COV-2-1024x802.jpg 1024w, https:\/\/elvitraldelaciencia.org\/revista\/wp-content\/uploads\/2021\/03\/RESULTADOS-MEMORIA-ANTI-SARS-COV-2-300x235.jpg 300w, https:\/\/elvitraldelaciencia.org\/revista\/wp-content\/uploads\/2021\/03\/RESULTADOS-MEMORIA-ANTI-SARS-COV-2-768x601.jpg 768w, https:\/\/elvitraldelaciencia.org\/revista\/wp-content\/uploads\/2021\/03\/RESULTADOS-MEMORIA-ANTI-SARS-COV-2.jpg 1280w\" sizes=\"auto, (max-width: 1024px) 100vw, 1024px\" \/><figcaption id=\"caption-attachment-1558\" class=\"wp-caption-text\"><span style=\"color: #800000;\">La memoria inmunol\u00f3gica consta de anticuerpos, c\u00e9lulas B de memoria, c\u00e9lulas T CD8 + de memoria y c\u00e9lulas T CD4 + de memoria . Este estudio examin\u00f3 todos los tipos de memoria inmunitaria espec\u00edfica del virus contra el SARS-CoV-2 en sujetos con COVID-19. En la mayor\u00eda de los individuos se observ\u00f3 una s\u00f3lida memoria inmunitaria.<\/span><\/figcaption><\/figure>\n<p id=\"p-9\" style=\"text-align: justify;\">Entre las respuestas de anticuerpos, los t\u00edtulos de inmunoglobulina G (IgG) de pico, RBD IgG y de anticuerpos neutralizantes exhibieron una cin\u00e9tica similar.\u00a0El pico de IgA todav\u00eda estaba presente en la gran mayor\u00eda de los sujetos de 6 a 8 meses despu\u00e9s de la infecci\u00f3n.\u00a0Entre las respuestas de las c\u00e9lulas B de memoria, la IgG fue el isotipo dominante, con una poblaci\u00f3n menor de c\u00e9lulas B de memoria IgA.\u00a0Las c\u00e9lulas B de memoria IgM parec\u00edan tener una vida corta.\u00a0Se midi\u00f3 la memoria de\u00a0linfocitos\u00a0T\u00a0CD8\u00a0<sup>+<\/sup>\u00a0y linfocitos\u00a0T\u00a0CD4\u00a0<sup>+<\/sup>\u00a0para todas las prote\u00ednas del SARS-CoV-2.\u00a0Aunque ~ 70% de los individuos pose\u00edan\u00a0memoria de\u00a0linfocitos\u00a0T\u00a0CD8\u00a0<sup>+<\/sup>detectable\u00a01 mes despu\u00e9s de la infecci\u00f3n, esa proporci\u00f3n disminuy\u00f3 a ~ 50% entre 6 y 8 meses despu\u00e9s de la infecci\u00f3n.\u00a0Para CD4\u00a0<sup>+<\/sup>Memoria de linfocitos T, el 93% de los sujetos ten\u00edan memoria detectable del SARS-CoV-2 1 mes despu\u00e9s de la infecci\u00f3n, y la proporci\u00f3n de sujetos positivos para linfocitos\u00a0T\u00a0CD4\u00a0<sup>+<\/sup>\u00a0(92%) permaneci\u00f3 alta entre los 6 y 8 meses despu\u00e9s de la infecci\u00f3n.\u00a0Tambi\u00e9n se mantuvieron\u00a0las c\u00e9lulas T\u00a0CD4\u00a0<sup>+ de<\/sup>\u00a0memoria espec\u00edfica de picos de SARS-CoV-2\u00a0con la capacidad especializada para ayudar a las c\u00e9lulas B [c\u00e9lulas T auxiliares foliculares (T\u00a0<sub>FH<\/sub>\u00a0)].<\/p>\n<p id=\"p-10\" style=\"text-align: justify;\">Los diferentes tipos de memoria inmunitaria ten\u00edan cada uno una cin\u00e9tica distinta, lo que resultaba en interrelaciones complejas entre la abundancia de memoria inmunitaria de c\u00e9lulas T, c\u00e9lulas B y anticuerpos a lo largo del tiempo.\u00a0Adem\u00e1s, se observ\u00f3 una heterogeneidad sustancial en la memoria del SARS-CoV-2.<\/p>\n<h3>CONCLUSI\u00d3N<\/h3>\n<p id=\"p-11\" style=\"text-align: justify;\">Despu\u00e9s de COVID-19 se genera una memoria inmune sustancial, que involucra los cuatro tipos principales de memoria inmune.\u00a0Aproximadamente el 95% de los sujetos retuvieron la memoria inmunitaria ~ 6 meses despu\u00e9s de la infecci\u00f3n.\u00a0Los t\u00edtulos de anticuerpos circulantes no fueron predictivos de la memoria de las c\u00e9lulas T.\u00a0Por lo tanto, las pruebas serol\u00f3gicas simples para los anticuerpos del SARS-CoV-2 no reflejan la riqueza y la durabilidad de la memoria inmunol\u00f3gica al SARS-CoV-2.\u00a0Este trabajo ampl\u00eda nuestra comprensi\u00f3n de la memoria inmunol\u00f3gica en humanos.\u00a0Estos resultados tienen implicaciones para la inmunidad protectora contra el SARS-CoV-2 y el COVID-19 recurrente.<\/p>\n","protected":false},"excerpt":{"rendered":"<p>Desde el inicio de la enfermedad por coronavirus 2019 (COVID-19), causada por el nuevo s\u00edndrome respiratorio agudo severo coronavirus 2 (SARS-CoV-2), ha provocado una morbilidad y mortalidad generalizadas a nivel&hellip; <\/p>\n","protected":false},"author":2,"featured_media":1559,"comment_status":"closed","ping_status":"closed","sticky":false,"template":"","format":"standard","meta":{"footnotes":""},"categories":[13,11],"tags":[],"class_list":["post-1557","post","type-post","status-publish","format-standard","has-post-thumbnail","hentry","category-arti","category-destacado"],"_links":{"self":[{"href":"https:\/\/elvitraldelaciencia.org\/revista\/wp-json\/wp\/v2\/posts\/1557","targetHints":{"allow":["GET"]}}],"collection":[{"href":"https:\/\/elvitraldelaciencia.org\/revista\/wp-json\/wp\/v2\/posts"}],"about":[{"href":"https:\/\/elvitraldelaciencia.org\/revista\/wp-json\/wp\/v2\/types\/post"}],"author":[{"embeddable":true,"href":"https:\/\/elvitraldelaciencia.org\/revista\/wp-json\/wp\/v2\/users\/2"}],"replies":[{"embeddable":true,"href":"https:\/\/elvitraldelaciencia.org\/revista\/wp-json\/wp\/v2\/comments?post=1557"}],"version-history":[{"count":0,"href":"https:\/\/elvitraldelaciencia.org\/revista\/wp-json\/wp\/v2\/posts\/1557\/revisions"}],"wp:featuredmedia":[{"embeddable":true,"href":"https:\/\/elvitraldelaciencia.org\/revista\/wp-json\/wp\/v2\/media\/1559"}],"wp:attachment":[{"href":"https:\/\/elvitraldelaciencia.org\/revista\/wp-json\/wp\/v2\/media?parent=1557"}],"wp:term":[{"taxonomy":"category","embeddable":true,"href":"https:\/\/elvitraldelaciencia.org\/revista\/wp-json\/wp\/v2\/categories?post=1557"},{"taxonomy":"post_tag","embeddable":true,"href":"https:\/\/elvitraldelaciencia.org\/revista\/wp-json\/wp\/v2\/tags?post=1557"}],"curies":[{"name":"wp","href":"https:\/\/api.w.org\/{rel}","templated":true}]}}