{"id":1567,"date":"2021-03-11T15:46:30","date_gmt":"2021-03-11T19:46:30","guid":{"rendered":"https:\/\/elvitraldelaciencia.org\/revista\/\/?p=1567"},"modified":"2021-03-11T15:56:09","modified_gmt":"2021-03-11T19:56:09","slug":"la-humanidad-sufrira-a-corto-plazo-hambrunas-provocadas-por-el-hombre-advierte-el-secretario-de-la-oms","status":"publish","type":"post","link":"https:\/\/elvitraldelaciencia.org\/revista\/la-humanidad-sufrira-a-corto-plazo-hambrunas-provocadas-por-el-hombre-advierte-el-secretario-de-la-oms\/","title":{"rendered":"LA HUMANIDAD SUFRIR\u00c1 A CORTO PLAZO HAMBRUNAS PROVOCADAS POR EL HOMBRE,  ADVIERTE EL SECRETARIO DE LA OMS"},"content":{"rendered":"<blockquote><p><span style=\"color: #800000; font-size: 14pt;\"><img loading=\"lazy\" decoding=\"async\" class=\"alignleft wp-image-1569\" src=\"https:\/\/elvitraldelaciencia.org\/revista\/\/\/wp-content\/uploads\/2021\/03\/HAMBRUNA-2-300x169.jpg\" alt=\"\" width=\"456\" height=\"257\" srcset=\"https:\/\/elvitraldelaciencia.org\/revista\/wp-content\/uploads\/2021\/03\/HAMBRUNA-2-300x169.jpg 300w, https:\/\/elvitraldelaciencia.org\/revista\/wp-content\/uploads\/2021\/03\/HAMBRUNA-2-1024x575.jpg 1024w, https:\/\/elvitraldelaciencia.org\/revista\/wp-content\/uploads\/2021\/03\/HAMBRUNA-2-768x431.jpg 768w, https:\/\/elvitraldelaciencia.org\/revista\/wp-content\/uploads\/2021\/03\/HAMBRUNA-2.jpg 1200w\" sizes=\"auto, (max-width: 456px) 100vw, 456px\" \/><span style=\"font-family: verdana, geneva, sans-serif;\">Antonio Guterres\u00a0 advirti\u00f3 al Consejo de Seguridad de que el mundo se enfrenta a \u00abm\u00faltiples hambrunas provocadas por conflictos\u00bb.<\/span><\/span><\/p><\/blockquote>\n<p>En su\u00a0<a href=\"https:\/\/www.un.org\/sg\/en\/content\/sg\/statement\/2021-03-11\/secretary-generals-briefing-the-security-council-conflict-and-food-security-bilingual-delivered-please-scroll-down-for-all-english-and-all-french-versions\" target=\"_blank\" rel=\"noopener noreferrer\">informe<\/a>\u00a0durante una reuni\u00f3n virtual del Consejo de Seguridad de la ONU sobre seguridad alimentaria, el alto cargo indic\u00f3 que \u00abhay m\u00e1s de 30 millones de personas en m\u00e1s de tres docenas de pa\u00edses, a un paso de la declaraci\u00f3n de hambruna\u00bb.<\/p>\n<p>Guterres afirm\u00f3 que la hambruna ya\u00a0<strong>\u00abno tiene nada que ver con la falta de alimentos\u00bb<\/strong>\u00a0y ahora \u00abes en gran parte provocada por el hombre\u00bb. \u00abSe concentra en pa\u00edses afectados por conflictos prolongados a gran escala. [&#8230;] A fines de 2020, m\u00e1s de 88 millones de personas padec\u00edan hambre aguda debido a conflictos y a la inestabilidad, un aumento del 20 por ciento en un a\u00f1o\u00bb, destac\u00f3.<\/p>\n<p>\u201c<i>En algunos pa\u00edses, la hambruna ya est\u00e1 aqu\u00ed. Hay gente muriendo de hambre y sufriendo tasas cr\u00edticas de malnutrici\u00f3n. Partes de Yemen, de Sud\u00e1n del Sur y de Burkina Faso est\u00e1n en las garras de la hambruna o en condiciones parecidas<\/i>\u201d, destac\u00f3 el secretario general de la organizaci\u00f3n, Ant\u00f3nio Guterres, ante el Consejo de Seguridad.<\/p>\n<p>\u00abLas proyecciones para 2021 apuntan a una continuaci\u00f3n de esta aterradora tendencia. Debo advertir al Consejo que nos enfrentamos a\u00a0<strong>m\u00faltiples hambrunas provocadas por conflictos<\/strong>\u00a0en todo el mundo. Si no se toman medidas inmediatas, millones de personas llegar\u00e1n al borde del hambre extrema y la muerte\u00bb, asever\u00f3.<\/p>\n<p>Seg\u00fan el secretario general, se espera que la crisis alimentaria se intensifique y se extienda por las regiones del Sahel, el Cuerno de \u00c1frica, as\u00ed como en Sud\u00e1n del Sur, Yemen y Afganist\u00e1n.<\/p>\n<p class=\"story-content__font--secondary mb-25 title-xs line-h-md mt-20 secondary-font pr-20\">El jefe del Programa Mundial de Alimentos (PMA), David Beasley, ofreci\u00f3 a las potencias internacionales m\u00e1s detalles sobre las crisis m\u00e1s acuciantes, empezando por la Rep\u00fablica Democr\u00e1tica del Congo, que est\u00e1 en trayectoria de convertirse en \u201cla mayor emergencia de hambre\u201d en el mundo, con 19.6 millones de personas en situaci\u00f3n de inseguridad alimentaria.<\/p>\n<p class=\"story-content__font--secondary mb-25 title-xs line-h-md mt-20 secondary-font pr-20\">Mientras, Afganist\u00e1n tiene a 17 millones de personas en esas condiciones, Nigeria a 13 millones y Siria a m\u00e1s de 12 millones.<\/p>\n<p class=\"story-content__font--secondary mb-25 title-xs line-h-md mt-20 secondary-font pr-20\">La situaci\u00f3n es tambi\u00e9n cr\u00edtica en Yemen, donde Beasley asegur\u00f3 que unos 400,000 ni\u00f1os pueden morir este a\u00f1o si no hay una intervenci\u00f3n urgente.<\/p>\n<p class=\"story-content__font--secondary mb-25 title-xs line-h-md mt-20 secondary-font pr-20\">\u201c<i>Eso es aproximadamente un ni\u00f1o cada 75 segundos. \u00bfVamos de verdad a darles la espalda y mirar para otro lado?<\/i>\u201d, se pregunt\u00f3, pidiendo m\u00e1s fondos para apoyar las labores del PMA.<\/p>\n<p class=\"story-content__font--secondary mb-25 title-xs line-h-md mt-20 secondary-font pr-20\">\u201c<i>Necesitamos sus fondos para evitar que millones de personas mueran de hambre. Logramos evitar la hambruna en el 2020, podemos volver a hacerlo<\/i>\u201d, insisti\u00f3 el responsable de la agencia de la ONU, que el a\u00f1o pasado fue distinguida con el Nobel de la Paz.<\/p>\n<p>Para lidiar con la situaci\u00f3n, Guterres decidi\u00f3\u00a0<strong>establecer un grupo de trabajo de alto nivel<\/strong>, dirigido por el jefe de Asuntos Humanitarios de la ONU, Mark Lowcock, para llamar la atenci\u00f3n de forma coordinada sobre la prevenci\u00f3n de la hambruna y movilizar el apoyo en los pa\u00edses m\u00e1s afectados.<\/p>\n","protected":false},"excerpt":{"rendered":"<p>Antonio Guterres\u00a0 advirti\u00f3 al Consejo de Seguridad de que el mundo se enfrenta a \u00abm\u00faltiples hambrunas provocadas por conflictos\u00bb. En su\u00a0informe\u00a0durante una reuni\u00f3n virtual del Consejo de Seguridad de la&hellip; <\/p>\n","protected":false},"author":2,"featured_media":1572,"comment_status":"closed","ping_status":"closed","sticky":false,"template":"","format":"standard","meta":{"footnotes":""},"categories":[11,12,18],"tags":[],"class_list":["post-1567","post","type-post","status-publish","format-standard","has-post-thumbnail","hentry","category-destacado","category-noti","category-porta"],"_links":{"self":[{"href":"https:\/\/elvitraldelaciencia.org\/revista\/wp-json\/wp\/v2\/posts\/1567","targetHints":{"allow":["GET"]}}],"collection":[{"href":"https:\/\/elvitraldelaciencia.org\/revista\/wp-json\/wp\/v2\/posts"}],"about":[{"href":"https:\/\/elvitraldelaciencia.org\/revista\/wp-json\/wp\/v2\/types\/post"}],"author":[{"embeddable":true,"href":"https:\/\/elvitraldelaciencia.org\/revista\/wp-json\/wp\/v2\/users\/2"}],"replies":[{"embeddable":true,"href":"https:\/\/elvitraldelaciencia.org\/revista\/wp-json\/wp\/v2\/comments?post=1567"}],"version-history":[{"count":0,"href":"https:\/\/elvitraldelaciencia.org\/revista\/wp-json\/wp\/v2\/posts\/1567\/revisions"}],"wp:featuredmedia":[{"embeddable":true,"href":"https:\/\/elvitraldelaciencia.org\/revista\/wp-json\/wp\/v2\/media\/1572"}],"wp:attachment":[{"href":"https:\/\/elvitraldelaciencia.org\/revista\/wp-json\/wp\/v2\/media?parent=1567"}],"wp:term":[{"taxonomy":"category","embeddable":true,"href":"https:\/\/elvitraldelaciencia.org\/revista\/wp-json\/wp\/v2\/categories?post=1567"},{"taxonomy":"post_tag","embeddable":true,"href":"https:\/\/elvitraldelaciencia.org\/revista\/wp-json\/wp\/v2\/tags?post=1567"}],"curies":[{"name":"wp","href":"https:\/\/api.w.org\/{rel}","templated":true}]}}