{"id":186,"date":"2020-11-26T01:16:09","date_gmt":"2020-11-26T05:16:09","guid":{"rendered":"http:\/\/localhost\/revista\/?p=186"},"modified":"2021-01-29T20:21:24","modified_gmt":"2021-01-30T00:21:24","slug":"noticia-9-1","status":"publish","type":"post","link":"https:\/\/elvitraldelaciencia.org\/revista\/noticia-9-1\/","title":{"rendered":"LA BIOPOL\u00cdTICA Y LA PANDEMIA: UN ASUNTO DE VIDA O MUERTE"},"content":{"rendered":"<p><img loading=\"lazy\" decoding=\"async\" class=\"size-medium wp-image-450 alignleft\" src=\"https:\/\/elvitraldelaciencia.org\/revista\/\/wp-content\/uploads\/2020\/11\/GRUPO-DE-LIMA-300x169.png\" alt=\"\" width=\"300\" height=\"169\" srcset=\"https:\/\/elvitraldelaciencia.org\/revista\/wp-content\/uploads\/2020\/11\/GRUPO-DE-LIMA-300x169.png 300w, https:\/\/elvitraldelaciencia.org\/revista\/wp-content\/uploads\/2020\/11\/GRUPO-DE-LIMA.png 680w\" sizes=\"auto, (max-width: 300px) 100vw, 300px\" \/>En tiempos de pandemia, hemos sido testigos de c\u00f3mo se ha confirmado, de forma clara y contundente, las sospechas que ten\u00edamos que los gobiernos de algunos pa\u00edses representan mucho m\u00e1s los intereses econ\u00f3micos de poderosos grupos corporativos que los intereses de los pueblos que los eligieron. Estos gobiernos han tomado decisiones pol\u00edticas durante la pandemia, incluso, contrarias a las recomendaciones de sus asesores cient\u00edficos, colocando la econom\u00eda por encima de los intereses colectivos, el principal: la vida.<\/p>\n<p style=\"text-align: justify;\">Ya Michel Focault defini\u00f3 el t\u00e9rmino de la \u201cbiopol\u00edtica\u201d: es un concepto para describir las transformaciones de las formas de gobierno modernas, caracterizadas por el despliegue de todo un conjunto de tecnolog\u00edas, pr\u00e1cticas, estrategias y racionalidades pol\u00edticas que tienen como objetivo el gobierno de la vida. Es decir, que es una forma espec\u00edfica de gobierno que aspira a la gesti\u00f3n de los procesos biol\u00f3gicos de la poblaci\u00f3n.<\/p>\n<p style=\"text-align: justify;\">En efecto, para que la econom\u00eda capitalista funcione, no basta con instituir la propiedad privada y la divisi\u00f3n del trabajo; son necesarias todo un conjunto de tecnolog\u00edas para hacer efectiva esa divisi\u00f3n del trabajo, es necesaria la selecci\u00f3n y clasificaci\u00f3n de las aptitudes y capacidades de la poblaci\u00f3n, organizar esas formas de producci\u00f3n colectiva. No basta tampoco con que el trabajo dependa de las contingencias empresariales, obligando a una enorme masa de gente a desplazarse irremediablemente de un lugar a otro. Adem\u00e1s de eso, es necesario hacer que trabajen efectivamente, hay que supervisar las tareas a realizar, establecer mecanismos de rendici\u00f3n de cuentas, hacer rentable el tiempo de trabajo, etc.<\/p>\n<p style=\"text-align: justify;\">Foucault acusa el surgimiento de una tecnolog\u00eda individualizante del poder que, por medio del an\u00e1lisis de los individuos, sus comportamientos y sus cuerpos, aspira a producir cuerpos d\u00f3ciles y fragmentados. En funci\u00f3n de esto se inventan herramientas como la vigilancia, el control, el conteo del rendimiento o el constante examen de las capacidades.<\/p>\n<p style=\"text-align: justify;\">Con base a estos conceptos, queremos en este dossier exponer y detallar c\u00f3mo est\u00e1n enmarcadas las decisiones tomadas por los gobiernos ante la pandemia del coronavirus que, de acuerdo a su visi\u00f3n, han colocado en diferente jerarqu\u00eda la vida de los ciudadanos, repercutiendo sobre la expansi\u00f3n mortal de la infecci\u00f3n viral.<\/p>\n<p style=\"text-align: justify;\">Venezuela ha sido invisibilizada nuevamente por la medi\u00e1tica mundial ante los logros obtenidos durante esta pandemia. Su cuadro epidemiol\u00f3gico es similar en muy pocos pa\u00edses del planeta, es decir, bajo n\u00famero de casos y de fallecimientos, logrado porque la pol\u00edtica est\u00e1 basada en la \u00fanica prioridad, es decir, la gente, la cual est\u00e1 por encima de cualquier otro inter\u00e9s.<\/p>\n<p><a href=\"https:\/\/elvitraldelaciencia.org\/revista\/\/\/wp-content\/uploads\/2020\/11\/BIOPOLITICA-1.pdf\">BIOPOLITICA 1<\/a>\u00a0 \u00a0 \u00a0 \u00a0 \u00a0 \u00a0 \u00a0 <a href=\"https:\/\/elvitraldelaciencia.org\/revista\/\/\/wp-content\/uploads\/2020\/11\/BIOPOLITICA-2.pdf\">BIOPOLITICA 2<\/a>\u00a0 \u00a0 \u00a0 \u00a0 \u00a0 \u00a0 \u00a0 <a href=\"https:\/\/elvitraldelaciencia.org\/revista\/\/\/wp-content\/uploads\/2020\/11\/BIOPOLITICA-3.pdf\">BIOPOLITICA 3<\/a><\/p>\n","protected":false},"excerpt":{"rendered":"<p>En tiempos de pandemia, hemos sido testigos de c\u00f3mo se ha confirmado, de forma clara y contundente, las sospechas que ten\u00edamos que los gobiernos de algunos pa\u00edses representan mucho m\u00e1s&hellip; <\/p>\n","protected":false},"author":1,"featured_media":451,"comment_status":"closed","ping_status":"closed","sticky":false,"template":"","format":"standard","meta":{"footnotes":""},"categories":[15],"tags":[],"class_list":["post-186","post","type-post","status-publish","format-standard","has-post-thumbnail","hentry","category-rev"],"_links":{"self":[{"href":"https:\/\/elvitraldelaciencia.org\/revista\/wp-json\/wp\/v2\/posts\/186","targetHints":{"allow":["GET"]}}],"collection":[{"href":"https:\/\/elvitraldelaciencia.org\/revista\/wp-json\/wp\/v2\/posts"}],"about":[{"href":"https:\/\/elvitraldelaciencia.org\/revista\/wp-json\/wp\/v2\/types\/post"}],"author":[{"embeddable":true,"href":"https:\/\/elvitraldelaciencia.org\/revista\/wp-json\/wp\/v2\/users\/1"}],"replies":[{"embeddable":true,"href":"https:\/\/elvitraldelaciencia.org\/revista\/wp-json\/wp\/v2\/comments?post=186"}],"version-history":[{"count":0,"href":"https:\/\/elvitraldelaciencia.org\/revista\/wp-json\/wp\/v2\/posts\/186\/revisions"}],"wp:featuredmedia":[{"embeddable":true,"href":"https:\/\/elvitraldelaciencia.org\/revista\/wp-json\/wp\/v2\/media\/451"}],"wp:attachment":[{"href":"https:\/\/elvitraldelaciencia.org\/revista\/wp-json\/wp\/v2\/media?parent=186"}],"wp:term":[{"taxonomy":"category","embeddable":true,"href":"https:\/\/elvitraldelaciencia.org\/revista\/wp-json\/wp\/v2\/categories?post=186"},{"taxonomy":"post_tag","embeddable":true,"href":"https:\/\/elvitraldelaciencia.org\/revista\/wp-json\/wp\/v2\/tags?post=186"}],"curies":[{"name":"wp","href":"https:\/\/api.w.org\/{rel}","templated":true}]}}