{"id":1900,"date":"2021-04-18T21:00:03","date_gmt":"2021-04-19T01:00:03","guid":{"rendered":"http:\/\/revista.vps.co.ve\/?p=1900"},"modified":"2021-04-19T22:06:41","modified_gmt":"2021-04-20T02:06:41","slug":"el-vitral-de-la-ciencia-vol-1-n-3-2021","status":"publish","type":"post","link":"https:\/\/elvitraldelaciencia.org\/revista\/el-vitral-de-la-ciencia-vol-1-n-3-2021\/","title":{"rendered":"El Vitral de la Ciencia. Vol. 1 N\u00b0 3 (2021)"},"content":{"rendered":"<p><strong><span style=\"color: #3366ff;\"><img loading=\"lazy\" decoding=\"async\" class=\"size-medium wp-image-1898 alignleft\" src=\"http:\/\/revista.vps.co.ve\/wp-content\/uploads\/2021\/03\/PORTADA-1-212x300.png\" alt=\"\" width=\"212\" height=\"300\" srcset=\"https:\/\/elvitraldelaciencia.org\/revista\/wp-content\/uploads\/2021\/03\/PORTADA-1-212x300.png 212w, https:\/\/elvitraldelaciencia.org\/revista\/wp-content\/uploads\/2021\/03\/PORTADA-1.png 623w\" sizes=\"auto, (max-width: 212px) 100vw, 212px\" \/><\/span><\/strong><\/p>\n<p>&nbsp;<\/p>\n<p>&nbsp;<\/p>\n<p><strong><span style=\"color: #3366ff;\">Volumen 1. (N\u00b0 3). A\u00f1o 2021<\/span><\/strong><\/p>\n<p>&nbsp;<\/p>\n<p><span style=\"color: #3366ff;\"><a style=\"color: #3366ff;\" href=\"https:\/\/drive.google.com\/file\/d\/16VyIe3xuNNC-CcjCrucJ9LSZM1JY_ww9\/view?usp=sharing\">PDF<\/a><\/span><\/p>\n<p>&nbsp;<\/p>\n<p>&nbsp;<\/p>\n<p>&nbsp;<\/p>\n<p>&nbsp;<\/p>\n<p>&nbsp;<\/p>\n<p style=\"text-align: justify;\"><span style=\"color: #800000; font-size: 14pt;\"><strong><img loading=\"lazy\" decoding=\"async\" class=\" wp-image-1880 alignleft\" src=\"http:\/\/revista.vps.co.ve\/wp-content\/uploads\/2021\/03\/plantacion-300x200.png\" alt=\"\" width=\"291\" height=\"194\" srcset=\"https:\/\/elvitraldelaciencia.org\/revista\/wp-content\/uploads\/2021\/03\/plantacion-300x200.png 300w, https:\/\/elvitraldelaciencia.org\/revista\/wp-content\/uploads\/2021\/03\/plantacion-768x512.png 768w, https:\/\/elvitraldelaciencia.org\/revista\/wp-content\/uploads\/2021\/03\/plantacion.png 1000w\" sizes=\"auto, (max-width: 291px) 100vw, 291px\" \/>LA PANDEMIA DE LA COVID-19 Y LA SEGURIDAD ALIMENTARIA MUNDIAL<\/strong><\/span><br \/>\n<span style=\"color: #3366ff;\"><strong>PREPARARNOS PARA LO PEOR&#8230;<\/strong><\/span><br \/>\n<strong>Por Dr. Miguel Alfonzo, Ph.D<\/strong><\/p>\n<p style=\"text-align: justify;\">Las comunidades pobres de todo el mundo est\u00e1n enviando un mensaje claro, urgente y repetido: \u201cEl hambre puede matarnos antes que el coronavirus\u201d. Combinada con los conflictos en curso, la desigualdad en espiral y una crisis clim\u00e1tica en aumento, la pandemia ha sacudido un sistema alimentario ya quebrado hasta sus cimientos, dejando a millones al borde de la inanici\u00f3n.<\/p>\n<p><a href=\"http:\/\/revista.vps.co.ve\/wp-content\/uploads\/2021\/04\/art-Miguel-1..pdf\">Ver Art\u00edculo completo.<\/a><\/p>\n<p>&nbsp;<\/p>\n<p>&nbsp;<\/p>\n<p><strong><span style=\"font-size: 14pt; color: #800000;\"><img loading=\"lazy\" decoding=\"async\" class=\" wp-image-1883 alignleft\" src=\"http:\/\/revista.vps.co.ve\/wp-content\/uploads\/2021\/03\/HAMBRUNA-4-300x157.jpg\" alt=\"\" width=\"378\" height=\"198\" srcset=\"https:\/\/elvitraldelaciencia.org\/revista\/wp-content\/uploads\/2021\/03\/HAMBRUNA-4-300x157.jpg 300w, https:\/\/elvitraldelaciencia.org\/revista\/wp-content\/uploads\/2021\/03\/HAMBRUNA-4-1024x536.jpg 1024w, https:\/\/elvitraldelaciencia.org\/revista\/wp-content\/uploads\/2021\/03\/HAMBRUNA-4-768x402.jpg 768w, https:\/\/elvitraldelaciencia.org\/revista\/wp-content\/uploads\/2021\/03\/HAMBRUNA-4.jpg 1200w\" sizes=\"auto, (max-width: 378px) 100vw, 378px\" \/>LA SOSTENIBILIDAD ALIMENTARIA..<\/span>.<\/strong><br \/>\n<span style=\"color: #3366ff;\"><strong>\u00bfUNA UTOP\u00cdA O UNA META ALCANZABLE?<\/strong><\/span><br \/>\n<strong>Por Dr. Miguel Alfonzo, Ph.D<\/strong><\/p>\n<p style=\"text-align: justify;\">El problema alimentario. es un tema complejo y multidimensional, pero a grandes rasgos: un gran n\u00famero de personas pasa hambre; persisten grandes desequilibrios nutricionales entre las naciones y regiones de ingresos altos y bajos; y el sistema alimentario, desde la producci\u00f3n hasta el suministro y el consumo, est\u00e1 fallando a la sociedad y da\u00f1ando el planeta.<\/p>\n<p style=\"text-align: justify;\">La pandemia de COVID-19 ha puesto de relieve los problemas y los ha exacerbado. Los obst\u00e1culos pol\u00edticos, econ\u00f3micos y culturales son prol\u00edficos en el camino hacia el logro de una dieta global sostenible. Incluso si se pudiera acordar un men\u00fa global adecuado, cambiar los comportamientos alimentarios a gran escala es un desaf\u00edo formidable y poco estudiado.<\/p>\n<p><a href=\"http:\/\/revista.vps.co.ve\/wp-content\/uploads\/2021\/04\/art-Miguel-2..pdf\">Ver Art\u00edculo completo<\/a><\/p>\n<p>&nbsp;<\/p>\n<p><span style=\"color: #800000; font-size: 14pt;\"><strong><img loading=\"lazy\" decoding=\"async\" class=\" wp-image-1884 alignleft\" src=\"http:\/\/revista.vps.co.ve\/wp-content\/uploads\/2021\/03\/cambio-climatico-300x210.png\" alt=\"\" width=\"376\" height=\"263\" srcset=\"https:\/\/elvitraldelaciencia.org\/revista\/wp-content\/uploads\/2021\/03\/cambio-climatico-300x210.png 300w, https:\/\/elvitraldelaciencia.org\/revista\/wp-content\/uploads\/2021\/03\/cambio-climatico.png 587w\" sizes=\"auto, (max-width: 376px) 100vw, 376px\" \/>CAMBIO CLIM\u00c1TICO: <\/strong><\/span><br \/>\n<span style=\"color: #3366ff;\"><strong>Su Efecto sobre la Pandemia<\/strong><\/span><br \/>\n<strong>Por Dra. Alicia C\u00e1ceres, Ph.D<\/strong><\/p>\n<p style=\"text-align: justify;\">Cuando se habla de cambio clim\u00e1tico (CC) existen numerosos aspectos sociales, ecol\u00f3gicos y pol\u00edticos que deben considerarse de una manera separada, aunque convergen en un solo efecto, sin embargo la incidencia y repercusi\u00f3n del CC sobre cada uno de ellos puede variar.<br \/>\nEn este art\u00edculo vamos a tratar de realizar una revisi\u00f3n sobre el efecto del CC sobre la aparici\u00f3n de enfermedades emergentes y sus fatales consecuencias pero antes de todo debemos primero realizar algunas consideraciones sobre el CC y acuerdos internacionales que nos permitir\u00e1n tener una visi\u00f3n m\u00e1s amplia de sus consecuencias pol\u00edticas y sociales.<\/p>\n<p><a href=\"http:\/\/revista.vps.co.ve\/wp-content\/uploads\/2021\/04\/art-alicia..pdf\">Ver Art\u00edculo completo.<\/a><\/p>\n<p>&nbsp;<\/p>\n<p style=\"text-align: justify;\"><span style=\"color: #800000; font-size: 14pt;\"><strong><img loading=\"lazy\" decoding=\"async\" class=\" wp-image-1886 alignleft\" src=\"http:\/\/revista.vps.co.ve\/wp-content\/uploads\/2021\/03\/mal-nutricion-300x109.png\" alt=\"\" width=\"468\" height=\"170\" srcset=\"https:\/\/elvitraldelaciencia.org\/revista\/wp-content\/uploads\/2021\/03\/mal-nutricion-300x109.png 300w, https:\/\/elvitraldelaciencia.org\/revista\/wp-content\/uploads\/2021\/03\/mal-nutricion-1024x372.png 1024w, https:\/\/elvitraldelaciencia.org\/revista\/wp-content\/uploads\/2021\/03\/mal-nutricion-768x279.png 768w, https:\/\/elvitraldelaciencia.org\/revista\/wp-content\/uploads\/2021\/03\/mal-nutricion.png 1177w\" sizes=\"auto, (max-width: 468px) 100vw, 468px\" \/>ENTRE PANDEMIA Y MALNUTRICI\u00d3N:<\/strong><\/span><br \/>\n<span style=\"color: #3366ff;\"><strong>EL COLAPSO DE LOS SISTEMAS ALIMENTARIOS<\/strong><\/span><br \/>\n<span style=\"color: #000000;\"><strong>Por Lic. Eder Pe\u00f1a<\/strong><\/span><\/p>\n<p style=\"text-align: justify;\">Ha sacudido al planeta entero y puesto a la civilizaci\u00f3n entera a hablar sobre la \u201cnormalidad\u201d, \u201colas\u201d y \u201cpicos\u201d generando fallecimientos y recesi\u00f3n econ\u00f3mica, tal parece que la pandemia global determinada por la Organizaci\u00f3n Mundial de la Salud (OMS) en marzo de 2020 es la culpable de muchos males. Sin embargo, se sabe que ha venido a develar y acelerar aspectos cr\u00edticos de nuestro sistema agro-urbano-industrial. Uno de sus impactos m\u00e1s importantes ha sido sobre los sistemas alimentarios en sus distintas fases o eslabones.<\/p>\n<p style=\"text-align: justify;\"><a href=\"http:\/\/revista.vps.co.ve\/wp-content\/uploads\/2021\/03\/art-eder..pdf\">Ver art\u00edculo completo<\/a><\/p>\n<p>&nbsp;<\/p>\n<p style=\"text-align: justify;\"><span style=\"font-size: 14pt; color: #800000;\"><strong><img loading=\"lazy\" decoding=\"async\" class=\" wp-image-1887 alignleft\" src=\"http:\/\/revista.vps.co.ve\/wp-content\/uploads\/2021\/03\/STREET-ART-01-300x298.jpg\" alt=\"\" width=\"432\" height=\"430\" srcset=\"https:\/\/elvitraldelaciencia.org\/revista\/wp-content\/uploads\/2021\/03\/STREET-ART-01-300x298.jpg 300w, https:\/\/elvitraldelaciencia.org\/revista\/wp-content\/uploads\/2021\/03\/STREET-ART-01-1024x1016.jpg 1024w, https:\/\/elvitraldelaciencia.org\/revista\/wp-content\/uploads\/2021\/03\/STREET-ART-01-150x150.jpg 150w, https:\/\/elvitraldelaciencia.org\/revista\/wp-content\/uploads\/2021\/03\/STREET-ART-01-768x762.jpg 768w, https:\/\/elvitraldelaciencia.org\/revista\/wp-content\/uploads\/2021\/03\/STREET-ART-01-65x65.jpg 65w, https:\/\/elvitraldelaciencia.org\/revista\/wp-content\/uploads\/2021\/03\/STREET-ART-01.jpg 1080w\" sizes=\"auto, (max-width: 432px) 100vw, 432px\" \/>LA PANDEMIA DEL HAMBRE:<\/strong><\/span><br \/>\n<span style=\"color: #3366ff;\"><strong>\u00bfPREPARADOS PARA ESTA NUEVA REALIDAD?<\/strong><\/span><br \/>\n<strong>Por M.Sc Eneida L\u00f3pez<\/strong><\/p>\n<p style=\"text-align: justify;\">Seg\u00fan la Organizaci\u00f3n de las Naciones Unidas para la Alimentaci\u00f3n y la Agricultura (FAO), millones de personas pueden caer en la pobreza extrema y el hambre, en el a\u00f1o 2020 en Am\u00e9rica Latina y el Caribe. Por otra parte el Programa Mundial de Alimentos de la ONU dice que ya hay 135 millones de personas que enfrentan inseguridad alimentaria cr\u00f3nica y que \u201cpodr\u00edan estar al borde de la inanici\u00f3n para fines de 2020\u201d y crear una \u201cpandemia de hambre\u201d y posiblemente una hambruna. Esta alarma fue encendida a medida que avanzaba la pandemia COVID-19 en el mundo, puesto que la gente se estaba viendo obligada a permanecer en casa y paralizar la econom\u00eda. El movimiento normal de los alimentos que van desde los centros de producci\u00f3n a los mercados y de estos a los hogares se ve\u00eda interrumpido y las personas de menores ingresos se tornaron m\u00e1s vulnerables corriendo el riesgo de pasar hambre. Las estimaciones de la crisis econ\u00f3mica y la interrupci\u00f3n del suministro de alimentos podr\u00edan empujar a 500 millones de personas m\u00e1s a la pobreza, seg\u00fan estimaciones de Oxfam, una organizaci\u00f3n ben\u00e9fica Internacional con sede en Estados Unidos (https:\/\/www.oxfamamerica.org\/).<\/p>\n<p style=\"text-align: justify;\"><a href=\"http:\/\/revista.vps.co.ve\/wp-content\/uploads\/2021\/04\/art-eneida..pdf\">Ver Art\u00edculo completo<\/a><\/p>\n<p style=\"text-align: justify;\"><span style=\"font-size: 14pt; color: #800000;\"><strong><img loading=\"lazy\" decoding=\"async\" class=\" wp-image-1892 alignleft\" src=\"http:\/\/revista.vps.co.ve\/wp-content\/uploads\/2021\/03\/The_Rape_of_Proserpina_Rome-186x300.jpg\" alt=\"\" width=\"233\" height=\"376\" srcset=\"https:\/\/elvitraldelaciencia.org\/revista\/wp-content\/uploads\/2021\/03\/The_Rape_of_Proserpina_Rome-186x300.jpg 186w, https:\/\/elvitraldelaciencia.org\/revista\/wp-content\/uploads\/2021\/03\/The_Rape_of_Proserpina_Rome-635x1024.jpg 635w, https:\/\/elvitraldelaciencia.org\/revista\/wp-content\/uploads\/2021\/03\/The_Rape_of_Proserpina_Rome-768x1239.jpg 768w, https:\/\/elvitraldelaciencia.org\/revista\/wp-content\/uploads\/2021\/03\/The_Rape_of_Proserpina_Rome-952x1536.jpg 952w, https:\/\/elvitraldelaciencia.org\/revista\/wp-content\/uploads\/2021\/03\/The_Rape_of_Proserpina_Rome.jpg 1200w\" sizes=\"auto, (max-width: 233px) 100vw, 233px\" \/>La Semilla Adorada<\/strong><\/span><br \/>\n<span style=\"color: #3366ff;\"><strong>Un toque de magia mitol\u00f3gica<\/strong><\/span><\/p>\n<p style=\"text-align: justify;\"><strong>Por Dr. Carlos Aponte, Ph.D<\/strong><\/p>\n<p style=\"text-align: justify;\">En la mitolog\u00eda griega (1, 2), particularmente en aquel hermos\u00edsimo Himno a Dem\u00e9ter (himnos hom\u00e9ricos del siglo VII a. C. estructurados en hex\u00e1metros dact\u00edlicos, dedicados a los dioses y donde parece dilucidarse el origen de los Misterios Eleusinos), el poeta narra que Pers\u00e9fone, juvenil y hermosa, se encontraba danzante y glamurosa entre las Oc\u00e9anides (ninfas de agua dulce de los lagos, estanques, estanques, manantiales y nubes de lluvia) y las flores de azafr\u00e1n, violetas, rosas y gladiolos y jacintos, y narcisos delicados. Sin embargo, la tierra, bajo sus pies, comenzar\u00e1 a sacudirse y agrietarse&#8230;<\/p>\n<p>&nbsp;<\/p>\n<p><span style=\"color: #3366ff;\"><a href=\"http:\/\/revista.vps.co.ve\/wp-content\/uploads\/2021\/04\/art-carlos..pdf\">Ver Art\u00edculo completo<\/a><\/span><\/p>\n<p>&nbsp;<\/p>\n<p>&nbsp;<\/p>\n<p style=\"text-align: justify;\"><span style=\"font-size: 14pt; color: #800000;\"><strong><img loading=\"lazy\" decoding=\"async\" class=\"wp-image-1895 alignleft\" src=\"http:\/\/revista.vps.co.ve\/wp-content\/uploads\/2021\/03\/corrupcion-universidad-227x300.jpg\" alt=\"\" width=\"270\" height=\"357\" srcset=\"https:\/\/elvitraldelaciencia.org\/revista\/wp-content\/uploads\/2021\/03\/corrupcion-universidad-227x300.jpg 227w, https:\/\/elvitraldelaciencia.org\/revista\/wp-content\/uploads\/2021\/03\/corrupcion-universidad.jpg 485w\" sizes=\"auto, (max-width: 270px) 100vw, 270px\" \/>LA UNIVERSIDAD VENEZOLANA:<\/strong><\/span><br \/>\n<span style=\"color: #3366ff;\"><strong>Un debate entre Autonom\u00eda vs Corrupci\u00f3n<\/strong><\/span><\/p>\n<p style=\"text-align: justify;\"><strong>Por Dra. Miriam Carmona-\u00a0<\/strong><b>Rodr\u00edguez<\/b><\/p>\n<p style=\"text-align: justify;\">En el n\u00famero precedente de la Revista Vitral de la Ciencia logramos hacer algunos avances y aportes relevantes de la Autonom\u00eda Universitaria y la Evaluaci\u00f3n de la Calidad de las Instituciones de Educaci\u00f3n Superior. En esa oportunidad alertamos al lector estuviesen atentos a la conceptualizaci\u00f3n y evoluci\u00f3n del termino de \u201cAutonom\u00eda Universitaria en Venezuela\u201d, as\u00ed como poco a poco avanzamos y sumamos elementos a nuestro objeto de estudio, aspectos como legislaci\u00f3n en educaci\u00f3n universitaria, entre otros aspectos relevantes a considerar. En esta oportunidad avanzaremos sobre la serie de irregularidades que ocurren dentro de algunas universidades no experimentales, y como desde su interior, ellas realizan negocios, inversiones y hasta n\u00f3minas de personal inexistentes o fantasmas, que nadie controla, ampar\u00e1ndose bajo las alas de una err\u00f3nea interpretaci\u00f3n de la Autonom\u00eda Universitaria y en total desacato de las leyes de la Rep\u00fablica Bolivariana de Venezuela.<\/p>\n<p style=\"text-align: justify;\"><a href=\"http:\/\/revista.vps.co.ve\/wp-content\/uploads\/2021\/04\/art-miriam.-1.pdf\">Ver Art\u00edculo completo<\/a><\/p>\n<p>&nbsp;<\/p>\n<p style=\"text-align: justify;\"><span style=\"color: #800000; font-size: 14pt;\"><strong><img loading=\"lazy\" decoding=\"async\" class=\" wp-image-1893 alignleft\" src=\"http:\/\/revista.vps.co.ve\/wp-content\/uploads\/2021\/03\/chica-leyendo-6-169x300.jpg\" alt=\"\" width=\"210\" height=\"373\" srcset=\"https:\/\/elvitraldelaciencia.org\/revista\/wp-content\/uploads\/2021\/03\/chica-leyendo-6-169x300.jpg 169w, https:\/\/elvitraldelaciencia.org\/revista\/wp-content\/uploads\/2021\/03\/chica-leyendo-6.jpg 564w\" sizes=\"auto, (max-width: 210px) 100vw, 210px\" \/>\u00bfC\u00d3MO LEER R\u00c1PIDO Y COMPRENDERLO TODO?<\/strong><\/span><br \/>\n<span style=\"color: #3366ff;\"><strong>Lea&#8230; aqu\u00ed te ayudaremos<\/strong><\/span><\/p>\n<p style=\"text-align: justify;\"><b>Por Lic. Adriana Ram\u00edrez y Dr. Miguel Alfonzo<\/b><\/p>\n<p style=\"text-align: justify;\">\u00bfEres capaz de escribir una carta de reclamo atendiendo a su estructura correctamente? \u00bfPuedes leer un prospecto m\u00e9dico o un manual de instrucciones y enterarte de todo lo que dice? \u00bfPodr\u00edas indicarle a un transe\u00fante c\u00f3mo llegar hasta el lugar por el cual te pregunt\u00f3? \u00bfAlguna vez has sido rechazado de un empleo por no entender una de las preguntas de la solicitud? Si tienes dificultades para realizar alguna de estas \u2014aparentemente sencillas\u2014 tareas; o si, por el contrario, no podr\u00edas realizar ninguna de las mismas, quiz\u00e1s eres un analfabeto funcional y t\u00fa ni lo sospechabas. No te preocupes, no es grave y somos muchos quienes lo sufrimos.<\/p>\n<p style=\"text-align: justify;\"><a href=\"http:\/\/revista.vps.co.ve\/wp-content\/uploads\/2021\/04\/art-adriana..pdf\">Ver Art\u00edculo completo<\/a><\/p>\n<p style=\"text-align: justify;\">\n","protected":false},"excerpt":{"rendered":"<p>&nbsp; &nbsp; Volumen 1. (N\u00b0 3). A\u00f1o 2021 &nbsp; PDF &nbsp; &nbsp; &nbsp; &nbsp; &nbsp; LA PANDEMIA DE LA COVID-19 Y LA SEGURIDAD ALIMENTARIA MUNDIAL PREPARARNOS PARA LO PEOR&#8230; Por&hellip; <\/p>\n","protected":false},"author":2,"featured_media":1898,"comment_status":"closed","ping_status":"closed","sticky":false,"template":"","format":"standard","meta":{"footnotes":""},"categories":[11,22,21],"tags":[],"class_list":["post-1900","post","type-post","status-publish","format-standard","has-post-thumbnail","hentry","category-destacado","category-vitral","category-publi"],"_links":{"self":[{"href":"https:\/\/elvitraldelaciencia.org\/revista\/wp-json\/wp\/v2\/posts\/1900","targetHints":{"allow":["GET"]}}],"collection":[{"href":"https:\/\/elvitraldelaciencia.org\/revista\/wp-json\/wp\/v2\/posts"}],"about":[{"href":"https:\/\/elvitraldelaciencia.org\/revista\/wp-json\/wp\/v2\/types\/post"}],"author":[{"embeddable":true,"href":"https:\/\/elvitraldelaciencia.org\/revista\/wp-json\/wp\/v2\/users\/2"}],"replies":[{"embeddable":true,"href":"https:\/\/elvitraldelaciencia.org\/revista\/wp-json\/wp\/v2\/comments?post=1900"}],"version-history":[{"count":0,"href":"https:\/\/elvitraldelaciencia.org\/revista\/wp-json\/wp\/v2\/posts\/1900\/revisions"}],"wp:featuredmedia":[{"embeddable":true,"href":"https:\/\/elvitraldelaciencia.org\/revista\/wp-json\/wp\/v2\/media\/1898"}],"wp:attachment":[{"href":"https:\/\/elvitraldelaciencia.org\/revista\/wp-json\/wp\/v2\/media?parent=1900"}],"wp:term":[{"taxonomy":"category","embeddable":true,"href":"https:\/\/elvitraldelaciencia.org\/revista\/wp-json\/wp\/v2\/categories?post=1900"},{"taxonomy":"post_tag","embeddable":true,"href":"https:\/\/elvitraldelaciencia.org\/revista\/wp-json\/wp\/v2\/tags?post=1900"}],"curies":[{"name":"wp","href":"https:\/\/api.w.org\/{rel}","templated":true}]}}