{"id":1961,"date":"2021-04-29T18:11:01","date_gmt":"2021-04-29T22:11:01","guid":{"rendered":"http:\/\/revista.vps.co.ve\/?p=1961"},"modified":"2021-04-29T18:11:01","modified_gmt":"2021-04-29T22:11:01","slug":"puede-cuba-vencer-al-covid-con-sus-vacunas-de-cosecha-propia","status":"publish","type":"post","link":"https:\/\/elvitraldelaciencia.org\/revista\/puede-cuba-vencer-al-covid-con-sus-vacunas-de-cosecha-propia\/","title":{"rendered":"\u00bfPuede Cuba vencer al COVID con sus vacunas de cosecha propia?"},"content":{"rendered":"<figure id=\"attachment_1962\" aria-describedby=\"caption-attachment-1962\" style=\"width: 800px\" class=\"wp-caption aligncenter\"><img loading=\"lazy\" decoding=\"async\" class=\"wp-image-1962 size-full\" src=\"http:\/\/revista.vps.co.ve\/wp-content\/uploads\/2021\/04\/vacuna-cuba-investigador.jpg\" alt=\"\" width=\"800\" height=\"566\" srcset=\"https:\/\/elvitraldelaciencia.org\/revista\/wp-content\/uploads\/2021\/04\/vacuna-cuba-investigador.jpg 800w, https:\/\/elvitraldelaciencia.org\/revista\/wp-content\/uploads\/2021\/04\/vacuna-cuba-investigador-300x212.jpg 300w, https:\/\/elvitraldelaciencia.org\/revista\/wp-content\/uploads\/2021\/04\/vacuna-cuba-investigador-768x543.jpg 768w\" sizes=\"auto, (max-width: 800px) 100vw, 800px\" \/><figcaption id=\"caption-attachment-1962\" class=\"wp-caption-text\">Vicente V\u00e9rez Bencomo est\u00e1 ayudando a liderar la campa\u00f1a de Cuba para producir sus propias vacunas COVID-19. Cr\u00e9dito: Instituto Finlay de Vacunas<\/figcaption><\/figure>\n<p>Hoy, <span style=\"color: #800000;\"><strong>jueves 29 de abril,<\/strong><\/span> sali\u00f3 publicada una entrevista muy importante para el pa\u00eds en la prestigiosa revista Nature. Me refiero a la entrevista que le realizaron al dise\u00f1ador de una de las vacunas contra COVID-19 en Cuba, el Dr. <strong>Vicente V\u00e9rez Bencomo<\/strong>. Las matrices de opiniones, con un tremendo trasfondo pol\u00edtico de la pr\u00f3xima llegada de esta vacuna a Venezuela, es importante conocer algunos planteamientos que hace el investigador ante preguntas sumamente agudas sobre temas entorno a la vacuna cubana. A continuaci\u00f3n, exponemos textualmente la entrevista mencionada.<\/p>\n<p><em>Nature<\/em>\u00a0habla con el dise\u00f1ador de vacunas <strong>Vicente V\u00e9rez Bencomo<\/strong> sobre los esfuerzos del pa\u00eds para producir sus propios ataques de coronavirus y establecer un r\u00e9cord.<\/p>\n<p>Si todo sale seg\u00fan lo planeado, Cuba podr\u00eda ser el primer pa\u00eds latinoamericano en desarrollar y fabricar su propia vacuna contra el COVID-19.<\/p>\n<p>Vicente V\u00e9rez Bencomo, director general del Instituto de Vacunas Finlay estatal en La Habana, donde se cre\u00f3 una de las vacunas candidatas m\u00e1s avanzadas de Cuba, cree que las posibilidades son buenas.\u00a0El candidato, llamado Soberana 02, entr\u00f3 en ensayos de fase III en personas en marzo.\u00a0Es una de las dos vacunas de cosecha propia del pa\u00eds, la otra se llama Abdala, para llegar tan lejos.<\/p>\n<p>Y no un momento demasiado pronto.\u00a0Aunque Cuba tuvo pocas infecciones durante la mayor parte de 2020, los casos de COVID-19 comenzaron a aumentar en la naci\u00f3n insular de 11 millones de personas despu\u00e9s de que reabri\u00f3 sus fronteras al turismo en noviembre pasado.\u00a0Las infecciones alcanzaron su punto m\u00e1ximo el 24 de abril, con casi 5.800 casos activos.<\/p>\n<p>Cuba es uno de los \u00faltimos pa\u00edses comunistas que quedan en el mundo y ha soportado d\u00e9cadas de embargos comerciales impuestos por Estados Unidos, que le cortaron el acceso a suministros esenciales.\u00a0V\u00e9rez Bencomo dice que es esta historia la que le ha dado al pueblo cubano una veta independiente, lo que lo ha impulsado a crear su propio jab de COVID-19 en lugar de unirse a la iniciativa internacional COVAX, que tiene como objetivo distribuir vacunas de manera justa en todos los pa\u00edses.<\/p>\n<p>Incluso Soberana 02 tiene una racha independiente, funcionando de manera diferente a otras vacunas en juego.\u00a0El jab es una vacuna \u00abconjugada\u00bb, que une un ant\u00edgeno m\u00e1s d\u00e9bil con uno m\u00e1s fuerte para asegurar una respuesta inmune vigorosa.\u00a0Para producir Soberana 02, los cient\u00edficos de Finlay acoplaron fragmentos de la prote\u00edna del pico del coronavirus a una forma desactivada de la toxina del t\u00e9tanos, un poderoso ant\u00edgeno que puede estimular la producci\u00f3n de c\u00e9lulas inmunes y anticuerpos\u00a0<sup><a href=\"https:\/\/www.nature.com\/articles\/d41586-021-01126-4#ref-CR1\" data-track=\"click\" data-action=\"anchor-link\" data-track-label=\"go to reference\" data-track-category=\"references\">1<\/a><\/sup>\u00a0.<\/p>\n<p><em>Nature<\/em>\u00a0habl\u00f3 con V\u00e9rez Bencomo sobre Soberana 02, la decisi\u00f3n de Cuba de ir en solitario y las dificultades de hacer ciencia bajo un fuerte bloqueo econ\u00f3mico.<\/p>\n<h2><span style=\"color: #800000;\"><strong>\u00bfCu\u00e1ndo se uni\u00f3 Finlay a la carrera de la vacuna COVID-19?<\/strong><\/span><\/h2>\n<p>Alrededor de mayo de 2020, hubo un llamado importante de nuestro presidente, Miguel D\u00edaz-Canel, para que cualquiera que pudiera desarrollar una vacuna contra el coronavirus lo hiciera.\u00a0Fue muy importante para nosotros.\u00a0Previmos que cuando las vacunas estuvieran listas [en otras partes del mundo], tardar\u00edan mucho en llegar a pa\u00edses como el nuestro.<\/p>\n<p>Por supuesto, al unirnos a la carrera, tuvimos que abandonar otros proyectos.\u00a0Detuvimos un ensayo cl\u00ednico con una vacuna contra el neumococo.\u00a0Ten\u00edamos una vacuna contra la tos ferina muy innovadora que tambi\u00e9n interrumpimos.\u00a0No fue posible seguir haciendo nada m\u00e1s.<\/p>\n<p>\u00bfCu\u00e1ntas vacunas diferentes est\u00e1 probando Finlay en este momento?<\/p>\n<p>Disponemos de tres vacunas de la serie Soberana.\u00a0Estamos probando Soberana 02 con 44.000 personas, algunas de las cuales reciben un placebo, en un ensayo de fase III.\u00a0Y debido a la urgencia, tambi\u00e9n estamos realizando otro ensayo de eficacia en 75.000 personas sin placebo.\u00a0Debido a que no todos se vacunan al mismo tiempo, las personas que esperan su vacuna servir\u00e1n como grupo de control.<\/p>\n<p>\u00c9ticamente, es demasiado tarde para lanzar nuevos estudios con placebo en Cuba porque los casos de COVID-19 est\u00e1n aumentando.\u00a0Entonces, para probar Soberana 01 [una vacuna no conjugada que contiene pares de fragmentos de prote\u00edna de punta, as\u00ed como componentes de las capas externas de las bacterias meningoc\u00f3cicas para estimular la respuesta inmune], estamos dise\u00f1ando un protocolo para compararlo con Soberana 02, en lugar de usar un placebo.\u00a0Estamos esperando la aprobaci\u00f3n de la autoridad reguladora nacional de Cuba para comenzar el ensayo de fase II.<\/p>\n<p>Tambi\u00e9n tenemos una prueba con 450 personas convalecientes, que se recuperaron de COVID-19 o estaban asintom\u00e1ticas, en la que estamos probando Soberana Plus, una dosis de refuerzo que contiene fragmentos de prote\u00edna de pico.\u00a0Esta vacuna est\u00e1 dise\u00f1ada para volver a estimular la inmunidad inicial que las personas obtuvieron de una infecci\u00f3n anterior.<\/p>\n<h2><span style=\"color: #800000;\"><strong>\u00bfC\u00f3mo se ven los resultados de Soberana 02 hasta ahora?<\/strong><\/span><\/h2>\n<p>Lo que puedo revelar es que, durante las fases previas del ensayo, dos dosis de Soberana 02 generaron una respuesta de anticuerpos en aproximadamente el 80% de las personas vacunadas.\u00a0Pero la aplicaci\u00f3n de una tercera dosis de refuerzo de Soberana Plus elev\u00f3 ese porcentaje al 100%, todos ellos con anticuerpos neutralizantes que pueden bloquear la entrada del virus en las c\u00e9lulas.<\/p>\n<p>\u00bfHasta qu\u00e9 punto proteger\u00e1 eso a las personas de la muerte?\u00a0Estoy seguro de que los proteger\u00e1.\u00a0\u00bfHasta qu\u00e9 punto proteger\u00e1 eso a las personas de enfermedades graves?\u00a0Es parte de lo que tiene que probar el ensayo de eficacia [fase III], pero creemos que lo har\u00e1.\u00a0Creemos que deber\u00edamos tener los resultados listos para publicar en junio.<\/p>\n<h2><span style=\"color: #800000;\"><strong>Hable sobre el nombre de la l\u00ednea de vacunas, Soberana, que se traduce como \u00absoberano\u00bb.<\/strong><\/span><\/h2>\n<p>En una reuni\u00f3n que tuvimos con el presidente, nos dijo que necesit\u00e1bamos tener soberan\u00eda sobre nuestras vacunas.<\/p>\n<p>Despu\u00e9s de que anunciamos el primer ensayo de Soberana, a la gente le gust\u00f3 tanto el nombre que fue imposible cambiarlo.\u00a0Esto fue tomado con tanto orgullo en Cuba que no tuvimos m\u00e1s remedio que llamar a la vacuna Soberana.\u00a0La gente realmente conf\u00eda en lo que hacemos.\u00a0Siempre tenemos tres veces m\u00e1s personas alineadas para participar en ensayos cl\u00ednicos de las que necesitamos.<\/p>\n<h2><span style=\"color: #800000;\"><strong>Cuba planea inocular a todos sus ciudadanos con sus propias vacunas.\u00a0\u00bfTendr\u00e1 los recursos para hacer eso?<\/strong><\/span><\/h2>\n<p>Estamos acelerando la producci\u00f3n para que cuando se realicen los estudios de Soberana 02 podamos obtener la autorizaci\u00f3n para uso de emergencia.\u00a0Esperamos que esto no tome mucho tiempo, porque tenemos una incidencia muy alta de COVID en Cuba en este momento, especialmente en La Habana.<\/p>\n<p>Ante esta emergencia, estamos reorganizando nuestras capacidades de fabricaci\u00f3n.\u00a0Creemos que en alg\u00fan momento de este a\u00f1o deber\u00edamos poder producir alrededor de diez millones de dosis al mes.<\/p>\n<p>Tenemos mucha demanda de vacunas en este momento, mucho m\u00e1s de lo que podr\u00edamos suministrar.\u00a0De modo que buscamos compromisos serios [para suministrar jabs en el exterior] con anticipos que nos permitan invertir los recursos que no tenemos en producci\u00f3n.<\/p>\n<h2><span style=\"color: #800000;\"><strong>\u00bfPor qu\u00e9 actuar solo para desarrollar vacunas en lugar de unirse a COVAX?<\/strong><\/span><\/h2>\n<p>Esta es una pregunta compleja.\u00a0Hay iniciativas internacionales que respeto much\u00edsimo.\u00a0Que los respete es una cosa, si creo en ellos es otra.<\/p>\n<p>Quer\u00edamos confiar \u00fanicamente en nuestras propias capacidades para vacunar a nuestra poblaci\u00f3n, no en las decisiones de otras personas.\u00a0Y la vida nos est\u00e1 dando la raz\u00f3n.\u00a0Lo que estamos viendo en todo el mundo es que los pa\u00edses ricos acaparan los suministros de vacunas.<\/p>\n<h2><span style=\"color: #800000;\"><strong>\u00bfC\u00f3mo encontr\u00f3 Cuba los recursos para fabricar sus propias vacunas COVID-19?<\/strong><\/span><\/h2>\n<p>Somos un pa\u00eds muy pobre.\u00a0Les puedo asegurar que ni un centavo del dinero utilizado para fabricar medicinas o comprar alimentos, que son ambos escasos en este momento, se ha desviado para la fabricaci\u00f3n de vacunas COVID.<\/p>\n<p>Todo ha sido un gran esfuerzo individual de cada una de las instituciones que est\u00e1n trabajando en esto.\u00a0Todos hemos tomado los recursos que ten\u00edamos para otros proyectos y los hemos puesto en esto.\u00a0Y hemos tenido que ser creativos al respecto.\u00a0Nuestros cient\u00edficos est\u00e1n acostumbrados a hacer mucho con muy poco.<\/p>\n<h2><span style=\"color: #800000;\"><strong>\u00bfDe qu\u00e9 manera ha afectado el embargo comercial de Estados Unidos al desarrollo de vacunas?<\/strong><\/span><\/h2>\n<p>De muchas maneras.\u00a0Tenemos un bloqueo estadounidense que no es eufem\u00edstico en absoluto, es muy real.<\/p>\n<p>Las empresas que nos han estado vendiendo materiales durante 60 a\u00f1os, bajo la administraci\u00f3n del ex presidente de los Estados Unidos, Donald Trump, se asustaron y nos dijeron: \u00abLo sentimos, no podemos seguir cooperando con ustedes porque tenemos miedo de perder nuestro comercio con Am\u00e9rica del Norte\u00bb.<\/p>\n<p>Es muy dif\u00edcil.\u00a0Pero los cubanos no nos dejamos golpear.\u00a0Estamos acostumbrados a luchar contra viento y marea.<\/p>\n<p><em>doi:\u00a0<\/em><a href=\"https:\/\/doi.org\/10.1038\/d41586-021-01126-4\"><em>https:\/\/doi.org\/10.1038\/d41586-021-01126-4<\/em><\/a><\/p>\n","protected":false},"excerpt":{"rendered":"<p>Hoy, jueves 29 de abril, sali\u00f3 publicada una entrevista muy importante para el pa\u00eds en la prestigiosa revista Nature. Me refiero a la entrevista que le realizaron al dise\u00f1ador de&hellip; <\/p>\n","protected":false},"author":2,"featured_media":1963,"comment_status":"closed","ping_status":"closed","sticky":false,"template":"","format":"standard","meta":{"footnotes":""},"categories":[11,14,18],"tags":[],"class_list":["post-1961","post","type-post","status-publish","format-standard","has-post-thumbnail","hentry","category-destacado","category-entre","category-porta"],"_links":{"self":[{"href":"https:\/\/elvitraldelaciencia.org\/revista\/wp-json\/wp\/v2\/posts\/1961","targetHints":{"allow":["GET"]}}],"collection":[{"href":"https:\/\/elvitraldelaciencia.org\/revista\/wp-json\/wp\/v2\/posts"}],"about":[{"href":"https:\/\/elvitraldelaciencia.org\/revista\/wp-json\/wp\/v2\/types\/post"}],"author":[{"embeddable":true,"href":"https:\/\/elvitraldelaciencia.org\/revista\/wp-json\/wp\/v2\/users\/2"}],"replies":[{"embeddable":true,"href":"https:\/\/elvitraldelaciencia.org\/revista\/wp-json\/wp\/v2\/comments?post=1961"}],"version-history":[{"count":0,"href":"https:\/\/elvitraldelaciencia.org\/revista\/wp-json\/wp\/v2\/posts\/1961\/revisions"}],"wp:featuredmedia":[{"embeddable":true,"href":"https:\/\/elvitraldelaciencia.org\/revista\/wp-json\/wp\/v2\/media\/1963"}],"wp:attachment":[{"href":"https:\/\/elvitraldelaciencia.org\/revista\/wp-json\/wp\/v2\/media?parent=1961"}],"wp:term":[{"taxonomy":"category","embeddable":true,"href":"https:\/\/elvitraldelaciencia.org\/revista\/wp-json\/wp\/v2\/categories?post=1961"},{"taxonomy":"post_tag","embeddable":true,"href":"https:\/\/elvitraldelaciencia.org\/revista\/wp-json\/wp\/v2\/tags?post=1961"}],"curies":[{"name":"wp","href":"https:\/\/api.w.org\/{rel}","templated":true}]}}