{"id":20,"date":"2020-11-20T08:51:29","date_gmt":"2020-11-20T12:51:29","guid":{"rendered":"http:\/\/localhost\/revista\/?p=20"},"modified":"2021-01-31T11:51:19","modified_gmt":"2021-01-31T15:51:19","slug":"noticia-4-2","status":"publish","type":"post","link":"https:\/\/elvitraldelaciencia.org\/revista\/noticia-4-2\/","title":{"rendered":"EL REGRESO A CLASES&#8230; EL DEBATE EST\u00c1 EN LA MESA(*)"},"content":{"rendered":"<p><img loading=\"lazy\" decoding=\"async\" class=\"aligncenter wp-image-496 size-large\" src=\"https:\/\/elvitraldelaciencia.org\/revista\/\/\/wp-content\/uploads\/2020\/11\/VOLVER-A-CLASE-1024x724.png\" alt=\"\" width=\"1024\" height=\"724\" srcset=\"https:\/\/elvitraldelaciencia.org\/revista\/wp-content\/uploads\/2020\/11\/VOLVER-A-CLASE-1024x724.png 1024w, https:\/\/elvitraldelaciencia.org\/revista\/wp-content\/uploads\/2020\/11\/VOLVER-A-CLASE-300x212.png 300w, https:\/\/elvitraldelaciencia.org\/revista\/wp-content\/uploads\/2020\/11\/VOLVER-A-CLASE-768x543.png 768w, https:\/\/elvitraldelaciencia.org\/revista\/wp-content\/uploads\/2020\/11\/VOLVER-A-CLASE.png 1246w\" sizes=\"auto, (max-width: 1024px) 100vw, 1024px\" \/><\/p>\n<p style=\"text-align: justify;\">Se inicia un nuevo a\u00f1o escolar (2020-2021) con la presencia a\u00fan en el planeta del Covid-19, por lo cual, muchos pa\u00edses han recurrido a diferentes medidas de seguridad para cuidar la salud de ni\u00f1os, adolescentes, j\u00f3venes, docentes y dem\u00e1s personas involucradas en el sistema educativo de cada pa\u00eds para enfrentar esta pandemia (Figura 1). La otra cara de la moneda es que, algunos pa\u00edses con alto nivel de contagio, no han tomado en consideraci\u00f3n la amenaza que azota a la humanidad y piensan en iniciar un nuevo a\u00f1o escolar con estudiantes en las aulas sin mayores medidas de seguridad. En este sentido hemos podido leer y o\u00edr a mandatarios de varios pa\u00edses en distintos medios de comunicaci\u00f3n la manera despreocupada de referirse a este virus, postura que la han mantenido desde que el SARS-CoV-2 hiciera su aparici\u00f3n, por lo que los han llevado a tomar medidas err\u00f3neas entorno a la din\u00e1mica social en presencia del virus, y la educaci\u00f3n es una de ellas.<\/p>\n<p><a href=\"https:\/\/elvitraldelaciencia.org\/revista\/\/\/wp-content\/uploads\/2020\/11\/EL-REGRESO-A-CLASES.pdf\">Ver art\u00ecculo completo<\/a><\/p>\n","protected":false},"excerpt":{"rendered":"<p>Se inicia un nuevo a\u00f1o escolar (2020-2021) con la presencia a\u00fan en el planeta del Covid-19, por lo cual, muchos pa\u00edses han recurrido a diferentes medidas de seguridad para cuidar&hellip; <\/p>\n","protected":false},"author":1,"featured_media":496,"comment_status":"closed","ping_status":"closed","sticky":false,"template":"","format":"standard","meta":{"footnotes":""},"categories":[11,14],"tags":[],"class_list":["post-20","post","type-post","status-publish","format-standard","has-post-thumbnail","hentry","category-destacado","category-entre"],"_links":{"self":[{"href":"https:\/\/elvitraldelaciencia.org\/revista\/wp-json\/wp\/v2\/posts\/20","targetHints":{"allow":["GET"]}}],"collection":[{"href":"https:\/\/elvitraldelaciencia.org\/revista\/wp-json\/wp\/v2\/posts"}],"about":[{"href":"https:\/\/elvitraldelaciencia.org\/revista\/wp-json\/wp\/v2\/types\/post"}],"author":[{"embeddable":true,"href":"https:\/\/elvitraldelaciencia.org\/revista\/wp-json\/wp\/v2\/users\/1"}],"replies":[{"embeddable":true,"href":"https:\/\/elvitraldelaciencia.org\/revista\/wp-json\/wp\/v2\/comments?post=20"}],"version-history":[{"count":0,"href":"https:\/\/elvitraldelaciencia.org\/revista\/wp-json\/wp\/v2\/posts\/20\/revisions"}],"wp:featuredmedia":[{"embeddable":true,"href":"https:\/\/elvitraldelaciencia.org\/revista\/wp-json\/wp\/v2\/media\/496"}],"wp:attachment":[{"href":"https:\/\/elvitraldelaciencia.org\/revista\/wp-json\/wp\/v2\/media?parent=20"}],"wp:term":[{"taxonomy":"category","embeddable":true,"href":"https:\/\/elvitraldelaciencia.org\/revista\/wp-json\/wp\/v2\/categories?post=20"},{"taxonomy":"post_tag","embeddable":true,"href":"https:\/\/elvitraldelaciencia.org\/revista\/wp-json\/wp\/v2\/tags?post=20"}],"curies":[{"name":"wp","href":"https:\/\/api.w.org\/{rel}","templated":true}]}}