{"id":2117,"date":"2021-06-01T10:43:06","date_gmt":"2021-06-01T14:43:06","guid":{"rendered":"http:\/\/revista.vps.co.ve\/?p=2117"},"modified":"2021-06-01T10:43:06","modified_gmt":"2021-06-01T14:43:06","slug":"editorial-junio","status":"publish","type":"post","link":"https:\/\/elvitraldelaciencia.org\/revista\/editorial-junio\/","title":{"rendered":"Editorial JUNIO"},"content":{"rendered":"<p style=\"text-align: center;\"><span style=\"font-size: 18pt; color: #800000;\"><strong><img loading=\"lazy\" decoding=\"async\" class=\"aligncenter wp-image-2118 size-large\" src=\"http:\/\/revista.vps.co.ve\/wp-content\/uploads\/2021\/06\/EDITORIAL-1024x458.png\" alt=\"\" width=\"1024\" height=\"458\" srcset=\"https:\/\/elvitraldelaciencia.org\/revista\/wp-content\/uploads\/2021\/06\/EDITORIAL-1024x458.png 1024w, https:\/\/elvitraldelaciencia.org\/revista\/wp-content\/uploads\/2021\/06\/EDITORIAL-300x134.png 300w, https:\/\/elvitraldelaciencia.org\/revista\/wp-content\/uploads\/2021\/06\/EDITORIAL-768x344.png 768w, https:\/\/elvitraldelaciencia.org\/revista\/wp-content\/uploads\/2021\/06\/EDITORIAL.png 1026w\" sizes=\"auto, (max-width: 1024px) 100vw, 1024px\" \/><span style=\"font-size: 36pt;\">CARABOBO<\/span><\/strong><\/span><\/p>\n<p style=\"text-align: center;\"><span style=\"font-size: 18pt; color: #3366ff;\"><strong>\u00a1Vuelvan Caras!<\/strong><\/span><\/p>\n<p><span style=\"color: #800000;\"><em>El americano no quiere ser gobernado por nadie, a menos que sea jefe de su pa\u00eds; no obedece a ning\u00fan europeo, sobre todo si es espa\u00f1ol, o, si le obedece, no es sino aguardando la ocasi\u00f3n de sacudir el yugo.<\/em><\/span><\/p>\n<p><span style=\"color: #800000;\"><em>Cada provincia de Am\u00e9rica quiere ser gobernada a su manera: Lo que es bueno para el virreinato de Santa Fe, no es conveniente para Venezuela, aunque sean lim\u00edtrofes.<\/em><\/span><\/p>\n<p><span style=\"color: #800000;\"><em>El habitante de Santa Fe se ha mostrado t\u00edmido; el de Venezuela, audaz, malvado y sanguinario. En el virreinato se escribe mucho, y los jueces est\u00e1n abrumados de trabajo; en Caracas, al contrario, se terminan las disputas por medio de la espada. De aqu\u00ed la diversa clase de resistencia que hemos encontrado en los pa\u00edses; aunque en una cosa se parecen ambos, que es la disimulaci\u00f3n y la perfidia.<\/em><\/span><\/p>\n<p><span style=\"color: #800000;\"><em>Probablemente los habitantes del virreinato no nos habr\u00edan resistido con tanta obstinaci\u00f3n si no hubieran estado ayudados por los venezolanos.<\/em><\/span><\/p>\n<p><span style=\"color: #800000;\"><em>Por igual motivo ha sido que Cartagena se ha sostenido tanto tiempo contra nosotros. Al lado derecho de los m\u00e1rgenes del Magdalena han dado algunos combates; los que m\u00e1s se han distinguido en ellos han sido igualmente los venezolanos. La est\u00e9ril provincia de Antioquia nos ha declarado una guerra a muerte por dos ocasiones, y han cerrado el paso de sus monta\u00f1as: Los venezolanos han sido lo que a ello la han excitado.<\/em><\/span><\/p>\n<p style=\"text-align: center;\"><strong>Carta del Teniente General Pablo Morillo y Morillo<\/strong><\/p>\n<p style=\"text-align: center;\"><strong> Comandante de la Expedici\u00f3n Espa\u00f1ola de Pacificaci\u00f3n al Rey Fernando VII <\/strong><\/p>\n<p style=\"text-align: center;\"><strong>en marzo de 1816, desde su Cuartel General en Santa Fe de Bogot\u00e1.<\/strong><\/p>\n<p style=\"text-align: justify;\">Venezuela fue declarada como una<span style=\"color: #800000;\"><em><strong> amenaza inusual y extraordinaria a la seguridad nacional y a la pol\u00edtica exterior de los EE. UU<\/strong> <\/em><\/span>por el presidente de aquel entonces, <strong>Barak Obama<\/strong> mediante una orden ejecutiva (<strong>marzo 2015<\/strong>). A partir de esa fecha, se comenz\u00f3 realmente a evidenciarse la guerra de 5ta generaci\u00f3n contra el pa\u00eds, cuyas consecuencias ha vulnerado los DDHH de toda la poblaci\u00f3n venezolana, tal como lo anunci\u00f3 en febrero pasado la relatora especial de la ONU, \u00a0<strong>Alena Douhan<\/strong>, en un informe denominado <span style=\"color: #800000;\"><em>Impacto Negativo de las Medidas Coercitivas Unilaterales en el Disfrute de los Derechos Humanos en Venezuela<\/em><\/span>, el cual, indica claramente que las ilegales \u201csanciones\u201d promovidas e impuestas por Estados Unidos a la Rep\u00fablica Bolivariana de Venezuela han tenido un efecto devastador sobre los derechos fundamentales del pueblo venezolano.<\/p>\n<p style=\"text-align: justify;\">El Ej\u00e9rcito Bolivariano comandado con Bol\u00edvar vivieron momentos intensos, cr\u00edticos, tantos que dos veces perdieron la Rep\u00fablica, pero a la tercera fue la vencida. Los sacrificios y dolor que vivi\u00f3 el pueblo venezolano patriota para liberarse del yugo espa\u00f1ol le cost\u00f3 la mitad de la poblaci\u00f3n para aquel momento. Hubo hambre y miseria. Sin embargo, nunca fue amainado, ni mucho menos se rindi\u00f3 el ej\u00e9rcito Libertador. Sus sacrificios rindieron los frutos que se convirtieron en la gloria de este pa\u00eds.<\/p>\n<p style=\"text-align: justify;\">Nuevamente, Venezuela, por decidir ser soberana y un destino de dignidad y progreso, la califican de amenaza inusual. NO producimos ni exportamos coca\u00edna ni ning\u00fan tipo de drogas ilegales. No tenemos grupos irregulares violando otras fronteras. M\u00e1s, todo lo contrario, hemos sido un pa\u00eds amante de la paz y el respeto de los DDHH y las leyes internacionales, lo ha confirmado el apoyo mayoritario en los escenarios de la ONU, tanto en la Asamblea general como en el Consejo de Seguridad. Entonces, cu\u00e1l ha sido el causante de nuestras desgracias.<\/p>\n<p style=\"text-align: justify;\">De negarnos a seguir las pautas de un imperio asesino, codicioso de nuestras riquezas. De negarnos a ver las relaciones entre los pa\u00edses a trav\u00e9s del dominio, la imposici\u00f3n y el ruido de los ca\u00f1ones. De rechazar las miserias originadas por el capitalismo, tal como lo manifestamos un febrero de 1989.<\/p>\n<p style=\"text-align: justify;\">Si nuestra historia nos ense\u00f1\u00f3 algo, es que <em><span style=\"color: #800000;\">no obedecemos a ning\u00fan europeo, sobre todo si es espa\u00f1ol, ni a estadounidense, sobre todo si es un imperialista.\u00a0 <\/span><\/em><span style=\"color: #000000;\"><span style=\"color: #800000;\">Nos ense\u00f1\u00f3 a <\/span><\/span><em><span style=\"color: #800000;\">resistir con tanta obstinaci\u00f3n <\/span><\/em><span style=\"color: #000000;\"><span style=\"color: #000000;\">los ataques del imperio porque no nos calamos la injusticia ni los arrebatos de malandro. Tenemos como fuerza, la verdad, nuestra verdad, a la cual no tememos ni ofendemos. Si la batalla a librar es en los espacios internacionales, la hemos librado sin vacilaci\u00f3n y con valent\u00eda. Si es en la dimensi\u00f3n econ\u00f3mica, la resistiremos y haremos lo que sea para salir de la situaci\u00f3n a que nos ubicaron. Si la batalla es militar, pues se encontrar\u00e1n con el ej\u00e9rcito y el pueblo patriota para defender esta sagrada tierra, porque primero es la Patria y lo dem\u00e1s es a\u00f1adidura.\u00a0<\/span><\/span><\/p>\n<p style=\"text-align: justify;\">Venezolanos y venezolanas \u00a1Volvamos caras! Veamos los obst\u00e1culos a vencer porque nuestro futuro lo vamos a construir contra toda adversidad. es necesario repetir hasta la saciedad, lo que una vez escribi\u00f3 nuestro Libertador Sim\u00f3n Bol\u00edvar en una carta dirigida al Sr<strong> John Baptist Irvine (estadounidense)<\/strong>, fechada en Angostura el 07 de octubre de 1818: &#8230; <span style=\"color: #800000;\"><em>El amor a la patria, y a la gloria solos han dirigido estas empresas, que, lejos de ser risibles, merecen la admiraci\u00f3n y aplausos de los que tienen una Patria y aman su libertad&#8230;\u00a0 Parece que el intento de V.S. es forzarme a que reciproque los insultos: no lo har\u00e9; pero s\u00ed protesto a V.S. que no permitir\u00e9 que se ultraje ni desprecie al Gobierno y los derechos de Venezuela. Defendi\u00e9ndolos contra la Espa\u00f1a ha desaparecido una gran parte de nuestra populaci\u00f3n y el resto que queda ansia por merecer igual suerte. Lo mismo es para Venezuela combatir contra Espa\u00f1a que contra el mundo entero, si todo el mundo la ofende.<\/em><\/span><\/p>\n<p><span style=\"font-size: 14pt; color: #800000;\"><strong>Comit\u00e9 Editorial<\/strong><\/span><\/p>\n<p>&nbsp;<\/p>\n<p>&nbsp;<\/p>\n<p>&nbsp;<\/p>\n","protected":false},"excerpt":{"rendered":"<p>CARABOBO \u00a1Vuelvan Caras! El americano no quiere ser gobernado por nadie, a menos que sea jefe de su pa\u00eds; no obedece a ning\u00fan europeo, sobre todo si es espa\u00f1ol, o,&hellip; <\/p>\n","protected":false},"author":2,"featured_media":2118,"comment_status":"closed","ping_status":"closed","sticky":false,"template":"","format":"standard","meta":{"footnotes":""},"categories":[16,11],"tags":[],"class_list":["post-2117","post","type-post","status-publish","format-standard","has-post-thumbnail","hentry","category-avan","category-destacado"],"_links":{"self":[{"href":"https:\/\/elvitraldelaciencia.org\/revista\/wp-json\/wp\/v2\/posts\/2117","targetHints":{"allow":["GET"]}}],"collection":[{"href":"https:\/\/elvitraldelaciencia.org\/revista\/wp-json\/wp\/v2\/posts"}],"about":[{"href":"https:\/\/elvitraldelaciencia.org\/revista\/wp-json\/wp\/v2\/types\/post"}],"author":[{"embeddable":true,"href":"https:\/\/elvitraldelaciencia.org\/revista\/wp-json\/wp\/v2\/users\/2"}],"replies":[{"embeddable":true,"href":"https:\/\/elvitraldelaciencia.org\/revista\/wp-json\/wp\/v2\/comments?post=2117"}],"version-history":[{"count":0,"href":"https:\/\/elvitraldelaciencia.org\/revista\/wp-json\/wp\/v2\/posts\/2117\/revisions"}],"wp:featuredmedia":[{"embeddable":true,"href":"https:\/\/elvitraldelaciencia.org\/revista\/wp-json\/wp\/v2\/media\/2118"}],"wp:attachment":[{"href":"https:\/\/elvitraldelaciencia.org\/revista\/wp-json\/wp\/v2\/media?parent=2117"}],"wp:term":[{"taxonomy":"category","embeddable":true,"href":"https:\/\/elvitraldelaciencia.org\/revista\/wp-json\/wp\/v2\/categories?post=2117"},{"taxonomy":"post_tag","embeddable":true,"href":"https:\/\/elvitraldelaciencia.org\/revista\/wp-json\/wp\/v2\/tags?post=2117"}],"curies":[{"name":"wp","href":"https:\/\/api.w.org\/{rel}","templated":true}]}}