{"id":2190,"date":"2021-06-17T20:16:23","date_gmt":"2021-06-18T00:16:23","guid":{"rendered":"http:\/\/revista.vps.co.ve\/?p=2190"},"modified":"2021-06-17T22:49:56","modified_gmt":"2021-06-18T02:49:56","slug":"el-vitral-de-la-ciencia-vol-1-n-5-2021","status":"publish","type":"post","link":"https:\/\/elvitraldelaciencia.org\/revista\/el-vitral-de-la-ciencia-vol-1-n-5-2021\/","title":{"rendered":"El Vitral de la Ciencia. Vol 1. N\u00b0 5 (2021)"},"content":{"rendered":"<p><strong><img loading=\"lazy\" decoding=\"async\" class=\"size-medium wp-image-2191 alignleft\" src=\"http:\/\/revista.vps.co.ve\/wp-content\/uploads\/2021\/06\/portada-212x300.png\" alt=\"\" width=\"212\" height=\"300\" srcset=\"https:\/\/elvitraldelaciencia.org\/revista\/wp-content\/uploads\/2021\/06\/portada-212x300.png 212w, https:\/\/elvitraldelaciencia.org\/revista\/wp-content\/uploads\/2021\/06\/portada.png 625w\" sizes=\"auto, (max-width: 212px) 100vw, 212px\" \/><\/strong><\/p>\n<p>&nbsp;<\/p>\n<p>&nbsp;<\/p>\n<p><span style=\"color: #3366ff;\"><strong>Volumen 1. (N\u00b0 5). A\u00f1o 2021<\/strong><\/span><\/p>\n<p>&nbsp;<\/p>\n<p><a href=\"https:\/\/drive.google.com\/file\/d\/1fWyL5LR0J08G8cp8dXUsuEhXgVLm91Qv\/view?usp=sharing\">Ver Revista n\u00b0 5<\/a><\/p>\n<p>&nbsp;<\/p>\n<p>&nbsp;<\/p>\n<p>&nbsp;<\/p>\n<p>&nbsp;<\/p>\n<p><span style=\"color: #3366ff;\"><strong><img loading=\"lazy\" decoding=\"async\" class=\"size-medium wp-image-2193 alignleft\" src=\"http:\/\/revista.vps.co.ve\/wp-content\/uploads\/2021\/06\/ciudad-desdibujada-191x300.jpg\" alt=\"\" width=\"191\" height=\"300\" srcset=\"https:\/\/elvitraldelaciencia.org\/revista\/wp-content\/uploads\/2021\/06\/ciudad-desdibujada-191x300.jpg 191w, https:\/\/elvitraldelaciencia.org\/revista\/wp-content\/uploads\/2021\/06\/ciudad-desdibujada.jpg 564w\" sizes=\"auto, (max-width: 191px) 100vw, 191px\" \/>Se Requieren Lentes de Correcci\u00f3n<\/strong><\/span><br \/>\n<strong><span style=\"color: #800000; font-size: 14pt;\">SE DESDIBUJA EL MUNDO&#8230;..<\/span><\/strong><\/p>\n<p><strong>Por Dr. Miguel Alfonzo, Ph.D<\/strong><\/p>\n<p style=\"text-align: justify;\">Gran parte de este art\u00edculo est\u00e1 basado en el trabajo de Jeremy Lent, escritor brit\u00e1nico (autor de The Patterning Instinct: A Cultural History of Humanity\u2019s Search for Meaning, que investiga c\u00f3mo las diferentes culturas han dado sentido al universo y c\u00f3mo sus valores subyacentes han cambiado el curso de la historia), titulado: Ocho fallos estructurales de la visi\u00f3n occidental del mundo, publicado el 27 de marzo del presente a\u00f1o (https:\/\/www.15-15-15.org\/webzine\/2021\/03\/27\/una-casa-sobre-suelo-movedizo-ocho-fallos-estructurales-de-la-vision-occidental-del-mundo\/), quien expone magistralmente, las fallas de fondo que vive la humanidad en los dos \u00faltimos siglos, haciendo \u00e9nfasis en esas capas ocultas de nuestra moderna cosmovisi\u00f3n y que ha encontrado que muchas de las ideas que consideramos sacrosantas se apoyan en cimientos da\u00f1ados.<\/p>\n<p><a href=\"http:\/\/revista.vps.co.ve\/wp-content\/uploads\/2021\/06\/art-miguel.pdf\">Ver art\u00edculo completo<\/a><\/p>\n<p>&nbsp;<\/p>\n<p>&nbsp;<\/p>\n<p><span style=\"font-size: 14pt; color: #800000;\"><strong><img loading=\"lazy\" decoding=\"async\" class=\"size-medium wp-image-2194 alignleft\" src=\"http:\/\/revista.vps.co.ve\/wp-content\/uploads\/2021\/06\/planeta-quemandose-300x180.png\" alt=\"\" width=\"300\" height=\"180\" srcset=\"https:\/\/elvitraldelaciencia.org\/revista\/wp-content\/uploads\/2021\/06\/planeta-quemandose-300x180.png 300w, https:\/\/elvitraldelaciencia.org\/revista\/wp-content\/uploads\/2021\/06\/planeta-quemandose-768x461.png 768w, https:\/\/elvitraldelaciencia.org\/revista\/wp-content\/uploads\/2021\/06\/planeta-quemandose.png 1000w\" sizes=\"auto, (max-width: 300px) 100vw, 300px\" \/>LA EMERGENCIA CLIM\u00c1TICA Y EL SARS-CoV-2<\/strong><\/span><\/p>\n<p><span style=\"color: #3366ff;\"><strong>\u00bfHay Opciones?<\/strong><\/span><br \/>\n<span style=\"color: #000000;\"><strong>Agroecol\u00f3go Miguel A. Nu\u00f1ez N.<\/strong><\/span><\/p>\n<p style=\"text-align: justify;\"><span style=\"color: #800000;\">Crisis o Emergencia Clim\u00e1tica?<\/span><br \/>\nEn las pasadas celebraciones del D\u00eda Internacional de la Tierra 2021, se impuso como tendencia en los grandes medios de comunicaci\u00f3n, redes sociales y twitter la frase \u201ccrisis o emergencia clim\u00e1tica\u201d, la cual se escuch\u00f3 m\u00e1s que la expresi\u00f3n \u201ccambios clim\u00e1ticos\u201d. \u00bfPor qu\u00e9 y para qu\u00e9 se ha dado tal cambio?<br \/>\nAl parecer, por fin nos estamos dando cuenta de que esta grave problem\u00e1tica planetaria se ha percibido y encauzado equivocadamente y de que en forma reiterada se han cometido errores.<\/p>\n<p><a href=\"http:\/\/revista.vps.co.ve\/wp-content\/uploads\/2021\/06\/art-miguel-angel.pdf\">Ver art\u00edculo completo<\/a><\/p>\n<p>&nbsp;<\/p>\n<p><span style=\"font-size: 14pt; color: #800000;\"><strong><img loading=\"lazy\" decoding=\"async\" class=\" wp-image-2197 alignleft\" src=\"http:\/\/revista.vps.co.ve\/wp-content\/uploads\/2021\/06\/art-natalia-300x151.png\" alt=\"\" width=\"435\" height=\"219\" srcset=\"https:\/\/elvitraldelaciencia.org\/revista\/wp-content\/uploads\/2021\/06\/art-natalia-300x151.png 300w, https:\/\/elvitraldelaciencia.org\/revista\/wp-content\/uploads\/2021\/06\/art-natalia-1024x514.png 1024w, https:\/\/elvitraldelaciencia.org\/revista\/wp-content\/uploads\/2021\/06\/art-natalia-768x386.png 768w, https:\/\/elvitraldelaciencia.org\/revista\/wp-content\/uploads\/2021\/06\/art-natalia.png 1193w\" sizes=\"auto, (max-width: 435px) 100vw, 435px\" \/>La Salud Mental En Pandemia:<\/strong><\/span><br \/>\n<span style=\"color: #3366ff;\"><strong>Un Asunto A Resolver<\/strong><\/span><\/p>\n<p><strong>Por Lic. Natalia S\u00e1nchez C\u00e1ceres<\/strong><\/p>\n<p style=\"text-align: justify;\">En la actualidad, la humanidad se encuentra inmersa en un mundo de incertidumbre donde los Estados establecen medidas de obligatoriedad (distanciamiento social, aislamiento o cuarentena) para hacer frente a un \u201c enemigo\u201d invisible que pone en riesgo no solo los sistemas sanitarios sino tambi\u00e9n los econ\u00f3micos y los pol\u00edticos.<\/p>\n<p style=\"text-align: justify;\">El coronavirus, entonces, resulta el s\u00edntoma macabro de una crisis civilizatoria, la crisis de una manera de vivir, de organizarse, de producir, de relacionarse consigo mismo, con el otro, con los otros y con la naturaleza; la crisis de una manera de alimentarnos, de curar las enfermedades, y hasta de la manera de jugar, de trabajar, de pensar, de amar.<\/p>\n<p><a href=\"http:\/\/revista.vps.co.ve\/wp-content\/uploads\/2021\/06\/art-natalia.pdf\">Ver art\u00edculo completo<\/a><\/p>\n<p>&nbsp;<\/p>\n<p><span style=\"color: #800000;\"><strong><img loading=\"lazy\" decoding=\"async\" class=\" wp-image-2198 alignleft\" src=\"http:\/\/revista.vps.co.ve\/wp-content\/uploads\/2021\/06\/art-carlos-300x193.png\" alt=\"\" width=\"406\" height=\"261\" srcset=\"https:\/\/elvitraldelaciencia.org\/revista\/wp-content\/uploads\/2021\/06\/art-carlos-300x193.png 300w, https:\/\/elvitraldelaciencia.org\/revista\/wp-content\/uploads\/2021\/06\/art-carlos-1024x658.png 1024w, https:\/\/elvitraldelaciencia.org\/revista\/wp-content\/uploads\/2021\/06\/art-carlos-768x494.png 768w, https:\/\/elvitraldelaciencia.org\/revista\/wp-content\/uploads\/2021\/06\/art-carlos.png 1195w\" sizes=\"auto, (max-width: 406px) 100vw, 406px\" \/>PODER GLOBAL Y&#8230; COSMOVISI\u00d3N<br \/>\n<span style=\"color: #000000;\">Por Dr. Carlos Aponte, Ph.D<\/span><\/strong><\/span><\/p>\n<p style=\"text-align: justify;\">Primero, debemos hacer una pausa e intentar aproximarnos \u2013en primera instancia- \u00bfa qu\u00e9 llamamos Poder Global? Para Xavier Batalla, \u00abEl Poder Global estuvo poco repartido en el siglo XX, pero en el siglo XXI ser\u00e1 diferente. La paix britannica enriqueci\u00f3 a Jap\u00f3n, Alemania y EEUU, y la globalizaci\u00f3n actual ha hecho algo similar por China, India y Brasil. \u00bfCu\u00e1l ser\u00e1, entonces, el orden o desorden internacional del siglo XXI: unipolar, multipolar o apolar? [\u2026]. Lo \u00fanico que parece seguro es que la difusi\u00f3n del poder es el anuncio de un hist\u00f3rico desaf\u00edo a la hegemon\u00eda ejercida por Occidente.<\/p>\n<p><a href=\"http:\/\/revista.vps.co.ve\/wp-content\/uploads\/2021\/06\/art-carlos.pdf\">Ver art\u00edculo completo<\/a><\/p>\n<p>&nbsp;<\/p>\n<p>&nbsp;<\/p>\n<p><span style=\"font-size: 14pt; color: #800000;\"><strong><img loading=\"lazy\" decoding=\"async\" class=\"wp-image-2200 alignleft\" src=\"http:\/\/revista.vps.co.ve\/wp-content\/uploads\/2021\/06\/art-eneida-300x90.png\" alt=\"\" width=\"640\" height=\"192\" srcset=\"https:\/\/elvitraldelaciencia.org\/revista\/wp-content\/uploads\/2021\/06\/art-eneida-300x90.png 300w, https:\/\/elvitraldelaciencia.org\/revista\/wp-content\/uploads\/2021\/06\/art-eneida-1024x307.png 1024w, https:\/\/elvitraldelaciencia.org\/revista\/wp-content\/uploads\/2021\/06\/art-eneida-768x231.png 768w, https:\/\/elvitraldelaciencia.org\/revista\/wp-content\/uploads\/2021\/06\/art-eneida.png 1209w\" sizes=\"auto, (max-width: 640px) 100vw, 640px\" \/>VENEZUELA BAJO ASEDIO IMPERIAL<\/strong><\/span><br \/>\n<span style=\"color: #3366ff;\"><strong>LA DIGNIDAD POR ENCIMA DEL MIEDO<\/strong><\/span><br \/>\n<strong>Por M.Sc Eneida L\u00f3pez<\/strong><\/p>\n<p style=\"text-align: justify;\">Seg\u00fan las palabras textuales de Richard Nephew, autor estadounidense del libro The Art of Sanctions, un experto en el uso de sanciones para la disuasi\u00f3n y el impacto en pa\u00edses adversos a EE.UU (asesor de D. Trump, y actualmente se desempe\u00f1a en la administraci\u00f3n de Biden-Harris), recomienda \u201cun proceso de seis elementos para desarrollar un enfoque caso por caso para la imposici\u00f3n de sanciones\u201d. Bajo estas pr\u00e1cticas, un estado que considere o desarrolle un r\u00e9gimen de sanciones debe: Desarrollar una estrategia para aumentar de manera cuidadosa, met\u00f3dica y eficiente el dolor en aquellas \u00e1reas que son vulnerabilidades y evitar las que no lo son. El asesor a\u00f1ade que el estado sancionador debe identificar los objetivos para la imposici\u00f3n del dolor y definir los pasos correctivos m\u00ednimos necesarios que el estado objetivo debe tomar para eliminar el dolor (https:\/\/www.energypolicy.columbia.edu\/research\/commentary\/evaluating-trump-administration-s-approach-sanctions-venezuela).<\/p>\n<p style=\"text-align: justify;\">Con estas palabras iniciales, queremos reflejar que la terrible situaci\u00f3n que est\u00e1 viviendo Venezuela, es producto de un plan criminal bien estructurado por a\u00f1os en las diferentes gestiones del gobierno estadounidense: la administraci\u00f3n Trump procedi\u00f3 inicialmente con una estrategia razonablemente cuidadosa y bien articulada: socavar la legitimidad y eficacia del r\u00e9gimen de Maduro interna e internacionalmente con el objetivo de facilitar una transici\u00f3n de gobierno, dice el asesor Nephew.<\/p>\n<p><a href=\"http:\/\/revista.vps.co.ve\/wp-content\/uploads\/2021\/06\/art-eneida-1.pdf\">Ver articulo completo<\/a><\/p>\n<p>&nbsp;<\/p>\n<p>&nbsp;<\/p>\n<p><span style=\"color: #800000; font-size: 14pt;\"><strong><img loading=\"lazy\" decoding=\"async\" class=\" wp-image-2202 alignleft\" src=\"http:\/\/revista.vps.co.ve\/wp-content\/uploads\/2021\/06\/redes-sociales-200x300.jpg\" alt=\"\" width=\"258\" height=\"387\" srcset=\"https:\/\/elvitraldelaciencia.org\/revista\/wp-content\/uploads\/2021\/06\/redes-sociales-200x300.jpg 200w, https:\/\/elvitraldelaciencia.org\/revista\/wp-content\/uploads\/2021\/06\/redes-sociales.jpg 564w\" sizes=\"auto, (max-width: 258px) 100vw, 258px\" \/>INTERNET, REDES SOCIALES Y JUVENTUD:<\/strong><\/span><br \/>\n<span style=\"color: #3366ff;\"><strong>UN POLINOMIO D\u00cdFICIL DE RESOLVER<\/strong><\/span><\/p>\n<p><strong>Por Lic. Adriana Mart\u00ednez y Dr. Miguel Alfonzo<\/strong><\/p>\n<p style=\"text-align: justify;\">Las nuevas tecnolog\u00edas se han instalado de tal forma y a tal velocidad en nuestras vidas que hoy no concebimos nuestra existencia sin el correo electr\u00f3nico, el WhatsApp, las redes sociales, o los buscadores. Vivimos en la era digital, por ello, los j\u00f3venes tienen que adquirir una alta competencia digital, porque van a vivir en un mundo info-tecnol\u00f3gico. Esto no plantea ning\u00fan problema te\u00f3rico, y los pr\u00e1cticos son f\u00e1ciles de resolver, incluido el hecho de que los j\u00f3venes sean nativos digitales, pero tendremos que estar muy atentos al uso que hacen de estas tecnolog\u00edas porque puede no estar exento de peligros.<\/p>\n<p><a href=\"http:\/\/revista.vps.co.ve\/wp-content\/uploads\/2021\/06\/art-adriana.pdf\">Ver art\u00edculo completo<\/a><\/p>\n<p>&nbsp;<\/p>\n","protected":false},"excerpt":{"rendered":"<p>&nbsp; &nbsp; Volumen 1. (N\u00b0 5). A\u00f1o 2021 &nbsp; Ver Revista n\u00b0 5 &nbsp; &nbsp; &nbsp; &nbsp; Se Requieren Lentes de Correcci\u00f3n SE DESDIBUJA EL MUNDO&#8230;.. Por Dr. Miguel Alfonzo,&hellip; <\/p>\n","protected":false},"author":2,"featured_media":2191,"comment_status":"closed","ping_status":"closed","sticky":false,"template":"","format":"standard","meta":{"footnotes":""},"categories":[11,22,21],"tags":[],"class_list":["post-2190","post","type-post","status-publish","format-standard","has-post-thumbnail","hentry","category-destacado","category-vitral","category-publi"],"_links":{"self":[{"href":"https:\/\/elvitraldelaciencia.org\/revista\/wp-json\/wp\/v2\/posts\/2190","targetHints":{"allow":["GET"]}}],"collection":[{"href":"https:\/\/elvitraldelaciencia.org\/revista\/wp-json\/wp\/v2\/posts"}],"about":[{"href":"https:\/\/elvitraldelaciencia.org\/revista\/wp-json\/wp\/v2\/types\/post"}],"author":[{"embeddable":true,"href":"https:\/\/elvitraldelaciencia.org\/revista\/wp-json\/wp\/v2\/users\/2"}],"replies":[{"embeddable":true,"href":"https:\/\/elvitraldelaciencia.org\/revista\/wp-json\/wp\/v2\/comments?post=2190"}],"version-history":[{"count":0,"href":"https:\/\/elvitraldelaciencia.org\/revista\/wp-json\/wp\/v2\/posts\/2190\/revisions"}],"wp:featuredmedia":[{"embeddable":true,"href":"https:\/\/elvitraldelaciencia.org\/revista\/wp-json\/wp\/v2\/media\/2191"}],"wp:attachment":[{"href":"https:\/\/elvitraldelaciencia.org\/revista\/wp-json\/wp\/v2\/media?parent=2190"}],"wp:term":[{"taxonomy":"category","embeddable":true,"href":"https:\/\/elvitraldelaciencia.org\/revista\/wp-json\/wp\/v2\/categories?post=2190"},{"taxonomy":"post_tag","embeddable":true,"href":"https:\/\/elvitraldelaciencia.org\/revista\/wp-json\/wp\/v2\/tags?post=2190"}],"curies":[{"name":"wp","href":"https:\/\/api.w.org\/{rel}","templated":true}]}}