{"id":2294,"date":"2021-07-15T21:57:47","date_gmt":"2021-07-16T01:57:47","guid":{"rendered":"http:\/\/revista.vps.co.ve\/?p=2294"},"modified":"2021-07-15T21:57:47","modified_gmt":"2021-07-16T01:57:47","slug":"que-hacer-con-los-millones-de-pacientes-con-secuelas-de-covid-19-en-la-postpandemia-planificar","status":"publish","type":"post","link":"https:\/\/elvitraldelaciencia.org\/revista\/que-hacer-con-los-millones-de-pacientes-con-secuelas-de-covid-19-en-la-postpandemia-planificar\/","title":{"rendered":"\u00bfQU\u00c9 HACER CON LOS MILLONES DE PACIENTES CON SECUELAS DE COVID-19 EN LA POSTPANDEMIA? PLANIFICAR"},"content":{"rendered":"<p style=\"text-align: justify;\"><img loading=\"lazy\" decoding=\"async\" class=\" wp-image-2296 alignleft\" src=\"http:\/\/revista.vps.co.ve\/wp-content\/uploads\/2021\/07\/SECUELAS-DEL-COVID-19-b-300x171.jpg\" alt=\"\" width=\"432\" height=\"246\" srcset=\"https:\/\/elvitraldelaciencia.org\/revista\/wp-content\/uploads\/2021\/07\/SECUELAS-DEL-COVID-19-b-300x171.jpg 300w, https:\/\/elvitraldelaciencia.org\/revista\/wp-content\/uploads\/2021\/07\/SECUELAS-DEL-COVID-19-b.jpg 580w\" sizes=\"auto, (max-width: 432px) 100vw, 432px\" \/>Ya es una realidad, los pa\u00edses van a tener un considerable sector de personas convalecientes de la enfermedad de la COVID-19 que presentar\u00e1 una serie de secuelas que hasta ahora no hay capacidad de poder predecir las graves consecuencias que tendr\u00e1n tanto los sobrevivientes como los gobiernos para garantizarles la recuperaci\u00f3n. Por supuesto, las brechas sociales existentes en las distintas sociedades y que fueron ampliadas mucho m\u00e1s por la pandemia, en la postpandemia se visualizar\u00e1 con un mayor dramatismo como las desigualdades influir\u00e1n discriminadamente, siendo mucho m\u00e1s dif\u00edcil la recuperaci\u00f3n de los sobrevivientes de las clases menos pudientes.<\/p>\n<p style=\"text-align: justify;\"><span>En EE. UU, un n\u00famero creciente de estudios encuentra que <\/span><a href=\"https:\/\/health.ucdavis.edu\/health-news\/newsroom\/studies-show-long-haul-covid-19-afflicts-1-in-4-covid-19-patients-regardless-of-severity\/2021\/03\"><span>m\u00e1s de una cuarta parte<\/span><\/a><span>\u00a0de los pacientes han\u00a0<\/span><a href=\"https:\/\/s3.amazonaws.com\/media2.fairhealth.org\/whitepaper\/asset\/A%20Detailed%20Study%20of%20Patients%20with%20Long-Haul%20COVID--An%20Analysis%20of%20Private%20Healthcare%20Claims--A%20FAIR%20Health%20White%20Paper.pdf\"><span>desarrollado\u00a0<\/span><\/a><a href=\"https:\/\/jamanetwork.com\/journals\/jamanetworkopen\/fullarticle\/2776560\"><span>alguna<\/span><\/a><span>\u00a0forma de\u00a0<\/span><a href=\"https:\/\/www.cnn.com\/2021\/06\/18\/health\/long-haul-covid-19-treatments-and-developments\/index.html\"><span>COVID prolongado<\/span><\/a><span> .\u00a0En un estudio de China, tres cuartas partes de los pacientes ten\u00edan al menos\u00a0<\/span><a href=\"https:\/\/www.thelancet.com\/journals\/lancet\/article\/PIIS0140-6736(20)32656-8\/fulltext\"><span>un s\u00edntoma en curso<\/span><\/a><span>\u00a0seis meses despu\u00e9s del alta hospitalaria, y en\u00a0<\/span><a href=\"https:\/\/watermark.silverchair.com\/jiab120.pdf?token=AQECAHi208BE49Ooan9kkhW_Ercy7Dm3ZL_9Cf3qfKAc485ysgAAAqIwggKeBgkqhkiG9w0BBwagggKPMIICiwIBADCCAoQGCSqGSIb3DQEHATAeBglghkgBZQMEAS4wEQQM9uf4m54_Na9RLgzlAgEQgIICVZj4h-0gFHrcUlSCIKnudBfE4uajH3PCZQsg6avZENgG5wQiXlBSUOMJ0zEV35whHBHmzbNFTeNlCxzWIAPv9wA174AOsvxW-tJzfuUZSjM1FozDZRMRLBCDWLYd0ySRUtoPsLC1nFkYRvSRJkRMOGHe0nw9PoR02cXjeCCThJsur2obXIVWsSEYhoOJdES4njiPyfKEmFaZE8oa6sglPgsvsj-qBh_DxW4_N6hGSVFsSawGbEy4DFUZudGNXFVbTg8u3rOOiTsf5W8TyIv_Nvee3MjiROK0tUVEiZ7JFgrjjwdMwGF2o1pefv2R50NigAM5ax9MNw10HX1Yo8LrnRh-XyyUhXsnfGUqIz9BsCnUSWcsbM8f95iMeiUMNR-212iEk7ouENMSJEw_Dme2ToBZBWbkV_HPD0VE2XLcloF0h0nkuy895y6i4oMoFVBuzKMqOhxUTcEiYvwJdmVP41-MSbwbNmcTxH377jlqXenTJ1OQsKYLavm1PA50DBm7nNsfYR0Clo8NgINAHCdM4lfK6ys6EHa9LI0wYdRL5bUOsibysXBMmxkO2ovDes36F8aBW7LNE7TfDlCv4gS47QbZhoVys4kGK3tnS7CfX98IBTBqs5_vqTC7QeMjZjTHSSgE99upI2riBZWwvOALhvUODP5Mf7gxeGgJXEOyG_d2Am9JTZSV1w3huLH-yzrWqmx2yW6NwceYxg2qRIa6xyPFJK2c2e5gLUECn9n4oLcwU1GqZAKoiy54TtJ19_aeXHvEw5ANmjXW-XcSVjq84vR8Va7D5w\"><span>otro informe<\/span><\/a> <span>m\u00e1s de la mitad de los trabajadores de la salud infectados presentaron s\u00edntomas entre siete y ocho meses despu\u00e9s). Las indicaciones iniciales sugieren que la probabilidad de desarrollar s\u00edntomas persistentes puede no estar relacionada con la gravedad de la enfermedad inicial;\u00a0Incluso es concebible que infecciones que inicialmente eran asintom\u00e1ticas puedan causar posteriormente problemas persistentes.<\/span><\/p>\n<p style=\"text-align: justify;\"><span>Los s\u00edntomas comunes a largo plazo incluyen fatiga;\u00a0problemas respiratorios;\u00a0\u00abniebla del cerebro\u00bb;\u00a0problemas card\u00edacos, renales y gastrointestinales;\u00a0y p\u00e9rdida del olfato y el gusto.\u00a0Siguen surgiendo manifestaciones sorprendentes, como la reciente comprensi\u00f3n de que la infecci\u00f3n puede precipitar la diabetes.<\/span><\/p>\n<p style=\"text-align: justify;\"><span>Para algunos, los s\u00edntomas han continuado durante muchos meses sin un final aparente a la vista, y muchos sobrevivientes temen que simplemente tendr\u00e1n que adaptarse a una \u00abnueva normalidad\u00bb.\u00a0Cada vez m\u00e1s pacientes no han podido regresar al trabajo, incluso meses despu\u00e9s de su enfermedad inicial.\u00a0Si bien el n\u00famero de pacientes con enfermedad persistente permanece indeterminado tan temprano en la pandemia, las estimaciones sugieren que millones de sobrevivientes pueden ingresar a las filas de los discapacitados permanentemente.<\/span><\/p>\n<p style=\"text-align: justify;\"><span><img loading=\"lazy\" decoding=\"async\" class=\" wp-image-2295 alignleft\" src=\"http:\/\/revista.vps.co.ve\/wp-content\/uploads\/2021\/07\/SECUELAS-DEL-COVID-19-300x225.jpg\" alt=\"\" width=\"427\" height=\"320\" srcset=\"https:\/\/elvitraldelaciencia.org\/revista\/wp-content\/uploads\/2021\/07\/SECUELAS-DEL-COVID-19-300x225.jpg 300w, https:\/\/elvitraldelaciencia.org\/revista\/wp-content\/uploads\/2021\/07\/SECUELAS-DEL-COVID-19-80x60.jpg 80w, https:\/\/elvitraldelaciencia.org\/revista\/wp-content\/uploads\/2021\/07\/SECUELAS-DEL-COVID-19-320x240.jpg 320w, https:\/\/elvitraldelaciencia.org\/revista\/wp-content\/uploads\/2021\/07\/SECUELAS-DEL-COVID-19.jpg 590w\" sizes=\"auto, (max-width: 427px) 100vw, 427px\" \/>Los costos relacionados con la atenci\u00f3n m\u00e9dica y la discapacidad tambi\u00e9n son a\u00fan desconocidos.\u00a0<\/span><span>\u00bfCu\u00e1ntos \u201ctransportistas de larga distancia\u201d nunca podr\u00e1n regresar al trabajo?\u00a0<\/span><span>\u00bfCu\u00e1ntos necesitar\u00e1n pagos por discapacidad a corto plazo?\u00a0<\/span><span>\u00bfCu\u00e1ntos quedar\u00e1n permanentemente discapacitados y se volver\u00e1n dependientes de los programas de discapacidad?\u00a0<\/span><span>A medida que un n\u00famero cada vez mayor de personas m\u00e1s j\u00f3venes se infecte, \u00bfveremos una generaci\u00f3n completa de enfermos cr\u00f3nicos?\u00a0<\/span><span>Debemos trabajar activamente para comprender mejor el tama\u00f1o y el alcance del problema y comenzar a planificar ahora.<\/span><\/p>\n<p style=\"text-align: justify;\"><span>Adem\u00e1s del sufrimiento personal, la discapacidad a largo plazo tiene un precio asombroso, incluido el aumento de los costos de atenci\u00f3n m\u00e9dica; reducci\u00f3n o p\u00e9rdida de empleo;\u00a0y tensi\u00f3n econ\u00f3mica en los programas de compensaci\u00f3n para trabajadores y de apoyo por discapacidad.\u00a0Se ha estimado que hasta un 30 por ciento de la carga de salud de COVID podr\u00eda surgir de\u00a0<a href=\"https:\/\/www.nature.com\/articles\/d41586-021-01392-2\">la discapacidad inducida<\/a>\u00a0por\u00a0<a href=\"https:\/\/www.nature.com\/articles\/d41586-021-01392-2\">COVID.<\/a><\/span><\/p>\n<p style=\"text-align: justify;\"><span>Parecen estar mal equipados para hacer frente a esta nueva corriente de pacientes con discapacidad cr\u00f3nica.\u00a0<\/span><span>Tanto los pacientes como los empleadores pueden verse abrumados por la burocracia inherente del sistema, incluida la compensaci\u00f3n del trabajador, el seguro social por discapacidad y el seguro privado por discapacidad.\u00a0<\/span><span>Por ejemplo, es extremadamente dif\u00edcil determinar si los trabajadores contrajeron la infecci\u00f3n en su lugar de trabajo o en la comunidad;\u00a0<\/span><span>el acceso limitado a las pruebas significa que muchos pacientes no pueden documentar su infecci\u00f3n inicial;\u00a0<\/span><span>y los requisitos de la Administraci\u00f3n del Seguro Social (SSA) de que los impedimentos deben durar o se espera que duren al menos 12 meses y evitar una actividad \u00absustancial y lucrativa\u00bb son abrumadores.\u00a0<\/span><span>Pero no podemos ser miopes.<\/span><\/p>\n<p style=\"text-align: justify;\">Se requiere una serie de condiciones para solventar parte de esta futra pero inmediata problem\u00e1tica de salud p\u00fablica<\/p>\n<ol style=\"text-align: justify;\">\n<li><span><strong>Investigaci\u00f3n para comprender mejor la discapacidad causada por un COVID prolongado.<\/strong><\/span><\/li>\n<li><strong><span>Servicios de salud para gestionar COVID prolongado.<\/span><\/strong><\/li>\n<li><strong><span>Programas de compensaci\u00f3n laboral y seguro\u00a0 por discapacidad.<\/span><\/strong><\/li>\n<\/ol>\n<p style=\"text-align: justify;\"><span>Es comprensible que todav\u00eda no hayamos resuelto todos los problemas relacionados con la discapacidad asociada a COVID;\u00a0<\/span><span>no hemos comprendido completamente todas las implicaciones de esta perniciosa (y todav\u00eda algo misteriosa) enfermedad.\u00a0<\/span><span>Despu\u00e9s de todo, desde principios de 2020, hemos estado luchando para abordar la crisis inmediata y c\u00f3mo lidiar con los nuevos problemas que surgen d\u00eda a d\u00eda.\u00a0<\/span><span>Pero ha llegado el momento de planificar proactivamente lo que sin duda ser\u00e1 el enorme impacto nuevo que el COVID a largo plazo tendr\u00e1 en nuestros programas de discapacidad.<\/span><\/p>\n<figure id=\"image-1\" class=\"article-media \" style=\"text-align: justify;\" aria-label=\"medios de comunicaci\u00f3n\">\n<div class=\"article-media__object \"><\/div><figcaption class=\"t_caption\"><\/figcaption><\/figure>\n<div class=\"article-block article-text\" style=\"box-sizing: inherit; margin: 30px 0px 0px; padding: 0px; outline: 0px; border: 0px; background: #ffffff; vertical-align: baseline; overflow-wrap: break-word; font-size: 16px; color: #1a1a1a; font-family: Georgia, serif; font-style: normal; font-variant-ligatures: normal; font-variant-caps: normal; font-weight: 400; letter-spacing: normal; orphans: 2; text-align: start; text-indent: 0px; text-transform: none; white-space: normal; widows: 2; word-spacing: 0px; -webkit-text-stroke-width: 0px; text-decoration-thickness: initial; text-decoration-style: initial; text-decoration-color: initial;\" data-behavior=\"newsletter_promo dfp_article_rendering \" data-dfp-adword=\"Advertisement\" data-newsletterpromo_article-text=\"&lt;p&gt;Sign up for &lt;em&gt;Scientific American&lt;\/em&gt;&amp;rsquo;s free newsletters.&lt;\/p&gt;\" data-newsletterpromo_article-image=\"https:\/\/static.scientificamerican.com\/sciam\/cache\/file\/CF54EB21-65FD-4978-9EEF80245C772996_source.jpg\" data-newsletterpromo_article-button-text=\"Sign Up\" data-newsletterpromo_article-button-link=\"https:\/\/www.scientificamerican.com\/page\/newsletter-sign-up\/?origincode=2018_sciam_ArticlePromo_NewsletterSignUp\">\n<div class=\"mura-region mura-region-loose\">\n<div class=\"mura-region-local\">\n<p style=\"text-align: justify;\">\n<\/div>\n<\/div>\n<\/div>\n","protected":false},"excerpt":{"rendered":"<p>Ya es una realidad, los pa\u00edses van a tener un considerable sector de personas convalecientes de la enfermedad de la COVID-19 que presentar\u00e1 una serie de secuelas que hasta ahora&hellip; <\/p>\n","protected":false},"author":2,"featured_media":2297,"comment_status":"closed","ping_status":"closed","sticky":false,"template":"","format":"standard","meta":{"footnotes":""},"categories":[16,11,18],"tags":[],"class_list":["post-2294","post","type-post","status-publish","format-standard","has-post-thumbnail","hentry","category-avan","category-destacado","category-porta"],"_links":{"self":[{"href":"https:\/\/elvitraldelaciencia.org\/revista\/wp-json\/wp\/v2\/posts\/2294","targetHints":{"allow":["GET"]}}],"collection":[{"href":"https:\/\/elvitraldelaciencia.org\/revista\/wp-json\/wp\/v2\/posts"}],"about":[{"href":"https:\/\/elvitraldelaciencia.org\/revista\/wp-json\/wp\/v2\/types\/post"}],"author":[{"embeddable":true,"href":"https:\/\/elvitraldelaciencia.org\/revista\/wp-json\/wp\/v2\/users\/2"}],"replies":[{"embeddable":true,"href":"https:\/\/elvitraldelaciencia.org\/revista\/wp-json\/wp\/v2\/comments?post=2294"}],"version-history":[{"count":0,"href":"https:\/\/elvitraldelaciencia.org\/revista\/wp-json\/wp\/v2\/posts\/2294\/revisions"}],"wp:featuredmedia":[{"embeddable":true,"href":"https:\/\/elvitraldelaciencia.org\/revista\/wp-json\/wp\/v2\/media\/2297"}],"wp:attachment":[{"href":"https:\/\/elvitraldelaciencia.org\/revista\/wp-json\/wp\/v2\/media?parent=2294"}],"wp:term":[{"taxonomy":"category","embeddable":true,"href":"https:\/\/elvitraldelaciencia.org\/revista\/wp-json\/wp\/v2\/categories?post=2294"},{"taxonomy":"post_tag","embeddable":true,"href":"https:\/\/elvitraldelaciencia.org\/revista\/wp-json\/wp\/v2\/tags?post=2294"}],"curies":[{"name":"wp","href":"https:\/\/api.w.org\/{rel}","templated":true}]}}