{"id":2355,"date":"2021-08-20T15:31:33","date_gmt":"2021-08-20T19:31:33","guid":{"rendered":"http:\/\/revista.vps.co.ve\/?p=2355"},"modified":"2021-08-20T15:33:12","modified_gmt":"2021-08-20T19:33:12","slug":"el-vitral-de-la-ciencia-vol-1-n-7-2021","status":"publish","type":"post","link":"https:\/\/elvitraldelaciencia.org\/revista\/el-vitral-de-la-ciencia-vol-1-n-7-2021\/","title":{"rendered":"El Vitral de la Ciencia. Vol 1. N\u00b0 7. (2021)"},"content":{"rendered":"<p>&nbsp;<\/p>\n<p><span style=\"color: #0000ff;\"><strong><img loading=\"lazy\" decoding=\"async\" class=\" wp-image-2356 alignleft\" src=\"http:\/\/revista.vps.co.ve\/wp-content\/uploads\/2021\/08\/portada-213x300.png\" alt=\"\" width=\"268\" height=\"377\" srcset=\"https:\/\/elvitraldelaciencia.org\/revista\/wp-content\/uploads\/2021\/08\/portada-213x300.png 213w, https:\/\/elvitraldelaciencia.org\/revista\/wp-content\/uploads\/2021\/08\/portada.png 625w\" sizes=\"auto, (max-width: 268px) 100vw, 268px\" \/><span style=\"font-size: 14pt;\">Vol 1. (N\u00b0 7). A\u00f1o 2021<\/span><\/strong><\/span><\/p>\n<p>&nbsp;<\/p>\n<p><span style=\"color: #0000ff;\"><strong><a style=\"color: #0000ff;\" href=\"https:\/\/drive.google.com\/file\/d\/1y0KIyWT7l1DkHe9XGOylpE4VQnnRYQvE\/view?usp=sharing\">Ver re<\/a><\/strong><a style=\"color: #0000ff;\" href=\"https:\/\/drive.google.com\/file\/d\/1y0KIyWT7l1DkHe9XGOylpE4VQnnRYQvE\/view?usp=sharing\"><strong>vista completa<\/strong><\/a><\/span><\/p>\n<p>&nbsp;<\/p>\n<p>&nbsp;<\/p>\n<p>&nbsp;<\/p>\n<p>&nbsp;<\/p>\n<p>&nbsp;<\/p>\n<p>&nbsp;<\/p>\n<p>&nbsp;<\/p>\n<p>&nbsp;<\/p>\n<p><span style=\"font-size: 14pt; color: #993366;\"><strong><img loading=\"lazy\" decoding=\"async\" class=\" wp-image-2357 alignleft\" src=\"http:\/\/revista.vps.co.ve\/wp-content\/uploads\/2021\/08\/art-miguel-300x212.png\" alt=\"\" width=\"480\" height=\"339\" srcset=\"https:\/\/elvitraldelaciencia.org\/revista\/wp-content\/uploads\/2021\/08\/art-miguel-300x212.png 300w, https:\/\/elvitraldelaciencia.org\/revista\/wp-content\/uploads\/2021\/08\/art-miguel-1024x723.png 1024w, https:\/\/elvitraldelaciencia.org\/revista\/wp-content\/uploads\/2021\/08\/art-miguel-768x543.png 768w, https:\/\/elvitraldelaciencia.org\/revista\/wp-content\/uploads\/2021\/08\/art-miguel.png 1271w\" sizes=\"auto, (max-width: 480px) 100vw, 480px\" \/><span style=\"color: #800000;\">Los Oc\u00e9anos, Cambio Clim\u00e1tico<\/span><\/strong><\/span><br \/>\n<span style=\"font-size: 14pt; color: #800000;\"><strong>y Seguridad Alimentaria<\/strong><\/span><\/p>\n<p><strong>Por Dr. Miguel Alfonzo<\/strong><\/p>\n<p style=\"text-align: justify;\">Los oc\u00e9anos, que ocupan tres cuartas partes de la superficie del planeta, est\u00e1n m\u00e1s calientes, m\u00e1s \u00e1cidos y menos productivos que nunca. La soluci\u00f3n pasa por dejar de emitir gases de efecto invernadero.<\/p>\n<p style=\"text-align: justify;\">El 96,5 % del agua mundial se encuentra en los oc\u00e9anos, y absorbe gran parte del calor extra y del carbono que los humanos emitimos a la atm\u00f3sfera. Son imprescindibles para la vida. Tambi\u00e9n los aliados perfectos para hacer frente a la crisis clim\u00e1tica. Sin embargo, el propio calentamiento global de la atm\u00f3sfera est\u00e1 poniendo en jaque estos ecosistemas llenos de vida.<\/p>\n<p style=\"text-align: justify;\">En 2020, sin ir m\u00e1s lejos, los oc\u00e9anos se recalentaron como nunca antes. \u00abEl calentamiento a largo plazo del oc\u00e9ano es un indicador cr\u00edtico del estado pasado y presente del sistema clim\u00e1tico\u00bb, advert\u00eda un estudio publicado en Advances in Atmospheric Sciences a principios de a\u00f1o (Silvy, Y. et al. Nature Climate Change volume 10, 2020). Seg\u00fan los hallazgos del equipo de especialistas, la temperatura de la parte superior del oc\u00e9ano estuvo en el a\u00f1o pasado 234 zetajulios (ZJ) por encima de la media hist\u00f3rica y unos 20 m\u00e1s que en 2019.<\/p>\n<p><span style=\"font-size: 12pt; color: #0000ff;\"><strong><a style=\"color: #0000ff;\" href=\"http:\/\/revista.vps.co.ve\/wp-content\/uploads\/2021\/08\/art-miguel.pdf\">Ver art\u00edculo completo<\/a><\/strong><\/span><\/p>\n<p>&nbsp;<\/p>\n<p><span style=\"font-size: 14pt; color: #800000;\"><strong><img loading=\"lazy\" decoding=\"async\" class=\" wp-image-2359 alignleft\" src=\"http:\/\/revista.vps.co.ve\/wp-content\/uploads\/2021\/08\/art-beatriz-300x212.png\" alt=\"\" width=\"440\" height=\"311\" srcset=\"https:\/\/elvitraldelaciencia.org\/revista\/wp-content\/uploads\/2021\/08\/art-beatriz-300x212.png 300w, https:\/\/elvitraldelaciencia.org\/revista\/wp-content\/uploads\/2021\/08\/art-beatriz-1024x723.png 1024w, https:\/\/elvitraldelaciencia.org\/revista\/wp-content\/uploads\/2021\/08\/art-beatriz-768x542.png 768w, https:\/\/elvitraldelaciencia.org\/revista\/wp-content\/uploads\/2021\/08\/art-beatriz.png 1274w\" sizes=\"auto, (max-width: 440px) 100vw, 440px\" \/>Oc\u00e9anos y Sustentabilidad<br \/>\n<\/strong><\/span><span style=\"color: #3366ff;\"><strong>A la luz del cambio clim\u00e1tico y la pandemia por la COVID-19<\/strong><\/span><\/p>\n<p><strong>Por Dra. Beatriz L\u00f3pez-S\u00e1nchez<\/strong><\/p>\n<p style=\"text-align: justify;\">La naturaleza, a trav\u00e9s de sus procesos ecol\u00f3gicos y evolutivos, ha mantenido la calidad del aire, del agua dulce y de los suelos de la que depende la humanidad. Los oc\u00e9anos son fundamentales para el desarrollo y sustentabilidad de las sociedades humanas. La salud del oc\u00e9ano es la salud de la humanidad. Los oc\u00e9anos ofrecen los cimientos para la salud humana en todas sus dimensiones y contribuye a los aspectos inmateriales de la calidad de vida, belleza esc\u00e9nica para la inspiraci\u00f3n y el gozo, laboratorios naturales para el aprendizaje y educaci\u00f3n, experiencias f\u00edsicas y psicol\u00f3gicas, y apoyo a la identidad cultural, que son fundamentales para la calidad de vida y la integridad cultural de las sociedades humanas.<\/p>\n<p style=\"text-align: justify;\">Resalta su papel como proveedores de alimento para los seres humanos a trav\u00e9s de la enorme diversidad animal y vegetal que alberga, y que son obtenidas a trav\u00e9s de las pesquer\u00edas y de la acuicultura. La gran diversidad de ecosistemas marinos localizados principalmente en las franjas costeras de los continentes, contribuyen con la alta producci\u00f3n pesquera y el mantenimiento del equilibrio ecol\u00f3gico, funcionando como amortiguadores de las grandes cargas de nutrientes, contaminantes y sedimentos que alcanzan los oc\u00e9anos provenientes de los r\u00edos que desembocan en el mar.<\/p>\n<p><strong><span style=\"color: #0000ff;\"><a style=\"color: #0000ff;\" href=\"http:\/\/revista.vps.co.ve\/wp-content\/uploads\/2021\/08\/art-beatriz.pdf\">Ver art\u00edculo completo<\/a><\/span><\/strong><\/p>\n<p>&nbsp;<\/p>\n<p><span style=\"font-size: 14pt; color: #800000;\"><strong><img loading=\"lazy\" decoding=\"async\" class=\" wp-image-2361 alignleft\" src=\"http:\/\/revista.vps.co.ve\/wp-content\/uploads\/2021\/08\/art-carlos-300x213.png\" alt=\"\" width=\"408\" height=\"290\" srcset=\"https:\/\/elvitraldelaciencia.org\/revista\/wp-content\/uploads\/2021\/08\/art-carlos-300x213.png 300w, https:\/\/elvitraldelaciencia.org\/revista\/wp-content\/uploads\/2021\/08\/art-carlos-1024x727.png 1024w, https:\/\/elvitraldelaciencia.org\/revista\/wp-content\/uploads\/2021\/08\/art-carlos-768x545.png 768w, https:\/\/elvitraldelaciencia.org\/revista\/wp-content\/uploads\/2021\/08\/art-carlos.png 1267w\" sizes=\"auto, (max-width: 408px) 100vw, 408px\" \/>Fragmentos de Mares y Oc\u00e9anos<\/strong><\/span><\/p>\n<p><strong>Por Dr. Carlos Aponte<\/strong><\/p>\n<p style=\"text-align: justify;\">Comenc\u00e9 esta reflexi\u00f3n desde una perspectiva algo distinta a aquella estrictamente cient\u00edfica sobre los oc\u00e9anos y mares. Quise efectivamente alejarme de la tierra para aproximarme a aquello que Mary Shelley describi\u00f3 como \u00abuno de los deberes del artista literario\u00bb que es aquel de \u00ababsorber el conocimiento de las ciencias y asimilarlo a las necesidades del hombre, colore\u00e1ndolo con las pasiones de \u00e9ste y transform\u00e1ndolo con la sangre y los huesos de la naturaleza humana\u00bb (2). Y, ciertamente, sondearemos lo que acertadamente Brito Garc\u00eda expresa como: \u00ab\u2026 Los senderos luminosos del positivista conducen irremisiblemente a la oscuridad del misterio\u2026\u00bb. Y es con esa oscuridad del misterio, y que a\u00fan conservan los mares y los oc\u00e9anos, lo que nos invitan a un estar absortos con la mirada en el atardecer, solitarios, vagando la contemplaci\u00f3n \u00absobre la popa de los pesqueros que cruzaban por el agua\u2026\u00bb (1). Por tanto, si asumimos que el paisaje que nos enmarca ahora es el de las extensas soledades oce\u00e1nicas, entonces \u00abel paisaje es la met\u00e1fora de esa otredad abismal donde cesa el precario discurso del civilizado [y del positivista]: la naturaleza, el horror indecible de la vida sin conciencia, que deja toda pregunta sin contestaci\u00f3n\u00bb (2).<\/p>\n<p><span style=\"color: #0000ff;\"><strong><a style=\"color: #0000ff;\" href=\"http:\/\/revista.vps.co.ve\/wp-content\/uploads\/2021\/08\/art-carlos.pdf\">Ver art\u00edculo completo<\/a><\/strong><\/span><\/p>\n<p>&nbsp;<\/p>\n<p><span style=\"color: #800000;\"><strong><span style=\"font-size: 14pt;\"><img loading=\"lazy\" decoding=\"async\" class=\" wp-image-2363 alignleft\" src=\"http:\/\/revista.vps.co.ve\/wp-content\/uploads\/2021\/08\/art-adriana-300x212.png\" alt=\"\" width=\"434\" height=\"307\" srcset=\"https:\/\/elvitraldelaciencia.org\/revista\/wp-content\/uploads\/2021\/08\/art-adriana-300x212.png 300w, https:\/\/elvitraldelaciencia.org\/revista\/wp-content\/uploads\/2021\/08\/art-adriana-1024x724.png 1024w, https:\/\/elvitraldelaciencia.org\/revista\/wp-content\/uploads\/2021\/08\/art-adriana-768x543.png 768w, https:\/\/elvitraldelaciencia.org\/revista\/wp-content\/uploads\/2021\/08\/art-adriana.png 1269w\" sizes=\"auto, (max-width: 434px) 100vw, 434px\" \/>Juventud y el<\/span> Proceso Electoral<\/strong><\/span><br \/>\n<span style=\"color: #0000ff;\"><strong>Un tema que hay que hablar<\/strong><\/span><\/p>\n<p><strong>Por Lic. Adriana Mart\u00ednez<\/strong><\/p>\n<p style=\"text-align: justify;\">La disposici\u00f3n de los j\u00f3venes a una participaci\u00f3n activa en el proceso pol\u00edtico-electoral pasar\u00eda por el inter\u00e9s que para ellos pueda despertar \u201cla pol\u00edtica\u201d. La conducta electoral es de las distintas formas de participaci\u00f3n pol\u00edtica la que m\u00e1s investigaci\u00f3n ha recabado (Seoane, 1988). La raz\u00f3n de tal inter\u00e9s se encuentra en que la participaci\u00f3n electoral es la pieza clave sobre la que gira el sistema pol\u00edtico democr\u00e1tico, es m\u00e1s, podr\u00eda llegar a afirmarse que es el elemento que diferencia a los sistemas pol\u00edticos democr\u00e1ticos de los autoritarios.<\/p>\n<p style=\"text-align: justify;\">Queremos abordar el fen\u00f3meno de la participaci\u00f3n pol\u00edtica en un sector poblacional de tanta importancia para la sociedad como el de la juventud. Somos conscientes de que el t\u00e9rmino de juventud es esquivo y que por \u00e9l se pueden entender distintas cosas, desde un intervalo de edad a un estado psicol\u00f3gico, o incluso una masa compacta promotora de cambios sociales.<\/p>\n<p>&nbsp;<\/p>\n<p>&nbsp;<\/p>\n<p>&nbsp;<\/p>\n<p>&nbsp;<\/p>\n","protected":false},"excerpt":{"rendered":"<p>&nbsp; Vol 1. (N\u00b0 7). A\u00f1o 2021 &nbsp; Ver revista completa &nbsp; &nbsp; &nbsp; &nbsp; &nbsp; &nbsp; &nbsp; &nbsp; Los Oc\u00e9anos, Cambio Clim\u00e1tico y Seguridad Alimentaria Por Dr. Miguel Alfonzo&hellip; <\/p>\n","protected":false},"author":2,"featured_media":2364,"comment_status":"closed","ping_status":"closed","sticky":false,"template":"","format":"standard","meta":{"footnotes":""},"categories":[11,22,21],"tags":[],"class_list":["post-2355","post","type-post","status-publish","format-standard","has-post-thumbnail","hentry","category-destacado","category-vitral","category-publi"],"_links":{"self":[{"href":"https:\/\/elvitraldelaciencia.org\/revista\/wp-json\/wp\/v2\/posts\/2355","targetHints":{"allow":["GET"]}}],"collection":[{"href":"https:\/\/elvitraldelaciencia.org\/revista\/wp-json\/wp\/v2\/posts"}],"about":[{"href":"https:\/\/elvitraldelaciencia.org\/revista\/wp-json\/wp\/v2\/types\/post"}],"author":[{"embeddable":true,"href":"https:\/\/elvitraldelaciencia.org\/revista\/wp-json\/wp\/v2\/users\/2"}],"replies":[{"embeddable":true,"href":"https:\/\/elvitraldelaciencia.org\/revista\/wp-json\/wp\/v2\/comments?post=2355"}],"version-history":[{"count":0,"href":"https:\/\/elvitraldelaciencia.org\/revista\/wp-json\/wp\/v2\/posts\/2355\/revisions"}],"wp:featuredmedia":[{"embeddable":true,"href":"https:\/\/elvitraldelaciencia.org\/revista\/wp-json\/wp\/v2\/media\/2364"}],"wp:attachment":[{"href":"https:\/\/elvitraldelaciencia.org\/revista\/wp-json\/wp\/v2\/media?parent=2355"}],"wp:term":[{"taxonomy":"category","embeddable":true,"href":"https:\/\/elvitraldelaciencia.org\/revista\/wp-json\/wp\/v2\/categories?post=2355"},{"taxonomy":"post_tag","embeddable":true,"href":"https:\/\/elvitraldelaciencia.org\/revista\/wp-json\/wp\/v2\/tags?post=2355"}],"curies":[{"name":"wp","href":"https:\/\/api.w.org\/{rel}","templated":true}]}}