{"id":2561,"date":"2022-01-06T10:45:53","date_gmt":"2022-01-06T14:45:53","guid":{"rendered":"https:\/\/elvitraldelaciencia.org\/revista\/\/?p=2561"},"modified":"2022-01-06T10:45:53","modified_gmt":"2022-01-06T14:45:53","slug":"por-que-el-omicron-es-menos-peligroso-la-ciencia-responde","status":"publish","type":"post","link":"https:\/\/elvitraldelaciencia.org\/revista\/por-que-el-omicron-es-menos-peligroso-la-ciencia-responde\/","title":{"rendered":"\u00bfPOR QUE EL OMICRON ES MENOS PELIGROSO? LA CIENCIA RESPONDE"},"content":{"rendered":"<figure id=\"attachment_2567\" aria-describedby=\"caption-attachment-2567\" style=\"width: 372px\" class=\"wp-caption alignleft\"><img loading=\"lazy\" decoding=\"async\" class=\"wp-image-2567\" src=\"https:\/\/elvitraldelaciencia.org\/revista\/\/wp-content\/uploads\/2022\/01\/OMICRON-Los-angeles-300x200.jpg\" alt=\"\" width=\"372\" height=\"248\" srcset=\"https:\/\/elvitraldelaciencia.org\/revista\/wp-content\/uploads\/2022\/01\/OMICRON-Los-angeles-300x200.jpg 300w, https:\/\/elvitraldelaciencia.org\/revista\/wp-content\/uploads\/2022\/01\/OMICRON-Los-angeles-768x512.jpg 768w, https:\/\/elvitraldelaciencia.org\/revista\/wp-content\/uploads\/2022\/01\/OMICRON-Los-angeles.jpg 840w\" sizes=\"auto, (max-width: 372px) 100vw, 372px\" \/><figcaption id=\"caption-attachment-2567\" class=\"wp-caption-text\">Una familia que regresa a casa a Panam\u00e1 despu\u00e9s de pasar tres semanas en Estados Unidos llega al aeropuerto internacional de Miami antes de su vuelo.(Rebecca Blackwell \/ Associated Press)<\/figcaption><\/figure>\n<p style=\"text-align: justify;\"><span>Los primeros indicios de Sud\u00e1frica y el Reino Unido indican que la variante Omicron de r\u00e1pida propagaci\u00f3n del coronavirus SARS-CoV-2 es menos peligrosa<\/span><span>\u00a0que su predecesora Delta.\u00a0Ahora, una serie de estudios de laboratorio ofrece una explicaci\u00f3n tentadora de la diferencia: Omicron no infecta las c\u00e9lulas profundas del pulm\u00f3n con tanta facilidad como las de las v\u00edas respiratorias superiores.<\/span><\/p>\n<p style=\"text-align: justify;\"><span>Las autoridades de Sud\u00e1frica anunciaron el 30 de diciembre que el pa\u00eds hab\u00eda superado su pico de Omicron sin un aumento importante en las muertes.\u00a0Y un\u00a0<\/span><a href=\"https:\/\/assets.publishing.service.gov.uk\/government\/uploads\/system\/uploads\/attachment_data\/file\/1044481\/Technical-Briefing-31-Dec-2021-Omicron_severity_update.pdf\" data-track=\"click\" data-label=\"https:\/\/assets.publishing.service.gov.uk\/government\/uploads\/system\/uploads\/attachment_data\/file\/1044481\/Technical-Briefing-31-Dec-2021-Omicron_severity_update.pdf\" data-track-category=\"body text link\"><span>informe del<\/span><\/a><span>\u00a0gobierno del Reino Unido del 31 de diciembre\u00a0dijo que las personas en Inglaterra que estaban infectadas con Omicron ten\u00edan aproximadamente la mitad de probabilidades de requerir hospitalizaci\u00f3n o atenci\u00f3n de emergencia que las personas infectadas con Delta.<\/span><\/p>\n<p style=\"text-align: justify;\"><span>Pero la cantidad de personas que han obtenido protecci\u00f3n inmunitaria contra COVID-19 a trav\u00e9s de la vacunaci\u00f3n, la infecci\u00f3n o ambas, <\/span><span>ha aumentado con el tiempo, lo que dificulta determinar si Omicron causa intr\u00ednsecamente una enfermedad m\u00e1s leve que las variantes anteriores.\u00a0En busca de respuestas, los investigadores se han dirigido a animales y c\u00e9lulas en platos de laboratorio.<\/span><\/p>\n<p style=\"text-align: justify;\"><span>Efectivamente, Michael Diamond, vir\u00f3logo de la Universidad de Washington en St. Louis, Missouri, y sus colegas infectaron h\u00e1msteres y ratones con Omicron y otras variantes para rastrear la progresi\u00f3n de la enfermedad. Las diferencias fueron asombrosas: despu\u00e9s de unos d\u00edas, la concentraci\u00f3n de virus en los pulmones de los animales infectados con Omicron fue al menos diez veces menor que la de los roedores infectados con otras variantes [<\/span><span><span style=\"color: #800000;\"><em> Diamond, M.\u00a0y col.\u00a0Preprint en Research Square\u00a0<a style=\"color: #800000;\" href=\"https:\/\/doi.org\/10.21203\/rs.3.rs-1211792\/v1\">https:\/\/doi.org\/10.21203\/rs.3.rs-1211792\/v1<\/a> (2021)<\/em><\/span>]. Otros equipos tambi\u00e9n han notado que, en comparaci\u00f3n con variantes anteriores, Omicron se encuentra en niveles reducidos en el tejido pulmonar [McMahan, K.\u00a0<i>y col.\u00a0<\/i>Preimpresi\u00f3n en bioRxiv\u00a0<a href=\"https:\/\/doi.org\/10.1101\/2022.01.02.474743\">https:\/\/doi.org\/10.1101\/2022.01.02.474743<\/a> (2022); Bentley, EG\u00a0<i>y col.\u00a0<\/i>Preimpresi\u00f3n en bioRxiv\u00a0<a href=\"https:\/\/doi.org\/10.1101\/2021.12.26.474085\">https:\/\/doi.org\/10.1101\/2021.12.26.474085<\/a> (2021)].\u00a0<\/span><\/p>\n<p style=\"text-align: justify;\"><span>Diamond dice que se sorprendi\u00f3 especialmente al ver que los animales infectados con Omicron casi mantuvieron su peso corporal, mientras que los otros perdieron peso r\u00e1pidamente, una se\u00f1al de que sus infecciones estaban causando una enfermedad grave.\u00a0<\/span><span>\u00abCada cepa de SARS-CoV-2 ha infectado a los h\u00e1msteres muy f\u00e1cilmente, a niveles altos\u00bb, dice, \u00aby est\u00e1 claro que esta es diferente para los h\u00e1msteres\u00bb.\u00a0<\/span><span>Los pulmones es donde el coronavirus causa gran parte de su da\u00f1o, y la infecci\u00f3n pulmonar puede desencadenar una respuesta inmunitaria inflamatoria que devasta las c\u00e9lulas infectadas y no infectadas por igual, lo que provoca cicatrices en los tejidos y privaci\u00f3n de ox\u00edgeno.\u00a0<\/span><span>Menos c\u00e9lulas pulmonares infectadas podr\u00edan significar una enfermedad m\u00e1s leve.<\/span><\/p>\n<h2><span style=\"color: #800000;\">Se prefiere la v\u00eda a\u00e9rea superior<\/span><\/h2>\n<p style=\"text-align: justify;\"><span>La dificultad para ingresar a las c\u00e9lulas pulmonares podr\u00eda ayudar a explicar por qu\u00e9 Omicron funciona mejor en las v\u00edas respiratorias superiores que en los pulmones, dice Ravindra Gupta, vir\u00f3logo de la Universidad de Cambridge, Reino Unido, coautor de uno de los estudios TMPRSS2 [Meng, B.\u00a0<i>et al.<\/i>\u00a0Preprint at bioRxiv\u00a0<a href=\"https:\/\/doi.org\/10.1101\/2021.12.17.473248\">https:\/\/doi.org\/10.1101\/2021.12.17.473248<\/a> (2021)]<\/span><span>.\u00a0Esta teor\u00eda tambi\u00e9n podr\u00eda explicar por qu\u00e9,\u00a0<\/span><a href=\"https:\/\/www.thelancet.com\/journals\/lanres\/article\/PIIS2213-2600(21)00559-2\/fulltext#:~:text=The%20original%20strain%20of%20SARS,be%20as%20high%20as%2010\" data-track=\"click\" data-label=\"https:\/\/www.thelancet.com\/journals\/lanres\/article\/PIIS2213-2600(21)00559-2\/fulltext#:~:text=The%20original%20strain%20of%20SARS,be%20as%20high%20as%2010\" data-track-category=\"body text link\"><span>seg\u00fan algunas estimaciones<\/span><\/a><span>, Omicron es casi tan transmisible como el sarampi\u00f3n, que es el punto de referencia para una alta transmisibilidad, dice Diamond.\u00a0Si la variante persiste en las v\u00edas respiratorias superiores, a las part\u00edculas virales les resultar\u00e1 f\u00e1cil subirse al material expulsado por la nariz y la boca, lo que permitir\u00e1 que el virus encuentre nuevos hu\u00e9spedes, dice Gupta.\u00a0Otros datos proporcionan evidencia directa de que Omicron se replica m\u00e1s f\u00e1cilmente en las v\u00edas respiratorias superiores que en los pulmones\u00a0 [McMahan, K.\u00a0<i>y col.\u00a0<\/i>Preimpresi\u00f3n en bioRxiv\u00a0<a href=\"https:\/\/doi.org\/10.1101\/2022.01.02.474743\">https:\/\/doi.org\/10.1101\/2022.01.02.474743<\/a> (2022).<\/span><\/p>\n<p style=\"text-align: justify;\"><span>Los \u00faltimos resultados podr\u00edan significar que \u00abel virus establece una infecci\u00f3n muy local en las v\u00edas respiratorias superiores y tiene menos posibilidades de causar estragos en los pulmones\u00bb, dice Ott.\u00a0Ser\u00eda una buena noticia, pero\u00a0<\/span><a href=\"https:\/\/www.nature.com\/articles\/d41586-021-02337-5\" data-track=\"click\" data-label=\"https:\/\/www.nature.com\/articles\/d41586-021-02337-5\" data-track-category=\"body text link\"><span>la respuesta inmune de un hu\u00e9sped<\/span><\/a><span>\u00a0juega un papel importante en la gravedad de la enfermedad, y los cient\u00edficos necesitan m\u00e1s datos cl\u00ednicos para comprender c\u00f3mo la biolog\u00eda b\u00e1sica de Omicron influye en la progresi\u00f3n de la enfermedad en humanos.<\/span><\/p>\n<p style=\"text-align: justify;\">\n","protected":false},"excerpt":{"rendered":"<p>Los primeros indicios de Sud\u00e1frica y el Reino Unido indican que la variante Omicron de r\u00e1pida propagaci\u00f3n del coronavirus SARS-CoV-2 es menos peligrosa\u00a0que su predecesora Delta.\u00a0Ahora, una serie de estudios&hellip; <\/p>\n","protected":false},"author":2,"featured_media":2566,"comment_status":"closed","ping_status":"closed","sticky":false,"template":"","format":"standard","meta":{"footnotes":""},"categories":[16,11,18],"tags":[],"class_list":["post-2561","post","type-post","status-publish","format-standard","has-post-thumbnail","hentry","category-avan","category-destacado","category-porta"],"_links":{"self":[{"href":"https:\/\/elvitraldelaciencia.org\/revista\/wp-json\/wp\/v2\/posts\/2561","targetHints":{"allow":["GET"]}}],"collection":[{"href":"https:\/\/elvitraldelaciencia.org\/revista\/wp-json\/wp\/v2\/posts"}],"about":[{"href":"https:\/\/elvitraldelaciencia.org\/revista\/wp-json\/wp\/v2\/types\/post"}],"author":[{"embeddable":true,"href":"https:\/\/elvitraldelaciencia.org\/revista\/wp-json\/wp\/v2\/users\/2"}],"replies":[{"embeddable":true,"href":"https:\/\/elvitraldelaciencia.org\/revista\/wp-json\/wp\/v2\/comments?post=2561"}],"version-history":[{"count":0,"href":"https:\/\/elvitraldelaciencia.org\/revista\/wp-json\/wp\/v2\/posts\/2561\/revisions"}],"wp:featuredmedia":[{"embeddable":true,"href":"https:\/\/elvitraldelaciencia.org\/revista\/wp-json\/wp\/v2\/media\/2566"}],"wp:attachment":[{"href":"https:\/\/elvitraldelaciencia.org\/revista\/wp-json\/wp\/v2\/media?parent=2561"}],"wp:term":[{"taxonomy":"category","embeddable":true,"href":"https:\/\/elvitraldelaciencia.org\/revista\/wp-json\/wp\/v2\/categories?post=2561"},{"taxonomy":"post_tag","embeddable":true,"href":"https:\/\/elvitraldelaciencia.org\/revista\/wp-json\/wp\/v2\/tags?post=2561"}],"curies":[{"name":"wp","href":"https:\/\/api.w.org\/{rel}","templated":true}]}}