{"id":2689,"date":"2022-03-21T12:06:04","date_gmt":"2022-03-21T16:06:04","guid":{"rendered":"https:\/\/elvitraldelaciencia.org\/revista\/\/?p=2689"},"modified":"2022-03-21T12:06:04","modified_gmt":"2022-03-21T16:06:04","slug":"el-vitral-de-la-ciencia-vol-2-n-3-2022","status":"publish","type":"post","link":"https:\/\/elvitraldelaciencia.org\/revista\/el-vitral-de-la-ciencia-vol-2-n-3-2022\/","title":{"rendered":"El Vitral de la Ciencia. Vol 2. N\u00b0 3: (2022)"},"content":{"rendered":"<p><span style=\"color: #0000ff;\"><strong><img loading=\"lazy\" decoding=\"async\" class=\"alignleft size-medium wp-image-2690\" src=\"https:\/\/elvitraldelaciencia.org\/revista\/\/wp-content\/uploads\/2022\/03\/portada-214x300.png\" alt=\"\" width=\"214\" height=\"300\" srcset=\"https:\/\/elvitraldelaciencia.org\/revista\/wp-content\/uploads\/2022\/03\/portada-214x300.png 214w, https:\/\/elvitraldelaciencia.org\/revista\/wp-content\/uploads\/2022\/03\/portada.png 642w\" sizes=\"auto, (max-width: 214px) 100vw, 214px\" \/><\/strong><\/span><\/p>\n<p>&nbsp;<\/p>\n<p>&nbsp;<\/p>\n<p><span style=\"color: #0000ff;\"><strong>Vol 2 (N\u00b0 3). A\u00f1o 2022<\/strong><\/span><\/p>\n<p>&nbsp;<\/p>\n<p><span style=\"color: #3366ff;\"><strong><a style=\"color: #3366ff;\" href=\"https:\/\/drive.google.com\/file\/d\/1GoLGAi0GVhubliM0qWVyP7SA_yyB3AQb\/view?usp=sharing\">Ver Revista completa<\/a><\/strong><\/span><\/p>\n<p>&nbsp;<\/p>\n<p>&nbsp;<\/p>\n<p>&nbsp;<\/p>\n<p>&nbsp;<\/p>\n<p><span style=\"font-size: 14pt;\"><strong><span style=\"color: #800000;\">LA MUJER <\/span><\/strong><\/span><br \/>\n<span style=\"font-size: 14pt;\"><strong><span style=\"color: #800000;\">Y EL C\u00c1NCER DE MAMA<\/span><\/strong><\/span><br \/>\n<span style=\"color: #3366ff;\"><strong>Mal Prevenible<\/strong><\/span><\/p>\n<p><strong>Por Dr. Miguel Alfonzo<\/strong><\/p>\n<p><img loading=\"lazy\" decoding=\"async\" class=\"alignleft size-medium wp-image-2692\" src=\"https:\/\/elvitraldelaciencia.org\/revista\/\/wp-content\/uploads\/2022\/03\/utero-200x300.jpg\" alt=\"\" width=\"200\" height=\"300\" srcset=\"https:\/\/elvitraldelaciencia.org\/revista\/wp-content\/uploads\/2022\/03\/utero-200x300.jpg 200w, https:\/\/elvitraldelaciencia.org\/revista\/wp-content\/uploads\/2022\/03\/utero.jpg 564w\" sizes=\"auto, (max-width: 200px) 100vw, 200px\" \/>El c\u00e1ncer de mama es la neoplasia maligna m\u00e1s frecuente en las mujeres y es una enfermedad heterog\u00e9nea a nivel molecular (Figura 2). En los \u00faltimos 10 a 15 a\u00f1os, los conceptos de tratamiento han evolucionado para tener en cuenta esta heterogeneidad, por lo que se est\u00e1 poniendo \u00e9nfasis en terapias m\u00e1s dirigidas biol\u00f3gicamente y con escalamiento del tratamiento para reducir los efectos adversos del mismo. A pesar de la inherente heterogeneidad molecular, que es un principio impulsor de los tratamientos modernos, algunas caracter\u00edsticas como el impacto de la carga tumoral locorregional o los patrones metast\u00e1sicos son compartidos e influyen en la terapia. El c\u00e1ncer de mama temprano, es decir, c\u00e1ncer contenido en el seno o que solo se ha propagado a los ganglios linf\u00e1ticos axilares, es considerado curable. Mejoras en la terapia multimodal han llevado a un aumento de las posibilidades de curaci\u00f3n en ~70-80 % de pacientes Por el contrario, la enfermedad avanzada (metast\u00e1sica) no se considera curable usando los tratamientos disponibles actualmente. Sin embargo, el c\u00e1ncer de mama avanzado es un enfermedad tratable, para la cual los objetivos principales de la terapia son para prolongar la supervivencia y controlar los s\u00edntomas con baja toxicidad asociada al tratamiento para mantener o mejorar calidad de vida (es decir, mejor expectativa de la calidad de vida ajustada)&#8230;<\/p>\n<p><a href=\"https:\/\/elvitraldelaciencia.org\/revista\/\/wp-content\/uploads\/2022\/03\/art-miguel-1.pdf\"><span style=\"color: #3366ff;\"><strong>Ver art\u00edculo completo<\/strong><\/span><\/a><\/p>\n<p>&nbsp;<\/p>\n<p><span style=\"font-size: 14pt; color: #800000;\"><strong>SER MUJER <\/strong><\/span><br \/>\n<span style=\"font-size: 14pt; color: #800000;\"><strong>Y LA SALUD MENTAL <\/strong><\/span><\/p>\n<p><strong>Por M.Sc Natalia S\u00e1nchez<\/strong><\/p>\n<p><img loading=\"lazy\" decoding=\"async\" class=\"alignleft size-medium wp-image-2693\" src=\"https:\/\/elvitraldelaciencia.org\/revista\/\/wp-content\/uploads\/2022\/03\/mujer-art-natalia-178x300.jpg\" alt=\"\" width=\"178\" height=\"300\" srcset=\"https:\/\/elvitraldelaciencia.org\/revista\/wp-content\/uploads\/2022\/03\/mujer-art-natalia-178x300.jpg 178w, https:\/\/elvitraldelaciencia.org\/revista\/wp-content\/uploads\/2022\/03\/mujer-art-natalia.jpg 448w\" sizes=\"auto, (max-width: 178px) 100vw, 178px\" \/>Seg\u00fan la Organizaci\u00f3n Mundial de la Salud (1946), la salud mental es un componente integral y esencial, concebido como un estado completo de bienestar f\u00edsico, ps\u00edquico y social, y no solamente como ausencia de enfermedades; que le permite a la persona desarrollar y ejecutar sus capacidades para afrontar de manera efectiva los acontecimientos vitales de la vida. La salud mental y el bienestar est\u00e1n vinculados con aquellas capacidades de pensar, manifestar sentimientos, interactuar con los dem\u00e1s, ganar el sustento y disfrutar de la vida&#8230;<\/p>\n<p>&nbsp;<\/p>\n<p><span style=\"color: #3366ff;\"><strong><a style=\"color: #3366ff;\" href=\"https:\/\/elvitraldelaciencia.org\/revista\/\/wp-content\/uploads\/2022\/03\/art-natalia-1.pdf\">Ver art completo<\/a><\/strong><\/span><\/p>\n<p>&nbsp;<\/p>\n<p>&nbsp;<\/p>\n<p>&nbsp;<\/p>\n<p>&nbsp;<\/p>\n<p><span style=\"font-size: 14pt; color: #800000;\"><strong>MUJER Y SUS DERECHOS<\/strong><\/span><br \/>\n<span style=\"color: #3366ff;\"><strong>A\u00d1OS DE LUCHA<\/strong><\/span><\/p>\n<p><strong>Por M.Sc Miriam Marcano<\/strong><\/p>\n<p><img loading=\"lazy\" decoding=\"async\" class=\"alignleft size-medium wp-image-2695\" src=\"https:\/\/elvitraldelaciencia.org\/revista\/\/wp-content\/uploads\/2022\/03\/patriacardo-2-218x300.jpg\" alt=\"\" width=\"218\" height=\"300\" srcset=\"https:\/\/elvitraldelaciencia.org\/revista\/wp-content\/uploads\/2022\/03\/patriacardo-2-218x300.jpg 218w, https:\/\/elvitraldelaciencia.org\/revista\/wp-content\/uploads\/2022\/03\/patriacardo-2.jpg 500w\" sizes=\"auto, (max-width: 218px) 100vw, 218px\" \/>Un poco de historia, c\u00f3mo empez\u00f3 todo<br \/>\nDe acuerdo con los resultados de investigaciones arqueol\u00f3gicas y etnogr\u00e1ficas realizadas en temas relacionados a las primeras formas de vida social conocidas se remontan a una antig\u00fcedad en Am\u00e9rica de aproximadamente unos 40 mil a\u00f1os. (Vargas 2007). De acuerdo con esta autora, Venezuela en los territorios que hoy conocemos como Falc\u00f3n y Lara, se encontraron evidencias de poblaciones originarias de aproximadamente unos \u201c14000 a\u00f1os antes de ahora\u201d. A partir de all\u00ed queda demostrada la presencia de grupos de cazadores y recolectores en distintas partes de nuestro pa\u00eds y en otros. En estas sociedades qued\u00f3 demostrado hist\u00f3ricamente el papel fundamental de la mujer como agente de producci\u00f3n y mantenimiento de la vida en sociedad, teniendo la ardua tarea de ser las encargadas de recolectar los alimentos, hacer la distribuci\u00f3n equitativa de los mismos de forma constante y sostenida para que todos y todas pudieran alimentarse de los frutos de la madre tierra. Los hombres se dedicaban sobre todo a la caza y la pesca tarea tambi\u00e9n importante para el mantenimiento de la vida en sociedad, estos se pod\u00edan alejar de sus entornos inmediatos mientras que a las mujeres les correspond\u00eda cuidar de todos en los entornos m\u00e1s cercanos a fin de garantizar la supervivencia de los grupos&#8230;<\/p>\n<p><span style=\"color: #3366ff;\"><strong><a style=\"color: #3366ff;\" href=\"https:\/\/elvitraldelaciencia.org\/revista\/\/wp-content\/uploads\/2022\/03\/art-miriam-1.pdf\">\u00a0Ver art\u00edculo completo<\/a><\/strong><\/span><\/p>\n<p>&nbsp;<\/p>\n<p><span style=\"font-size: 14pt; color: #800000;\"><strong>PARTICIPACI\u00d3N POL\u00cdTICA Y EMANCIPACI\u00d3N DE LAS MUJERES<\/strong><\/span><br \/>\n<span style=\"color: #3366ff;\"><strong>EN EL PROYECTO BOLIVARIANO<\/strong><\/span><\/p>\n<p><strong>Por Dras Mar\u00eda Egilda Castellano y Virginia Aguirre<\/strong><\/p>\n<p><img loading=\"lazy\" decoding=\"async\" class=\"alignleft size-medium wp-image-2697\" src=\"https:\/\/elvitraldelaciencia.org\/revista\/\/wp-content\/uploads\/2022\/03\/mujeres-y-lucha-298x300.jpg\" alt=\"\" width=\"298\" height=\"300\" srcset=\"https:\/\/elvitraldelaciencia.org\/revista\/wp-content\/uploads\/2022\/03\/mujeres-y-lucha-298x300.jpg 298w, https:\/\/elvitraldelaciencia.org\/revista\/wp-content\/uploads\/2022\/03\/mujeres-y-lucha-1018x1024.jpg 1018w, https:\/\/elvitraldelaciencia.org\/revista\/wp-content\/uploads\/2022\/03\/mujeres-y-lucha-150x150.jpg 150w, https:\/\/elvitraldelaciencia.org\/revista\/wp-content\/uploads\/2022\/03\/mujeres-y-lucha-768x772.jpg 768w, https:\/\/elvitraldelaciencia.org\/revista\/wp-content\/uploads\/2022\/03\/mujeres-y-lucha.jpg 1079w\" sizes=\"auto, (max-width: 298px) 100vw, 298px\" \/>La Revoluci\u00f3n Bolivariana como proyecto pol\u00edtico-social ha impulsado transformaciones profundas en todas las instancias de la sociedad, dirigidas a cambiar las condiciones de vida del pueblo venezolano, y entre \u00e9stas, las de las mujeres. La lucha contra todas las formas de exclusi\u00f3n social de mujeres y hombres ha estado en el centro de este proyecto, no obstante, a\u00fan perviven expresiones arraigadas en nuestras conciencias constituy\u00e9ndose en obst\u00e1culos para los cambios. Esta situaci\u00f3n, est\u00e1 enraizada con la condici\u00f3n hist\u00f3rica de pa\u00eds colonizado, colonializado y dependiente del Sistema Capitalista Mundial, a cuya acumulaci\u00f3n ampliada de capital, contribuimos con nuestras riquezas desde la invasi\u00f3n del Imperio Espa\u00f1ol a estos Territorios en el Siglo XV; la dependencia ha podido mantenerse hasta nuestros d\u00edas, porque a la par se han creado las condiciones pol\u00edtico-ideol\u00f3gicas que han hecho posible inculcar valores, costumbres, formas de vida, en s\u00edntesis modos de pensar proclives a los intereses de la dominaci\u00f3n, el instrumento creado para moldear las subjetividades en la direcci\u00f3n deseada es la colonialidad&#8230;<\/p>\n<p><span style=\"color: #3366ff;\"><strong><a style=\"color: #3366ff;\" href=\"https:\/\/elvitraldelaciencia.org\/revista\/\/wp-content\/uploads\/2022\/03\/art-maria-egilda-1.pdf\">Ver art\u00edculo completo<\/a><\/strong><\/span><\/p>\n<p>&nbsp;<\/p>\n<p>&nbsp;<\/p>\n<p>&nbsp;<\/p>\n","protected":false},"excerpt":{"rendered":"<p>&nbsp; &nbsp; Vol 2 (N\u00b0 3). A\u00f1o 2022 &nbsp; Ver Revista completa &nbsp; &nbsp; &nbsp; &nbsp; LA MUJER Y EL C\u00c1NCER DE MAMA Mal Prevenible Por Dr. Miguel Alfonzo El&hellip; <\/p>\n","protected":false},"author":2,"featured_media":2690,"comment_status":"closed","ping_status":"closed","sticky":false,"template":"","format":"standard","meta":{"footnotes":""},"categories":[22,18,21],"tags":[],"class_list":["post-2689","post","type-post","status-publish","format-standard","has-post-thumbnail","hentry","category-vitral","category-porta","category-publi"],"_links":{"self":[{"href":"https:\/\/elvitraldelaciencia.org\/revista\/wp-json\/wp\/v2\/posts\/2689","targetHints":{"allow":["GET"]}}],"collection":[{"href":"https:\/\/elvitraldelaciencia.org\/revista\/wp-json\/wp\/v2\/posts"}],"about":[{"href":"https:\/\/elvitraldelaciencia.org\/revista\/wp-json\/wp\/v2\/types\/post"}],"author":[{"embeddable":true,"href":"https:\/\/elvitraldelaciencia.org\/revista\/wp-json\/wp\/v2\/users\/2"}],"replies":[{"embeddable":true,"href":"https:\/\/elvitraldelaciencia.org\/revista\/wp-json\/wp\/v2\/comments?post=2689"}],"version-history":[{"count":0,"href":"https:\/\/elvitraldelaciencia.org\/revista\/wp-json\/wp\/v2\/posts\/2689\/revisions"}],"wp:featuredmedia":[{"embeddable":true,"href":"https:\/\/elvitraldelaciencia.org\/revista\/wp-json\/wp\/v2\/media\/2690"}],"wp:attachment":[{"href":"https:\/\/elvitraldelaciencia.org\/revista\/wp-json\/wp\/v2\/media?parent=2689"}],"wp:term":[{"taxonomy":"category","embeddable":true,"href":"https:\/\/elvitraldelaciencia.org\/revista\/wp-json\/wp\/v2\/categories?post=2689"},{"taxonomy":"post_tag","embeddable":true,"href":"https:\/\/elvitraldelaciencia.org\/revista\/wp-json\/wp\/v2\/tags?post=2689"}],"curies":[{"name":"wp","href":"https:\/\/api.w.org\/{rel}","templated":true}]}}