{"id":2735,"date":"2022-04-17T10:43:28","date_gmt":"2022-04-17T14:43:28","guid":{"rendered":"https:\/\/elvitraldelaciencia.org\/revista\/\/?p=2735"},"modified":"2022-04-17T10:50:44","modified_gmt":"2022-04-17T14:50:44","slug":"el-vitral-de-la-ciencia-vol-2-n-4-2022","status":"publish","type":"post","link":"https:\/\/elvitraldelaciencia.org\/revista\/el-vitral-de-la-ciencia-vol-2-n-4-2022\/","title":{"rendered":"El Vitral de la Ciencia. Vol 2. N\u00b0 4: (2022)"},"content":{"rendered":"<p><span style=\"color: #3366ff;\"><strong><img loading=\"lazy\" decoding=\"async\" class=\"alignleft size-medium wp-image-2736\" src=\"https:\/\/elvitraldelaciencia.org\/revista\/\/wp-content\/uploads\/2022\/04\/Portada-1-212x300.png\" alt=\"\" width=\"212\" height=\"300\" srcset=\"https:\/\/elvitraldelaciencia.org\/revista\/wp-content\/uploads\/2022\/04\/Portada-1-212x300.png 212w, https:\/\/elvitraldelaciencia.org\/revista\/wp-content\/uploads\/2022\/04\/Portada-1.png 621w\" sizes=\"auto, (max-width: 212px) 100vw, 212px\" \/><\/strong><\/span><\/p>\n<p>&nbsp;<\/p>\n<p>&nbsp;<\/p>\n<p><span style=\"color: #3366ff;\"><strong>Vol 2. (4). A\u00f1o 2022<\/strong><\/span><\/p>\n<p>&nbsp;<\/p>\n<p><span style=\"color: #3366ff;\"><strong><a style=\"color: #3366ff;\" href=\"https:\/\/drive.google.com\/file\/d\/1ivGMSjhA4zTiUBlZ-ePyctpb_JJlaxb5\/view?usp=sharing\">Ver Revista completa<\/a><\/strong><\/span><\/p>\n<p>&nbsp;<\/p>\n<p>&nbsp;<\/p>\n<p>&nbsp;<\/p>\n<p>&nbsp;<\/p>\n<p>&nbsp;<\/p>\n<p><span style=\"font-size: 14pt;\"><strong><span style=\"color: #800000;\">\u00bfCOMPRENDEMOS<\/span> <span style=\"color: #800000;\">LA GUERRA RUSIA-UCRANIA?<\/span><\/strong><\/span><br \/>\n<span style=\"color: #3366ff;\"><strong>Ideas e implicaciones<\/strong><\/span><\/p>\n<p><strong>Por Dr. Miguel Alfonzo<\/strong><\/p>\n<p>&nbsp;<\/p>\n<p style=\"text-align: justify;\"><span style=\"color: #000000;\"><img loading=\"lazy\" decoding=\"async\" class=\"alignleft wp-image-2737\" src=\"https:\/\/elvitraldelaciencia.org\/revista\/\/wp-content\/uploads\/2022\/04\/WAR-UCRANIA-3-300x153.png\" alt=\"\" width=\"502\" height=\"256\" srcset=\"https:\/\/elvitraldelaciencia.org\/revista\/wp-content\/uploads\/2022\/04\/WAR-UCRANIA-3-300x153.png 300w, https:\/\/elvitraldelaciencia.org\/revista\/wp-content\/uploads\/2022\/04\/WAR-UCRANIA-3-768x392.png 768w, https:\/\/elvitraldelaciencia.org\/revista\/wp-content\/uploads\/2022\/04\/WAR-UCRANIA-3.png 975w\" sizes=\"auto, (max-width: 502px) 100vw, 502px\" \/>En diciembre de 2021, tras una cumbre entre los presidentes Biden y Putin, Rusia present\u00f3 un proyecto de propuesta para un nuevo tratado de seguridad mutua entre Rusia y la OTAN, con nueve art\u00edculos que deb\u00edan negociarse (Kramer, Andred y and Erlanger, Steven. New York Times. 2021. (<span style=\"color: #800000;\"><em>https:\/\/www.nytimes.com\/2021\/12\/17\/world\/europe\/russia-nato-security-deal.htm<\/em><\/span>l).<\/span><\/p>\n<p style=\"text-align: justify;\"><span style=\"color: #000000;\">Representaban una base razonable para un intercambio serio. El m\u00e1s pertinente para la crisis de Ucrania era simplemente acordar que la OTAN no aceptar\u00eda a Ucrania como nuevo miembro, lo que en cualquier caso no est\u00e1 sobre la mesa en un futuro previsible. Pero el gobierno de Biden desech\u00f3 toda la propuesta de Rusia por considerarla inviable, ni siquiera una base para las negociaciones.<\/span><\/p>\n<p style=\"text-align: justify;\"><span style=\"color: #000000;\">Ante ese hecho, en un art\u00edculo de prensa, varios periodistas (<span style=\"color: #800000;\"><em>Benjamin, M. y Davies, N. How the US Started a New Cold War with Russia and Left Ukraine to Fight It. 28 de febrero de 2022. https:\/\/www.commondreams.org\/views\/2022\/02\/28\/how-us-started-new-cold-war-russia-and-left-ukraine-fight-it<\/em><\/span>) se hicieron las siguientes preguntas: \u00bfPor qu\u00e9 la negociaci\u00f3n de un tratado de seguridad mutua era tan inaceptable que Biden estaba dispuesto a arriesgar miles de vidas ucranianas, aunque ni una sola estadounidense, en lugar de intentar encontrar un terreno com\u00fan? \u00bfQu\u00e9 dice eso sobre el valor relativo que Biden y sus colegas dan a las vidas estadounidenses frente a las ucranianas? \u00bfY cu\u00e1l es esa extra\u00f1a posici\u00f3n que ocupa Estados Unidos en el mundo actual que permite a un presidente estadounidense arriesgar tantas vidas ucranianas sin pedir a los estadounidenses que compartan su dolor y sacrificio?<\/span><\/p>\n<p><span style=\"color: #3366ff;\"><strong><a style=\"color: #3366ff;\" href=\"https:\/\/elvitraldelaciencia.org\/revista\/\/wp-content\/uploads\/2022\/04\/art-miguel.pdf\">Ver Art\u00edculo completo<\/a><\/strong><\/span><\/p>\n<p>&nbsp;<\/p>\n<p><span style=\"font-size: 14pt; color: #800000;\"><strong>UN PETR\u00d3LEO ATADO<\/strong><\/span><\/p>\n<p><strong>Por Dr. Miguel A. Jaimes<\/strong><\/p>\n<p style=\"text-align: justify;\"><img loading=\"lazy\" decoding=\"async\" class=\"alignleft wp-image-2739\" src=\"https:\/\/elvitraldelaciencia.org\/revista\/\/wp-content\/uploads\/2022\/04\/art-miguel-jaimes-2-300x167.jpg\" alt=\"\" width=\"471\" height=\"262\" srcset=\"https:\/\/elvitraldelaciencia.org\/revista\/wp-content\/uploads\/2022\/04\/art-miguel-jaimes-2-300x167.jpg 300w, https:\/\/elvitraldelaciencia.org\/revista\/wp-content\/uploads\/2022\/04\/art-miguel-jaimes-2-768x427.jpg 768w, https:\/\/elvitraldelaciencia.org\/revista\/wp-content\/uploads\/2022\/04\/art-miguel-jaimes-2.jpg 800w\" sizes=\"auto, (max-width: 471px) 100vw, 471px\" \/>Vamos a una tercera guerra mundial. \u2026 \u201cun ataque qu\u00edmico de Rusia desencadenar\u00eda una respuesta correspondiente. Ustedes preguntan si la OTAN intervendr\u00eda. Tomar\u00edamos esa decisi\u00f3n en su momento. Vladimir Putin no puede permanecer en el poder. Por amor a Dios, este hombre no puede permanecer en el poder. Criminal de guerra. Putin es un carnicero. \u2026 la invasi\u00f3n de Putin a Ucrania puede traer d\u00e9cadas de guerra. Debemos afrontar esta batalla con la vista clara. Esta batalla no se ganar\u00e1 en d\u00edas ni meses\u201d.<\/p>\n<p style=\"text-align: justify;\">Debemos comprometernos ahora, estar en esta lucha a largo plazo. Mejor muestra de Joe Biden en contra de Vladimir Putin para empantanar sus maltrechas relaciones diplom\u00e1ticas, imposible. La Casa Blanca ha decidido sacar del Kremlin a su m\u00e1s grande enemigo y para lograr este objetivo suspender\u00e1n cualquier acuerdo entre Ucrania y la Federaci\u00f3n Rusa.<\/p>\n<p style=\"text-align: justify;\">La mejor interpretaci\u00f3n la ha resumido el presidente de El Salvador, Nayib Bukele. Un mandatario dif\u00edcil de entender por sus dificultades entre ocultar su pensamiento de derecha y que no se le salga ninguna expresi\u00f3n de izquierda: \u201cEl gobierno de Estados Unidos decide qui\u00e9n es el malo y qui\u00e9n es el bueno y tambi\u00e9n cu\u00e1ndo el malo se vuelve bueno y el bueno se vuelve malo\u201d, pero Biden dejar\u00e1 a Bukele en remojo, igual ya lo ha hecho con otros mandatarios, por ejemplo, a Nicol\u00e1s Maduro, todos quedar\u00e1n para despu\u00e9s, ahora su centro es contra Vladimir Putin. Una parte del mundo descansa mientras la otra mitad est\u00e1 a punto de arder.<\/p>\n<p style=\"text-align: justify;\">Acusado de viejo, senil y olvidadizo recorre apurado reuniones entre OTAN, el G7 y el Consejo Europeo. En Bruselas y Polonia le ponen en rueda de prensa a figuras ucranianas que llevan a\u00f1os sin visitar a su pa\u00eds y all\u00ed los relatos de sufrimiento van y vienen.<\/p>\n<p><span style=\"color: #3366ff;\"><strong><a style=\"color: #3366ff;\" href=\"https:\/\/elvitraldelaciencia.org\/revista\/\/wp-content\/uploads\/2022\/04\/art-miguel-jaimes.pdf\">Ver Art\u00edculo completo<\/a><\/strong><\/span><\/p>\n<p>&nbsp;<\/p>\n<p><span style=\"font-size: 14pt; color: #800000;\"><strong>LOS BUITRES:<\/strong><\/span><br \/>\n<span style=\"color: #3366ff;\"><strong>Antih\u00e9roes de la Naturaleza<\/strong><\/span><\/p>\n<p><strong>Por Luis Saavedra<\/strong><\/p>\n<p style=\"text-align: justify;\"><img loading=\"lazy\" decoding=\"async\" class=\"alignleft wp-image-2741\" src=\"https:\/\/elvitraldelaciencia.org\/revista\/\/wp-content\/uploads\/2022\/04\/Buitre001-300x200.jpg\" alt=\"\" width=\"431\" height=\"287\" srcset=\"https:\/\/elvitraldelaciencia.org\/revista\/wp-content\/uploads\/2022\/04\/Buitre001-300x200.jpg 300w, https:\/\/elvitraldelaciencia.org\/revista\/wp-content\/uploads\/2022\/04\/Buitre001-1024x683.jpg 1024w, https:\/\/elvitraldelaciencia.org\/revista\/wp-content\/uploads\/2022\/04\/Buitre001-768x512.jpg 768w, https:\/\/elvitraldelaciencia.org\/revista\/wp-content\/uploads\/2022\/04\/Buitre001-1536x1024.jpg 1536w, https:\/\/elvitraldelaciencia.org\/revista\/wp-content\/uploads\/2022\/04\/Buitre001-2048x1365.jpg 2048w\" sizes=\"auto, (max-width: 431px) 100vw, 431px\" \/>Los h\u00e9roes son representados como personajes ilustres y famosos por sus haza\u00f1as o virtudes, que realizan actos extraordinarios en servicio de su dios, del pr\u00f3jimo o de la patria. En la cultura popular, los h\u00e9roes siempre son personificados como seres con prefectos atributos, entre ellos su belleza. Sin embargo, existen otro tipo de personajes que, aunque desempe\u00f1an funciones narrativas propias de un h\u00e9roe tradicional, difiere por sus valores y apariencia; la cual en muchos casos puede ser desagradable y generar repulsi\u00f3n, estos son denominados antih\u00e9roes (Real Academia Espa\u00f1ola, 2001).<\/p>\n<p style=\"text-align: justify;\">Ciertamente, los h\u00e9roes y antih\u00e9roes son una mera creaci\u00f3n de las sociedades humanas que, en muchos casos, intentan ser representados forzosamente en elementos naturales como animales. Un ejemplo de ello es como se ha simbolizado a los leones en animales majestuosos, fuertes y nobles, en contraposici\u00f3n de las hienas que son com\u00fanmente vistas como carro\u00f1eras, de mal aspectos y b\u00e1rbaras. Esta falsa y mala percepci\u00f3n de algunas especies ha generado grandes retos para su conservaci\u00f3n, debido a su poco atractivo, belleza particular y h\u00e1bitos considerados como desagradables por la sociedad humana. Este es el caso de las aves carro\u00f1eras, la cuales se alimentan de cad\u00e1veres de otros animales, poseen cuellos desprovistos de plumas, colores oscuros y su relaci\u00f3n con la muerte han contribuido a su mala fama.<\/p>\n<p style=\"text-align: justify;\">Es importante destacar que en el mundo natural no existen h\u00e9roes ni villanos y que cada organismo cumple una funci\u00f3n o rol importante en su ecosistema, lo que permite que exista un balance natural. Sin embargo, en este art\u00edculo partiremos de la visi\u00f3n de antih\u00e9roes para procurar una mejora en la percepci\u00f3n que se posee sobre las aves carro\u00f1eras, globalmente conocidas como buitres, que han sido mayoritariamente menospreciadas a pesar de su valiosa contribuci\u00f3n a los ecosistemas.<\/p>\n<p><span style=\"color: #3366ff;\"><strong><a style=\"color: #3366ff;\" href=\"https:\/\/elvitraldelaciencia.org\/revista\/\/wp-content\/uploads\/2022\/04\/art-luis-saavedra.pdf\">Ver Art\u00edculo completo<\/a><\/strong><\/span><\/p>\n<p>&nbsp;<\/p>\n<p><span style=\"font-size: 14pt; color: #800000;\"><strong>PREGUNTAS<\/strong><\/span><br \/>\n<span style=\"color: #3366ff;\"><strong>SOBRE LA VACUNA DEL PAPILOMA HUMANO<\/strong><\/span><\/p>\n<p><strong>Por Lic Adriana Mart\u00ednez<\/strong><\/p>\n<p style=\"text-align: justify;\"><img loading=\"lazy\" decoding=\"async\" class=\"alignleft size-medium wp-image-2742\" src=\"https:\/\/elvitraldelaciencia.org\/revista\/\/wp-content\/uploads\/2022\/04\/art-adriana-imagen-300x168.png\" alt=\"\" width=\"300\" height=\"168\" srcset=\"https:\/\/elvitraldelaciencia.org\/revista\/wp-content\/uploads\/2022\/04\/art-adriana-imagen-300x168.png 300w, https:\/\/elvitraldelaciencia.org\/revista\/wp-content\/uploads\/2022\/04\/art-adriana-imagen-768x429.png 768w, https:\/\/elvitraldelaciencia.org\/revista\/wp-content\/uploads\/2022\/04\/art-adriana-imagen.png 796w\" sizes=\"auto, (max-width: 300px) 100vw, 300px\" \/>En 1976, un vir\u00f3logo alem\u00e1n, Harald zur Hausen, plante\u00f3 la hip\u00f3tesis de que los c\u00e1nceres de cuello uterino podr\u00edan ser causados \u200b\u200bpor un virus del papiloma. El trabajo posterior realizado por \u00e9l y otros grupos de todo el mundo demostr\u00f3 que los virus del papiloma humano (VPH) estaban presentes en las muestras de c\u00e1ncer de cuello uterino. La confirmaci\u00f3n de que la infecci\u00f3n con un VPH de \u201calto riesgo\u201d es necesaria para el desarrollo del c\u00e1ncer de cuello uterino plante\u00f3 la intrigante posibilidad de que se pudiera desarrollar una vacuna para prevenir el c\u00e1ncer de cuello uterino.<\/p>\n<p style=\"text-align: justify;\">Sin embargo, un obst\u00e1culo importante para crear una vacuna contra el VPH que prevenga el c\u00e1ncer fue que el VPH no se pod\u00eda cultivar en el laboratorio y, por lo tanto, no era posible crear una vacuna a partir de virus atenuados o muertos, como se hac\u00eda habitualmente. Esto cambi\u00f3 en 1991, cuando Ian Frazer y sus colegas realizaron un avance tecnol\u00f3gico crucial.<\/p>\n<p style=\"text-align: justify;\">Frazer y sus colegas utilizaron la tecnolog\u00eda entonces relativamente nueva de expresar genes en cultivos celulares para crear part\u00edculas similares a virus (VLP, por sus siglas en ingl\u00e9s) de HPV16, un tipo de HPV de alto riesgo clave que causa c\u00e1ncer. Estas VLP se formaron espont\u00e1neamente cuando las prote\u00ednas L1 y L2 de la c\u00e1pside de HPV16 se expresaron juntas (pero no por separado) a partir de un vector de expresi\u00f3n del virus vaccinia en c\u00e9lulas epiteliales de ri\u00f1\u00f3n de mono. La visualizaci\u00f3n de las VLP mediante microscop\u00eda electr\u00f3nica indic\u00f3 que ten\u00edan una estructura 3D similar a la de un virus, a diferencia de las prote\u00ednas virales producidas individualmente, y se plante\u00f3 la hip\u00f3tesis de que las VLP tendr\u00edan m\u00e1s probabilidades de inducir una respuesta inmunitaria en animales. Al informar sobre sus hallazgos en la revista Virology en 1991, los autores reconocieron que las VLP \u201cpodr\u00edan proporcionar una fuente segura de material para el desarrollo de una vacuna\u201d.<\/p>\n<p style=\"text-align: justify;\"><span style=\"color: #3366ff;\"><strong><a style=\"color: #3366ff;\" href=\"https:\/\/elvitraldelaciencia.org\/revista\/\/wp-content\/uploads\/2022\/04\/art-adriana.pdf\">Ver Art\u00edculo completo<\/a><\/strong><\/span><\/p>\n","protected":false},"excerpt":{"rendered":"<p>&nbsp; &nbsp; Vol 2. (4). A\u00f1o 2022 &nbsp; Ver Revista completa &nbsp; &nbsp; &nbsp; &nbsp; &nbsp; \u00bfCOMPRENDEMOS LA GUERRA RUSIA-UCRANIA? Ideas e implicaciones Por Dr. Miguel Alfonzo &nbsp; En diciembre&hellip; <\/p>\n","protected":false},"author":2,"featured_media":2736,"comment_status":"closed","ping_status":"closed","sticky":false,"template":"","format":"standard","meta":{"footnotes":""},"categories":[22,18,21],"tags":[],"class_list":["post-2735","post","type-post","status-publish","format-standard","has-post-thumbnail","hentry","category-vitral","category-porta","category-publi"],"_links":{"self":[{"href":"https:\/\/elvitraldelaciencia.org\/revista\/wp-json\/wp\/v2\/posts\/2735","targetHints":{"allow":["GET"]}}],"collection":[{"href":"https:\/\/elvitraldelaciencia.org\/revista\/wp-json\/wp\/v2\/posts"}],"about":[{"href":"https:\/\/elvitraldelaciencia.org\/revista\/wp-json\/wp\/v2\/types\/post"}],"author":[{"embeddable":true,"href":"https:\/\/elvitraldelaciencia.org\/revista\/wp-json\/wp\/v2\/users\/2"}],"replies":[{"embeddable":true,"href":"https:\/\/elvitraldelaciencia.org\/revista\/wp-json\/wp\/v2\/comments?post=2735"}],"version-history":[{"count":0,"href":"https:\/\/elvitraldelaciencia.org\/revista\/wp-json\/wp\/v2\/posts\/2735\/revisions"}],"wp:featuredmedia":[{"embeddable":true,"href":"https:\/\/elvitraldelaciencia.org\/revista\/wp-json\/wp\/v2\/media\/2736"}],"wp:attachment":[{"href":"https:\/\/elvitraldelaciencia.org\/revista\/wp-json\/wp\/v2\/media?parent=2735"}],"wp:term":[{"taxonomy":"category","embeddable":true,"href":"https:\/\/elvitraldelaciencia.org\/revista\/wp-json\/wp\/v2\/categories?post=2735"},{"taxonomy":"post_tag","embeddable":true,"href":"https:\/\/elvitraldelaciencia.org\/revista\/wp-json\/wp\/v2\/tags?post=2735"}],"curies":[{"name":"wp","href":"https:\/\/api.w.org\/{rel}","templated":true}]}}