{"id":2869,"date":"2022-08-22T09:14:31","date_gmt":"2022-08-22T13:14:31","guid":{"rendered":"https:\/\/elvitraldelaciencia.org\/revista\/\/?p=2869"},"modified":"2022-08-22T09:14:31","modified_gmt":"2022-08-22T13:14:31","slug":"el-vitral-de-la-ciencia-vol-2-n-8-2022","status":"publish","type":"post","link":"https:\/\/elvitraldelaciencia.org\/revista\/el-vitral-de-la-ciencia-vol-2-n-8-2022\/","title":{"rendered":"El Vitral de la Ciencia. Vol 2. N\u00b0 8: (2022)"},"content":{"rendered":"<p><span style=\"color: #0000ff;\"><strong>Vol 2. (8). A\u00f1o 2022<\/strong><\/span><span style=\"color: #0000ff;\"><strong><img loading=\"lazy\" decoding=\"async\" class=\"alignleft  wp-image-2870\" src=\"https:\/\/elvitraldelaciencia.org\/revista\/\/wp-content\/uploads\/2022\/08\/PORTADA-2-212x300.png\" alt=\"\" width=\"262\" height=\"371\" srcset=\"https:\/\/elvitraldelaciencia.org\/revista\/wp-content\/uploads\/2022\/08\/PORTADA-2-212x300.png 212w, https:\/\/elvitraldelaciencia.org\/revista\/wp-content\/uploads\/2022\/08\/PORTADA-2.png 634w\" sizes=\"auto, (max-width: 262px) 100vw, 262px\" \/><\/strong><\/span><\/p>\n<p>&nbsp;<\/p>\n<p>&nbsp;<\/p>\n<p><strong><span style=\"color: #800000;\"><a style=\"color: #800000;\" href=\"https:\/\/drive.google.com\/file\/d\/1sCP0G8V3hIn7cIFtjnPoW-wyqzQn5kK3\/view?usp=sharing\">Ver Revista completa<\/a><\/span><\/strong><\/p>\n<p>&nbsp;<\/p>\n<p>&nbsp;<\/p>\n<p>&nbsp;<\/p>\n<p>&nbsp;<\/p>\n<p>&nbsp;<\/p>\n<p>&nbsp;<\/p>\n<p>&nbsp;<\/p>\n<p><span style=\"color: #800000;\"><strong><span style=\"font-size: 14pt;\"><img loading=\"lazy\" decoding=\"async\" class=\"alignleft  wp-image-2871\" src=\"https:\/\/elvitraldelaciencia.org\/revista\/\/wp-content\/uploads\/2022\/08\/robot-Ia-4-300x214.png\" alt=\"\" width=\"315\" height=\"225\" srcset=\"https:\/\/elvitraldelaciencia.org\/revista\/wp-content\/uploads\/2022\/08\/robot-Ia-4-300x214.png 300w, https:\/\/elvitraldelaciencia.org\/revista\/wp-content\/uploads\/2022\/08\/robot-Ia-4-768x548.png 768w, https:\/\/elvitraldelaciencia.org\/revista\/wp-content\/uploads\/2022\/08\/robot-Ia-4.png 800w\" sizes=\"auto, (max-width: 315px) 100vw, 315px\" \/>LA INTELIGENCIA<\/span> ARTIFICIAL (IA):<\/strong><\/span><br \/>\n<strong><span style=\"color: #3366ff;\">\u00bfLA REVOLUCION DEL SIGLO XXI?<\/span><\/strong><br \/>\n<strong>Por Dr. Miguel Alfonzo<\/strong><\/p>\n<p>La disciplina cient\u00edfica que trata la IA no es nueva en absoluto; sus fundamentos se remontan a los inicios de la inform\u00e1tica en las d\u00e9cadas de 1940 y 1950, e incluye numerosos m\u00e9todos diferentes cuyo objetivo es reproducir las funciones cognitivas a trav\u00e9s de la inform\u00e1tica. El t\u00e9rmino \u201cinteligencia artificial\u201d fue acu\u00f1ado en 1956 por John McCarthy, quien fue uno de los padres fundadores del campo junto con Allen Newell y Herbert Simon.<\/p>\n<p>La IA, as\u00ed como las transformaciones econ\u00f3micas y sociales que puede generar, ocupan un lugar central en los debates actuales. En los dos \u00faltimos decenios se han producido grandes avances en la IA, sobre todo gracias a la recopilaci\u00f3n masiva de datos (big data o macrodatos), el aumento de la capacidad de computaci\u00f3n y el desarrollo de nuevas t\u00e9cnicas de aprendizaje autom\u00e1tico (machine learning). Los continuos avances tecnol\u00f3gicos tambi\u00e9n est\u00e1n dando lugar a captadores m\u00e1s eficaces y baratos que recogen datos m\u00e1s fiables para los sistemas de IA. Dichos avances tecnol\u00f3gicos han permitido, por lo tanto, integrar la IA en un gran n\u00famero de procesos que antes requer\u00edan la intervenci\u00f3n humana. La automatizaci\u00f3n de tareas que dependen, por ejemplo, de habilidades perceptivas como ver y o\u00edr, algo natural para los seres humanos, estaba hasta hace poco fuera del alcance de las m\u00e1quinas. Si bien la tecnolog\u00eda no es infalible y la velocidad de los avances sigue siendo incierta, la IA presenta un potencial que podr\u00eda facilitar la automatizaci\u00f3n de tareas a\u00fan m\u00e1s complejas, lo que la har\u00eda competir a\u00fan m\u00e1s con las capacidades cognitivas humanas.<\/p>\n<p><span style=\"color: #3366ff;\"><strong><a style=\"color: #3366ff;\" href=\"https:\/\/elvitraldelaciencia.org\/revista\/\/wp-content\/uploads\/2022\/08\/art-miguel.pdf\">Ver art\u00edculo completo<\/a><\/strong><\/span><\/p>\n<p>&nbsp;<\/p>\n<p><span style=\"font-size: 14pt; color: #800000;\"><strong><img loading=\"lazy\" decoding=\"async\" class=\"alignleft  wp-image-2873\" src=\"https:\/\/elvitraldelaciencia.org\/revista\/\/wp-content\/uploads\/2022\/08\/fig-2-victor-300x209.jpg\" alt=\"\" width=\"334\" height=\"233\" srcset=\"https:\/\/elvitraldelaciencia.org\/revista\/wp-content\/uploads\/2022\/08\/fig-2-victor-300x209.jpg 300w, https:\/\/elvitraldelaciencia.org\/revista\/wp-content\/uploads\/2022\/08\/fig-2-victor.jpg 564w\" sizes=\"auto, (max-width: 334px) 100vw, 334px\" \/>LA IA: \u00bfPERO RAZONAR\u00c1 IGUAL QUE NOSOTROS?<br \/>\n<\/strong><\/span><strong>Dr. V\u00edctor theoktisto<\/strong><\/p>\n<p><strong>INTRODUCCI\u00d3N: <\/strong><br \/>\n<strong>\u00bfES LA INTELIGENCIA ARTIFICIAL COMO LA INTELIGENCIA HUMANA?<\/strong><br \/>\nEl padre de la psicolog\u00eda, William James, la describi\u00f3 en Principles of Psychology (1890) como \u201cla cosa m\u00e1s misteriosa del mundo\u201d: \u00bfC\u00f3mo puede ser f\u00edsica la conciencia? \u00bfC\u00f3mo es posible que unas pocas libras de gelatina gris den lugar a nuestros propios pensamientos y a nuestro yo?.<\/p>\n<p>Todo comienza con la famosa pregunta de Alan Turing en la d\u00e9cada de 1950, \u201c\u00bfPueden las m\u00e1quinas pensar?\u201d. Ya de por s\u00ed, el concepto de \u201crazonar por s\u00ed misma\u201d est\u00e1 lleno de trampas.<br \/>\nEl hombre que acu\u00f1\u00f3 el t\u00e9rmino Inteligencia Artificial, John McCarthy, postulaba en 1956 que \u201csi un grupo de cient\u00edficos cuidadosamente seleccionados trabajan juntos en ello durante un verano, lograr\u00edan un progreso significativo hacia la creaci\u00f3n de m\u00e1quinas con una o m\u00e1s de las siguientes habilidades: la capacidad de usar el lenguaje; de formar conceptos; de resolver problemas que ahora s\u00f3lo pueden resolver los humanos; de mejorarse as\u00ed mismos\u201d. McCarthy reconoci\u00f3 que fracasaron porque \u201cla IA es m\u00e1s dif\u00edcil de lo que pens\u00e1bamos\u201d. Y al parecer sigue siendo m\u00e1s dif\u00edcil de lo que se podr\u00eda pensar.<\/p>\n<p><span style=\"color: #3366ff;\"><strong><a style=\"color: #3366ff;\" href=\"https:\/\/elvitraldelaciencia.org\/revista\/\/wp-content\/uploads\/2022\/08\/art-victor.pdf\">Ver art\u00edculo completo<\/a><\/strong><\/span><\/p>\n<p>&nbsp;<\/p>\n<p><span style=\"color: #800000; font-size: 14pt;\"><strong><img loading=\"lazy\" decoding=\"async\" class=\"alignleft size-medium wp-image-2875\" src=\"https:\/\/elvitraldelaciencia.org\/revista\/\/wp-content\/uploads\/2022\/08\/fig-4-victor-232x300.jpg\" alt=\"\" width=\"232\" height=\"300\" srcset=\"https:\/\/elvitraldelaciencia.org\/revista\/wp-content\/uploads\/2022\/08\/fig-4-victor-232x300.jpg 232w, https:\/\/elvitraldelaciencia.org\/revista\/wp-content\/uploads\/2022\/08\/fig-4-victor.jpg 564w\" sizes=\"auto, (max-width: 232px) 100vw, 232px\" \/>LA INTELIGENCIA ARTIFICIAL EN LA ERA DIGITAL<\/strong><\/span><br \/>\n<strong>Por Dr. Carlos Berbeci<\/strong><\/p>\n<p>\u00bfC\u00f3mo se prepara la humanidad para la nueva era donde la Inteligencia Artificial (IA) intervendr\u00e1 en procesos de decisi\u00f3n que afectan a la sociedad?<\/p>\n<p>LA IA Y LA HUMANIDAD<br \/>\nLos seres humanos hoy, vivimos momentos de transici\u00f3n profunda entre una sociedad con una marcada interacci\u00f3n en el procesamiento de la informaci\u00f3n y las telecomunicaciones. Nos enfrentamos a una inmersi\u00f3n completa en la computaci\u00f3n ubicua, permitiendo la integraci\u00f3n de las tecnolog\u00edas y la inform\u00e1tica de manera transparente en cada ser humano. Es muy claro ver como los ordenadores no se perciben como objetos diferenciados y est\u00e1n en todos los lugares donde hacemos vida. Ahora, las m\u00e1quinas se adaptan a nuestras vidas y a los seres humanos<\/p>\n<p>&nbsp;<\/p>\n<p><span style=\"color: #3366ff;\"><strong><a style=\"color: #3366ff;\" href=\"https:\/\/elvitraldelaciencia.org\/revista\/\/wp-content\/uploads\/2022\/08\/art-carlos.pdf\">Ver art\u00edculo completo<\/a><\/strong><\/span><\/p>\n<p>&nbsp;<\/p>\n<p>&nbsp;<\/p>\n<p>&nbsp;<\/p>\n<p>&nbsp;<\/p>\n","protected":false},"excerpt":{"rendered":"<p>Vol 2. (8). A\u00f1o 2022 &nbsp; &nbsp; Ver Revista completa &nbsp; &nbsp; &nbsp; &nbsp; &nbsp; &nbsp; &nbsp; LA INTELIGENCIA ARTIFICIAL (IA): \u00bfLA REVOLUCION DEL SIGLO XXI? Por Dr. Miguel Alfonzo&hellip; <\/p>\n","protected":false},"author":2,"featured_media":2870,"comment_status":"closed","ping_status":"closed","sticky":false,"template":"","format":"standard","meta":{"footnotes":""},"categories":[11,22,18],"tags":[],"class_list":["post-2869","post","type-post","status-publish","format-standard","has-post-thumbnail","hentry","category-destacado","category-vitral","category-porta"],"_links":{"self":[{"href":"https:\/\/elvitraldelaciencia.org\/revista\/wp-json\/wp\/v2\/posts\/2869","targetHints":{"allow":["GET"]}}],"collection":[{"href":"https:\/\/elvitraldelaciencia.org\/revista\/wp-json\/wp\/v2\/posts"}],"about":[{"href":"https:\/\/elvitraldelaciencia.org\/revista\/wp-json\/wp\/v2\/types\/post"}],"author":[{"embeddable":true,"href":"https:\/\/elvitraldelaciencia.org\/revista\/wp-json\/wp\/v2\/users\/2"}],"replies":[{"embeddable":true,"href":"https:\/\/elvitraldelaciencia.org\/revista\/wp-json\/wp\/v2\/comments?post=2869"}],"version-history":[{"count":0,"href":"https:\/\/elvitraldelaciencia.org\/revista\/wp-json\/wp\/v2\/posts\/2869\/revisions"}],"wp:featuredmedia":[{"embeddable":true,"href":"https:\/\/elvitraldelaciencia.org\/revista\/wp-json\/wp\/v2\/media\/2870"}],"wp:attachment":[{"href":"https:\/\/elvitraldelaciencia.org\/revista\/wp-json\/wp\/v2\/media?parent=2869"}],"wp:term":[{"taxonomy":"category","embeddable":true,"href":"https:\/\/elvitraldelaciencia.org\/revista\/wp-json\/wp\/v2\/categories?post=2869"},{"taxonomy":"post_tag","embeddable":true,"href":"https:\/\/elvitraldelaciencia.org\/revista\/wp-json\/wp\/v2\/tags?post=2869"}],"curies":[{"name":"wp","href":"https:\/\/api.w.org\/{rel}","templated":true}]}}