{"id":2904,"date":"2022-09-24T15:02:40","date_gmt":"2022-09-24T19:02:40","guid":{"rendered":"https:\/\/elvitraldelaciencia.org\/revista\/\/?p=2904"},"modified":"2022-09-26T08:48:53","modified_gmt":"2022-09-26T12:48:53","slug":"el-vitral-de-la-ciencia-vol-2-n-9-2022","status":"publish","type":"post","link":"https:\/\/elvitraldelaciencia.org\/revista\/el-vitral-de-la-ciencia-vol-2-n-9-2022\/","title":{"rendered":"El Vitral de la Ciencia. Vol 2. N\u00b0 9: (2022)"},"content":{"rendered":"<p><strong><img loading=\"lazy\" decoding=\"async\" class=\"alignleft size-medium wp-image-2901\" src=\"https:\/\/elvitraldelaciencia.org\/revista\/\/wp-content\/uploads\/2022\/09\/portada-1-212x300.png\" alt=\"\" width=\"212\" height=\"300\" srcset=\"https:\/\/elvitraldelaciencia.org\/revista\/wp-content\/uploads\/2022\/09\/portada-1-212x300.png 212w, https:\/\/elvitraldelaciencia.org\/revista\/wp-content\/uploads\/2022\/09\/portada-1.png 622w\" sizes=\"auto, (max-width: 212px) 100vw, 212px\" \/><span style=\"color: #0000ff;\">Vol 2. (9). A\u00f1o 2022<\/span><\/strong><\/p>\n<p>&nbsp;<\/p>\n<p>&nbsp;<\/p>\n<p><strong><span style=\"color: #800000;\"><a style=\"color: #800000;\" href=\"https:\/\/drive.google.com\/file\/d\/1J1CrfBscg9S8neyFAQ3t1zWr6PEgO5jb\/view?usp=sharing\">Ver Revista completa<\/a><\/span><\/strong><\/p>\n<p>&nbsp;<\/p>\n<p>&nbsp;<\/p>\n<p>&nbsp;<\/p>\n<p>&nbsp;<\/p>\n<p>&nbsp;<\/p>\n<p><span style=\"color: #800000;\"><strong><span style=\"font-size: 14pt;\"><img loading=\"lazy\" decoding=\"async\" class=\"alignleft wp-image-2906\" src=\"https:\/\/elvitraldelaciencia.org\/revista\/\/wp-content\/uploads\/2022\/09\/migrantes-300x225.jpeg\" alt=\"\" width=\"377\" height=\"283\" srcset=\"https:\/\/elvitraldelaciencia.org\/revista\/wp-content\/uploads\/2022\/09\/migrantes-300x225.jpeg 300w, https:\/\/elvitraldelaciencia.org\/revista\/wp-content\/uploads\/2022\/09\/migrantes-1024x768.jpeg 1024w, https:\/\/elvitraldelaciencia.org\/revista\/wp-content\/uploads\/2022\/09\/migrantes-768x576.jpeg 768w, https:\/\/elvitraldelaciencia.org\/revista\/wp-content\/uploads\/2022\/09\/migrantes-80x60.jpeg 80w, https:\/\/elvitraldelaciencia.org\/revista\/wp-content\/uploads\/2022\/09\/migrantes-1536x1152.jpeg 1536w, https:\/\/elvitraldelaciencia.org\/revista\/wp-content\/uploads\/2022\/09\/migrantes.jpeg 1600w\" sizes=\"auto, (max-width: 377px) 100vw, 377px\" \/>MIGRACI\u00d3N<\/span><\/strong><\/span><br \/>\n<span style=\"color: #0000ff;\"><strong>EL VIAJE SIN RETORNO<br \/>\n<span style=\"color: #000000;\">Por Dr. Miguel Alfonzo<\/span><\/strong><\/span><\/p>\n<p>Son millones de voces calladas. Son millones de rostros ocultos, invisibilizados. Son millones esperanzados buscando nuevos horizontes, pero encuentran muros, cercas y rechazos. Son millones que huyen pero al llegar, siguen huyendo. Son millones de personas que dejan su pa\u00eds por miedo a la muerte, se dirigen a pa\u00edses ricos pero muertos en solidaridad y en el egoismo. Son millones de personas que NO SON CRIMINALES.<\/p>\n<p>Quiero ofrecer este art\u00edculo a los migrantes que salieron desde el AFRICA y se ahogaron en las aguas del mediterr\u00e1neo, y a quienes se salvaron, que son los olvidados del mundo.<\/p>\n<p>A los migrantes latinoamericanos que no quieren seguir recibiendo espejitos, y ahora los buscan en las fronteras del NORTE, buscando un sue\u00f1o que ser\u00e1 una pesadilla.<\/p>\n<p>A los migrantes del desierto, huyendo de las bombas de un pa\u00eds, cuando hace dos mil a\u00f1os, una pareja tuvo que huir a Egipto por la amenaza de su beb\u00e9 por un Rey cuidando su poder.<\/p>\n<p><strong><span style=\"color: #0000ff;\"><a style=\"color: #0000ff;\" href=\"https:\/\/elvitraldelaciencia.org\/revista\/\/wp-content\/uploads\/2022\/09\/art-miguel.pdf\">Ver art\u00edculo completo<\/a><\/span><\/strong><\/p>\n<p>&nbsp;<\/p>\n<p><strong><span style=\"color: #800000; font-size: 14pt;\"><img loading=\"lazy\" decoding=\"async\" class=\"alignleft size-medium wp-image-2907\" src=\"https:\/\/elvitraldelaciencia.org\/revista\/\/wp-content\/uploads\/2022\/09\/migracion-franklin-3-231x300.jpg\" alt=\"\" width=\"231\" height=\"300\" srcset=\"https:\/\/elvitraldelaciencia.org\/revista\/wp-content\/uploads\/2022\/09\/migracion-franklin-3-231x300.jpg 231w, https:\/\/elvitraldelaciencia.org\/revista\/wp-content\/uploads\/2022\/09\/migracion-franklin-3.jpg 564w\" sizes=\"auto, (max-width: 231px) 100vw, 231px\" \/>LA NEGACI\u00d3N DEL OTRO<br \/>\n<span style=\"font-size: 12pt; color: #000000;\">Por Dr Franklin Gonz\u00e1lez<\/span><\/span><\/strong><\/p>\n<p>En Europa, en pleno desarrollo de la crisis que tiene lugar en torno a Ucrania, est\u00e1n ocurriendo acontecimientos que la est\u00e1n marcando fuertemente. En t\u00e9rminos econ\u00f3micos, el euro ha venido perdiendo poder de compra y est\u00e1 creciendo la inflaci\u00f3n; en t\u00e9rminos sociales, los salarios se est\u00e1n deteriorando aceleradamente y con el invierno la situaci\u00f3n empeorar\u00e1 para los habitantes de esos pa\u00edses y en t\u00e9rminos pol\u00edticos, est\u00e1 creciendo el sector pol\u00edtico de ultraderecha que sostiene que el gran enemigo de todos sus males son los inmigrantes que llegan a tocar las puertas de sus pa\u00edses. Y para coronar, Europa, se han negado a s\u00ed mismo en el escenario internacional.<\/p>\n<p>Aqu\u00ed en estas reflexiones, que se inscriben en el \u201cdialogo de saberes\u201d o la \u201cecolog\u00eda de saberes\u201d en palabras de Boaventura Sousa de Santos, haremos referencias, en particular, a los \u201cn\u00f3madas sin hogar\u201d, \u201cmensajeros de la globalizaci\u00f3n, \u201cIntrusos\u201d o \u201cforasteros\u201d y tambi\u00e9n daremos una pincelada a la geopol\u00edtica.<\/p>\n<p>Todo ello en el contexto de la otredad.<\/p>\n<p><strong><a href=\"https:\/\/elvitraldelaciencia.org\/revista\/\/wp-content\/uploads\/2022\/09\/art-franklin.pdf\">Ver art\u00edculo completo<\/a><\/strong><\/p>\n<p>&nbsp;<\/p>\n<p><span style=\"font-size: 14pt; color: #800000;\"><strong> <img loading=\"lazy\" decoding=\"async\" class=\"alignleft wp-image-2911\" src=\"https:\/\/elvitraldelaciencia.org\/revista\/\/wp-content\/uploads\/2022\/09\/migracion-nathalia-5-300x224.png\" alt=\"\" width=\"398\" height=\"297\" srcset=\"https:\/\/elvitraldelaciencia.org\/revista\/wp-content\/uploads\/2022\/09\/migracion-nathalia-5-300x224.png 300w, https:\/\/elvitraldelaciencia.org\/revista\/wp-content\/uploads\/2022\/09\/migracion-nathalia-5-768x575.png 768w, https:\/\/elvitraldelaciencia.org\/revista\/wp-content\/uploads\/2022\/09\/migracion-nathalia-5-80x60.png 80w, https:\/\/elvitraldelaciencia.org\/revista\/wp-content\/uploads\/2022\/09\/migracion-nathalia-5.png 790w\" sizes=\"auto, (max-width: 398px) 100vw, 398px\" \/>LOS MIGRANTES<\/strong><\/span><br \/>\n<span style=\"color: #0000ff;\"><strong>Un Calvario que Afecta su Salud Mental<br \/>\n<span style=\"color: #000000;\">Por Psic Natalia S\u00e1nchez<\/span><\/strong><\/span><\/p>\n<p>Posiblemente muchos hemos o\u00eddo y le\u00eddo sobre migraci\u00f3n y sus efectos en este nuevo orden social, sin embargo, es importante tenerlo claramente definido. Seg\u00fan la UNESCO, las migraciones son \u201cdesplazamientos de la poblaci\u00f3n de una localizaci\u00f3n territorial a otra por un plazo de tiempo considerable o indeterminado\u201d. Para que estos desplazamientos sean considerados como migraci\u00f3n, deben tener las siguientes caracter\u00edsticas: 1) el movimiento se produce entre dos delimitaciones geogr\u00e1ficas significativas, 2) El desplazamiento es perdurable, no espor\u00e1dico, 3) El desplazamiento tiene que admitir un cambio relevante del entorno f\u00edsico y social (Gonz\u00e1lez y Aikin, 2017).<\/p>\n<p>De acuerdo a la Organizaci\u00f3n Internacional del Migraci\u00f3n (OIM, 2022) se estima que 281 millones de migrantes internacionales, 169 millones son trabajadores migrantes. Ahora bien, la migraci\u00f3n ha sido parte de la evoluci\u00f3n humana y trae consigo efectos no solo desde lo estructural, sino tambi\u00e9n desde lo social y psicol\u00f3gico. Sin embargo, no todos los cambios son negativos, puesto que seg\u00fan la Uni\u00f3n Interparlamentaria (2015) es un fen\u00f3meno mundial que ha contribuido durante mucho tiempo al desarrollo econ\u00f3mico y al bienestar social, tanto en los pa\u00edses de destino como en los pa\u00edses de origen; cuyo factor motivante, es la b\u00fasqueda de una mejor calidad de vida.<\/p>\n<p><strong><a href=\"https:\/\/elvitraldelaciencia.org\/revista\/\/wp-content\/uploads\/2022\/09\/art-nathalia.pdf\">Ver art\u00edculo completo<\/a><\/strong><\/p>\n<p>&nbsp;<\/p>\n<p><span style=\"font-size: 14pt; color: #800000;\"><strong><img loading=\"lazy\" decoding=\"async\" class=\"alignleft wp-image-2912\" src=\"https:\/\/elvitraldelaciencia.org\/revista\/\/wp-content\/uploads\/2022\/09\/migracion-miriam-151x300.png\" alt=\"\" width=\"212\" height=\"421\" srcset=\"https:\/\/elvitraldelaciencia.org\/revista\/wp-content\/uploads\/2022\/09\/migracion-miriam-151x300.png 151w, https:\/\/elvitraldelaciencia.org\/revista\/wp-content\/uploads\/2022\/09\/migracion-miriam.png 503w\" sizes=\"auto, (max-width: 212px) 100vw, 212px\" \/>LOS DERECHOS HUMANOS DE LOS MIGRANTES Y\/O REFUGIADOS:<br \/>\n<span style=\"font-size: 12pt; color: #0000ff;\">UN TEMA NECESARIO<br \/>\n<span style=\"color: #000000;\">Por M Sc. Miriam Marcano<\/span><\/span><\/strong><\/span><\/p>\n<p>Los movimientos migratorios han sido hist\u00f3ricamente un fen\u00f3meno mundial bien controvertido y multifactorial, dependiendo de la magnitud y la forma en que se presenten efectivamente puede alterar la homeostasis del pa\u00eds receptor, teniendo los Estados que generar los mecanismos con enfoque de Derechos Humanos necesarios para hacer la transici\u00f3n de la forma m\u00e1s adecuada posible, por ello no se puede enfrentar de forma unilateral debido a todas las aristas que lo conforman. Existen dos conceptos que vale la pena puntualizar antes de adentrarnos en este tema, primero debemos tener claro qu\u00e9 es la migraci\u00f3n, la emigraci\u00f3n y por supuesto la otra cara de la moneda la inmigraci\u00f3n, as\u00ed pues, que estos tres t\u00e9rminos van de la mano.<\/p>\n<p>&nbsp;<\/p>\n<p><a href=\"https:\/\/elvitraldelaciencia.org\/revista\/\/wp-content\/uploads\/2022\/09\/art-miriam.pdf\"><strong>Ver art\u00edculo completo<\/strong>\u00a0<\/a><\/p>\n<p>&nbsp;<\/p>\n<p>&nbsp;<\/p>\n<p>&nbsp;<\/p>\n<p>&nbsp;<\/p>\n<p><span style=\"font-size: 14pt; color: #800000;\"><strong><img loading=\"lazy\" decoding=\"async\" class=\"alignleft wp-image-2913\" src=\"https:\/\/elvitraldelaciencia.org\/revista\/\/wp-content\/uploads\/2022\/09\/migracion-jesus-machado-300x149.png\" alt=\"\" width=\"479\" height=\"238\" srcset=\"https:\/\/elvitraldelaciencia.org\/revista\/wp-content\/uploads\/2022\/09\/migracion-jesus-machado-300x149.png 300w, https:\/\/elvitraldelaciencia.org\/revista\/wp-content\/uploads\/2022\/09\/migracion-jesus-machado-768x382.png 768w, https:\/\/elvitraldelaciencia.org\/revista\/wp-content\/uploads\/2022\/09\/migracion-jesus-machado.png 981w\" sizes=\"auto, (max-width: 479px) 100vw, 479px\" \/>ALGUNAS NOTAS SOBRE LA MIGRACI\u00d3N VENEZOLANA<br \/>\n<span style=\"color: #000000;\">Por Soc Jes\u00fas Machado<\/span><\/strong><\/span><\/p>\n<p>Dar cuenta de la realidad contempor\u00e1nea venezolana pasa por abordar el tema de la migraci\u00f3n. \u00bfC\u00f3mo lo abordamos? Parte de la medi\u00e1tica mundial, que responde b\u00e1sicamente a intereses concretos de sus due\u00f1os vinculados a opciones pol\u00edticas de derecha y al Capital transnacional, imponen una narrativa vinculada a planes injerencistas de los EE. UU. y la Uni\u00f3n Europea con pretensiones depredadoras de las gentes y los recursos. Aquellos amplifican una versi\u00f3n de la realidad explicada seg\u00fan sus intencionalidades pol\u00edtico-econ\u00f3micas. Ponernos a hablar del tema migratorio necesariamente pasa por hurgar un poco el discurso impuesto por la medi\u00e1tica internacional y los intereses que representa y comenzar a tratar de un conjunto de elementos que se ocultan, de eso trata este art\u00edculo.<\/p>\n<p><strong>\u00bfPor qu\u00e9 migran?<\/strong><br \/>\nDesde el \u00faltimo gobierno de Barack Obama, se han expedido un poco m\u00e1s de 500 medidas coercitivas unilaterales, a ese frenes\u00ed colonialista se le han sumado la Uni\u00f3n Europea y un s\u00e9quito de gobiernos afines, teniendo como efectos el deterioro en profundidad de la econom\u00eda nacional, cortando casi en su totalidad el flujo de ingresos por la venta de petr\u00f3leo, con lo que ello implica para un pa\u00eds ampliamente dependiente de estas exportaciones. Cercenando la posibilidad de comerciar en el mercado internacional la obtenci\u00f3n de alimentos y medicinas por parte del Estado y garantizar as\u00ed los derechos de las personas que en \u00e9l habitan.<\/p>\n<p><strong><a href=\"https:\/\/elvitraldelaciencia.org\/revista\/\/wp-content\/uploads\/2022\/09\/art-jesus.pdf\">Ver art\u00edculo completo<\/a><\/strong><\/p>\n<p>&nbsp;<\/p>\n<p><span style=\"color: #800000;\"><strong><img loading=\"lazy\" decoding=\"async\" class=\"alignleft wp-image-2916\" src=\"https:\/\/elvitraldelaciencia.org\/revista\/\/wp-content\/uploads\/2022\/09\/migracion-miguel-jaimes-300x179.png\" alt=\"\" width=\"432\" height=\"258\" srcset=\"https:\/\/elvitraldelaciencia.org\/revista\/wp-content\/uploads\/2022\/09\/migracion-miguel-jaimes-300x179.png 300w, https:\/\/elvitraldelaciencia.org\/revista\/wp-content\/uploads\/2022\/09\/migracion-miguel-jaimes-768x459.png 768w, https:\/\/elvitraldelaciencia.org\/revista\/wp-content\/uploads\/2022\/09\/migracion-miguel-jaimes.png 983w\" sizes=\"auto, (max-width: 432px) 100vw, 432px\" \/><span style=\"font-size: 14pt;\">DUELO EN LA GEOPOL\u00cdTICA<\/span><br \/>\n<\/strong><\/span><span style=\"color: #0000ff;\"><strong>Por Dr. Miguel A. Jaimes N.<\/strong><\/span><\/p>\n<p>De nuevo aparece el anuncio de un cambio en la matriz de energ\u00eda y la ciencia que ha estado esperando su estudio, bajo la \u00f3ptica del tema de los recursos ubicados en el subsuelo, es la geopol\u00edtica. Pudi\u00e9ramos hablar del petr\u00f3leo, pero preferimos hacerlo en cuanto a la crisis de los recursos globales. Estos originaron elementos para comenzar la discusi\u00f3n, y son los que ponen el rumbo sobre la mesa de las relaciones internacionales con su din\u00e1mica a la hora de batallar, desarrollar, dividir o, incluso, tergiversar lo normal y hacerlo anormal, tambi\u00e9n en la seguridad y defensa de las naciones productoras, como Venezuela.<br \/>\nEn cada uno de esos detalles hay m\u00e1s intereses que negocios. Al momento de quebrar y sacar del juego a los pocos pa\u00edses productores, esto se har\u00eda sin escatimar esfuerzo alguno. Por eso se presentan particularidades en sus instituciones, organismos y sectores que manejan el tema en la administraci\u00f3n de sus recursos y energ\u00eda, se podr\u00eda decir que cada naci\u00f3n productora deber\u00eda tener un centro local, nacional e internacional que d\u00e9 advertencia de hacia d\u00f3nde va el mundo tras el conflicto de los recursos, sobre todo en petr\u00f3leo, gas y petroqu\u00edmico.<\/p>\n<p><a href=\"https:\/\/elvitraldelaciencia.org\/revista\/\/wp-content\/uploads\/2022\/09\/art-miguel-1.pdf\"><strong>Ver articulo completo<\/strong><\/a><\/p>\n<p>&nbsp;<\/p>\n<p><img loading=\"lazy\" decoding=\"async\" class=\"alignleft wp-image-2917\" src=\"https:\/\/elvitraldelaciencia.org\/revista\/\/wp-content\/uploads\/2022\/09\/computadora-stalina-197x300.png\" alt=\"\" width=\"262\" height=\"399\" srcset=\"https:\/\/elvitraldelaciencia.org\/revista\/wp-content\/uploads\/2022\/09\/computadora-stalina-197x300.png 197w, https:\/\/elvitraldelaciencia.org\/revista\/wp-content\/uploads\/2022\/09\/computadora-stalina.png 263w\" sizes=\"auto, (max-width: 262px) 100vw, 262px\" \/><\/p>\n<p><span style=\"color: #800000; font-size: 14pt;\"><strong>EL FUTURO DE LAS COMPUTADORAS<br \/>\n<span style=\"color: #000000;\">Por Dra Estalina Ba\u00e9z-Ram\u00edrez<\/span><br \/>\n<\/strong><\/span><\/p>\n<p>Es probable que est\u00e9s leyendo esto en una computadora. Tambi\u00e9n es probable que est\u00e9s dando ese hecho por sentado. Eso es a pesar de que el dispositivo frente a usted habr\u00eda asombrado a los cient\u00edficos inform\u00e1ticos hace solo unas d\u00e9cadas, y parec\u00eda pura magia mucho antes de eso. Contiene miles de millones de diminutos elementos inform\u00e1ticos, que ejecutan millones de l\u00edneas de instrucciones de software, escritas colectivamente por innumerables personas en todo el mundo. Finalmente hace clic, toca, escribe o habla, y el resultado aparece perfectamente en la pantalla.<br \/>\nLas computadoras una vez llenaron las habitaciones. Ahora est\u00e1n en todas partes y son invisibles, incrustadas en relojes, motores de autom\u00f3viles, c\u00e1maras, televisores y juguetes. Gestionan redes el\u00e9ctricas, analizan datos cient\u00edficos y predicen el tiempo. El mundo moderno ser\u00eda imposible sin estas, y nuestra dependencia de estas para la salud, la prosperidad y el entretenimiento solo aumentar\u00e1.<\/p>\n<p>Los cient\u00edficos esperan hacer que las computadoras sean a\u00fan m\u00e1s r\u00e1pidas, que los programas sean m\u00e1s inteligentes y que se implemente la tecnolog\u00eda de manera \u00e9tica. Pero antes de ver a d\u00f3nde vamos desde aqu\u00ed, repasemos de d\u00f3nde venimos.<\/p>\n<p><strong><a href=\"https:\/\/elvitraldelaciencia.org\/revista\/\/wp-content\/uploads\/2022\/09\/art-stalina.pdf\">Ver art\u00edculo completo<\/a><\/strong><\/p>\n<p>&nbsp;<\/p>\n","protected":false},"excerpt":{"rendered":"<p>Vol 2. (9). A\u00f1o 2022 &nbsp; &nbsp; Ver Revista completa &nbsp; &nbsp; &nbsp; &nbsp; &nbsp; MIGRACI\u00d3N EL VIAJE SIN RETORNO Por Dr. Miguel Alfonzo Son millones de voces calladas. Son&hellip; <\/p>\n","protected":false},"author":2,"featured_media":2901,"comment_status":"closed","ping_status":"closed","sticky":false,"template":"","format":"standard","meta":{"footnotes":""},"categories":[11,22,18],"tags":[],"class_list":["post-2904","post","type-post","status-publish","format-standard","has-post-thumbnail","hentry","category-destacado","category-vitral","category-porta"],"_links":{"self":[{"href":"https:\/\/elvitraldelaciencia.org\/revista\/wp-json\/wp\/v2\/posts\/2904","targetHints":{"allow":["GET"]}}],"collection":[{"href":"https:\/\/elvitraldelaciencia.org\/revista\/wp-json\/wp\/v2\/posts"}],"about":[{"href":"https:\/\/elvitraldelaciencia.org\/revista\/wp-json\/wp\/v2\/types\/post"}],"author":[{"embeddable":true,"href":"https:\/\/elvitraldelaciencia.org\/revista\/wp-json\/wp\/v2\/users\/2"}],"replies":[{"embeddable":true,"href":"https:\/\/elvitraldelaciencia.org\/revista\/wp-json\/wp\/v2\/comments?post=2904"}],"version-history":[{"count":0,"href":"https:\/\/elvitraldelaciencia.org\/revista\/wp-json\/wp\/v2\/posts\/2904\/revisions"}],"wp:featuredmedia":[{"embeddable":true,"href":"https:\/\/elvitraldelaciencia.org\/revista\/wp-json\/wp\/v2\/media\/2901"}],"wp:attachment":[{"href":"https:\/\/elvitraldelaciencia.org\/revista\/wp-json\/wp\/v2\/media?parent=2904"}],"wp:term":[{"taxonomy":"category","embeddable":true,"href":"https:\/\/elvitraldelaciencia.org\/revista\/wp-json\/wp\/v2\/categories?post=2904"},{"taxonomy":"post_tag","embeddable":true,"href":"https:\/\/elvitraldelaciencia.org\/revista\/wp-json\/wp\/v2\/tags?post=2904"}],"curies":[{"name":"wp","href":"https:\/\/api.w.org\/{rel}","templated":true}]}}