{"id":292,"date":"2020-12-12T12:26:04","date_gmt":"2020-12-12T16:26:04","guid":{"rendered":"http:\/\/revista.vzpla.net\/?p=292"},"modified":"2021-01-17T01:05:20","modified_gmt":"2021-01-17T05:05:20","slug":"revista-ojos-de-la-ciencia-1","status":"publish","type":"post","link":"https:\/\/elvitraldelaciencia.org\/revista\/revista-ojos-de-la-ciencia-1\/","title":{"rendered":"Revista Los Ojos de La Ciencia Vol 1 N\u00ba 2"},"content":{"rendered":"<p><img loading=\"lazy\" decoding=\"async\" class=\"size-medium wp-image-374 alignleft\" src=\"https:\/\/elvitraldelaciencia.org\/revista\/\/wp-content\/uploads\/2020\/12\/ojos_cs_ano2_v2-214x300.png\" alt=\"\" width=\"214\" height=\"300\" srcset=\"https:\/\/elvitraldelaciencia.org\/revista\/wp-content\/uploads\/2020\/12\/ojos_cs_ano2_v2-214x300.png 214w, https:\/\/elvitraldelaciencia.org\/revista\/wp-content\/uploads\/2020\/12\/ojos_cs_ano2_v2.png 397w\" sizes=\"auto, (max-width: 214px) 100vw, 214px\" \/><\/p>\n<p>&nbsp;<\/p>\n<p>&nbsp;<\/p>\n<p>&nbsp;<\/p>\n<p><strong>Volumen 1, n\u00ba 2, a\u00f1o 2020<br \/>\n<\/strong><\/p>\n<p style=\"text-align: left;\"><a href=\"https:\/\/elvitraldelaciencia.org\/revista\/\/\/wp-content\/uploads\/2020\/12\/2da_ed_revista_divulgacion.pdf\" target=\"_blank\" rel=\"noopener\">PDF<\/a><\/p>\n<p>&nbsp;<\/p>\n<p>&nbsp;<\/p>\n<p>&nbsp;<\/p>\n<p style=\"text-align: center;\"><span style=\"font-size: 18pt;\"><strong>Principales art\u00edculos<\/strong><\/span><\/p>\n<p><span style=\"color: #0000ff;\"><span style=\"font-family: verdana, geneva, sans-serif;\"><strong>\u00bfQU\u00c9 HACER SI TIENES LOS GENES POTENCIALES DEL C\u00c1NCER? <\/strong><\/span><span style=\"font-family: verdana, geneva, sans-serif;\"><strong>PROYECTO PAN-C\u00c1NCER<\/strong><\/span><\/span><\/p>\n<p><strong> Dr. Miguel Alfonzo<\/strong><\/p>\n<p><em><strong>Resumen<\/strong><\/em><\/p>\n<p style=\"text-align: justify;\"><span style=\"color: #800000;\">El 05 de febrero se publica en <em>Nature<\/em> los primeros resultados del mayor estudio gen\u00f3mico del c\u00e1ncer, indicando la posibilidad cierta de detectarlo antes de que aparezca. El an\u00e1lisis de 2.600 pacientes que sufr\u00edan 38 tipos de tumores diferentes devela que las primeras mutaciones causales aparecen a\u00f1os o d\u00e9cadas antes de que se diagnostique la enfermedad.<\/span><\/p>\n<p style=\"text-align: center;\"><strong><a href=\"https:\/\/elvitraldelaciencia.org\/revista\/\/\/wp-content\/uploads\/2020\/12\/Que-hacer-si-tienes-los-genes-potenciales-del-cancer.pdf\">PDF<\/a><\/strong><\/p>\n<p>&nbsp;<\/p>\n<p><span style=\"color: #0000ff; font-family: verdana, geneva, sans-serif;\"><strong>LAS FAKE NEWS SOBRE CORONAVIRUS. UN PROBLEMA DE SALUD P\u00daBLICA<\/strong> <\/span><br \/>\n<strong>MSc Eneida L\u00f3pez<\/strong><\/p>\n<p><strong><em>Resumen<\/em><\/strong><\/p>\n<p style=\"text-align: justify;\"><span style=\"color: #800000;\">El 31 de diciembre de 2019, la Organizaci\u00f3n Mundial de la Salud (OMS), en su p\u00e1gina oficial public\u00f3: \u201c<em>El 31 de diciembre de 2019 se comunicaron a la OMS varios casos de neumon\u00eda en Wuhan, una ciudad situada en la provincia china de Hubei. Se trataba de un virus distinto a los conocidos, lo cual resulta preocupante porque no sabemos de qu\u00e9 manera los nuevos virus pueden afectar a las personas<\/em>\u201d. Una semana m\u00e1s tarde, el 7 de enero, la OMS, las autoridades chinas confirmaron que hab\u00edan identificado un nuevo coronavirus, una familia de virus que causan el resfriado com\u00fan y enfermedades como el MERS y el SARS. Este nuevo virus se denomin\u00f3, provisionalmente, 2019-nCoV. A pesar e esta inmediata informaci\u00f3n, complementada con el siguiente comunicado: \u201c<em>Desde el momento en que fue informada del brote, la OMS ha estado trabajando con las autoridades chinas y con expertos de todo el mundo para obtener m\u00e1s informaci\u00f3n sobre el virus, sus efectos sobre las personas infectadas, su tratamiento y las medidas que pueden adoptar los pa\u00edses para hacerle frente<\/em>\u201d (1), las fake news han inundado el mundo teniendo como blanco a China y aterrorizando al mundo con el nuevo COVID-19. <\/span><\/p>\n<p style=\"text-align: center;\"><strong><a href=\"https:\/\/elvitraldelaciencia.org\/revista\/\/\/wp-content\/uploads\/2020\/12\/Las-fake-news-sobre-el-coronavirus.pdf\">PDF<\/a><\/strong><\/p>\n<p>&nbsp;<\/p>\n<p><span style=\"color: #800080;\"><strong><span style=\"color: #0000ff;\">LA DEMENCIA EN EL ADULTO MAYOR. LA TRAGEDIA FAMILIA<\/span>R<\/strong><\/span><\/p>\n<p><strong>Especialista Alberto Castro<\/strong><\/p>\n<p><em><strong>Resumen<\/strong><\/em><\/p>\n<p style=\"text-align: justify;\"><span style=\"color: #800000;\">La demencia describe un grupo de s\u00edntomas que afectan la memoria, el pensamiento y las habilidades sociales lo suficientemente graves como para interferir en tu vida diaria. No se trata de una enfermedad espec\u00edfica, hay varias enfermedades que pueden provocar demencia.<\/span><\/p>\n<p style=\"text-align: justify;\"><span style=\"color: #800000;\">Aunque la demencia generalmente implica p\u00e9rdida de memoria, hay varias causas de p\u00e9rdida de memoria. El hecho de padecer p\u00e9rdida de memoria no significa que tengas demencia.<\/span><\/p>\n<p style=\"text-align: justify;\"><span style=\"color: #800000;\">La enfermedad de Alzheimer es la causa m\u00e1s com\u00fan de demencia progresiva en adultos mayores, pero existen varias causas de demencia. Dependiendo de la causa, algunos s\u00edntomas de demencia pueden ser reversibles.<\/span><\/p>\n<p style=\"text-align: center;\"><strong><a href=\"https:\/\/elvitraldelaciencia.org\/revista\/\/\/wp-content\/uploads\/2020\/12\/La-demencia-en-el-adulto-mayor.pdf\">PDF<\/a><\/strong><\/p>\n<p>&nbsp;<\/p>\n<p><span style=\"color: #0000ff;\"><strong>GEN\u00d3MICA Y BIOINFORM\u00c1TICA, MUCHO M\u00c1S QUE SECUENCIAS&#8230;<\/strong><\/span><\/p>\n<p><strong>Dr. Carlos Ramirez y Lcdo. Rafael Puche<\/strong><\/p>\n<p><em><strong>Resumen<\/strong><\/em><\/p>\n<p style=\"text-align: justify;\"><span style=\"color: #800000;\">En estas dos primeras d\u00e9cadas del siglo 21 no es para nada desconocido que en cualquier reuni\u00f3n o espacio acad\u00e9mico se hable del ADN (\u00e1cido desoxirribonucleico), la mol\u00e9cula universal de la herencia que constituye la base gen\u00e9tica de la vida, por lo que su conocimiento molecular puede darnos la clave de muchos fen\u00f3menos vitales que ocurren en los organismos vivos. Esta mol\u00e9cula tiene un significado muy particular para aquellos que trabajan a diario con sus secuencias y combinaciones, tanto que ha llegado a ocupar un sitio casi privilegiado entre las llamadas Ciencias Biol\u00f3gicas.<\/span><\/p>\n<p style=\"text-align: center;\"><strong><a href=\"https:\/\/elvitraldelaciencia.org\/revista\/\/\/wp-content\/uploads\/2020\/12\/GENOMICA-Y-BIOINFORMATICA-MUCHO-MAS-QUE-SECUENCIAS....pdf\">PDF<\/a><\/strong><\/p>\n<p>&nbsp;<\/p>\n<p><span style=\"color: #0000ff;\"><strong>EL FAES, C\u00d3CTELES DE LA MUERTE Y BEBIDAS ESPIRITUOSAS\u2026<\/strong><\/span><br \/>\n<span style=\"color: #0000ff;\"><strong>\u00bfJ\u00d3VENES SUICIDAS?<\/strong><\/span><\/p>\n<p><strong>Lcda. Yelitza Vel\u00e1zquez<\/strong><\/p>\n<p style=\"text-align: justify;\"><em><strong>Resumen<\/strong><\/em><\/p>\n<p style=\"text-align: justify;\"><span style=\"color: #800000;\">En la \u00faltima d\u00e9cada hemos observado en la prensa, denuncias del consumo de bebidas alcoh\u00f3licas adulteradas, de venta clandestina y sin ning\u00fan tipo de permiso para su expendio y por ende para su consumo. Lo m\u00e1s preocupante de ello es que estas bebidas est\u00e1n siendo ingeridas por un gran porcentaje de nuestros j\u00f3venes, quienes han estado realizando mezclas del alcohol con sustancias qu\u00edmicas que muchas veces pueden ser mortales, lo que obliga a que pongamos la mirada en ello, por el problema de salud p\u00fablica que representa.<\/span><\/p>\n<p style=\"text-align: center;\"><strong><a href=\"https:\/\/elvitraldelaciencia.org\/revista\/\/\/wp-content\/uploads\/2020\/12\/El-FAES-cocteles-de-la-muerte-y-bebidas-espirituosas-1.pdf\">PDF<\/a><\/strong><\/p>\n","protected":false},"excerpt":{"rendered":"<p>&nbsp; &nbsp; &nbsp; Volumen 1, n\u00ba 2, a\u00f1o 2020 PDF &nbsp; &nbsp; &nbsp; Principales art\u00edculos \u00bfQU\u00c9 HACER SI TIENES LOS GENES POTENCIALES DEL C\u00c1NCER? PROYECTO PAN-C\u00c1NCER Dr. Miguel Alfonzo Resumen&hellip; <\/p>\n","protected":false},"author":1,"featured_media":374,"comment_status":"closed","ping_status":"closed","sticky":false,"template":"","format":"standard","meta":{"footnotes":""},"categories":[19],"tags":[],"class_list":["post-292","post","type-post","status-publish","format-standard","has-post-thumbnail","hentry","category-ojos-cien"],"_links":{"self":[{"href":"https:\/\/elvitraldelaciencia.org\/revista\/wp-json\/wp\/v2\/posts\/292","targetHints":{"allow":["GET"]}}],"collection":[{"href":"https:\/\/elvitraldelaciencia.org\/revista\/wp-json\/wp\/v2\/posts"}],"about":[{"href":"https:\/\/elvitraldelaciencia.org\/revista\/wp-json\/wp\/v2\/types\/post"}],"author":[{"embeddable":true,"href":"https:\/\/elvitraldelaciencia.org\/revista\/wp-json\/wp\/v2\/users\/1"}],"replies":[{"embeddable":true,"href":"https:\/\/elvitraldelaciencia.org\/revista\/wp-json\/wp\/v2\/comments?post=292"}],"version-history":[{"count":0,"href":"https:\/\/elvitraldelaciencia.org\/revista\/wp-json\/wp\/v2\/posts\/292\/revisions"}],"wp:featuredmedia":[{"embeddable":true,"href":"https:\/\/elvitraldelaciencia.org\/revista\/wp-json\/wp\/v2\/media\/374"}],"wp:attachment":[{"href":"https:\/\/elvitraldelaciencia.org\/revista\/wp-json\/wp\/v2\/media?parent=292"}],"wp:term":[{"taxonomy":"category","embeddable":true,"href":"https:\/\/elvitraldelaciencia.org\/revista\/wp-json\/wp\/v2\/categories?post=292"},{"taxonomy":"post_tag","embeddable":true,"href":"https:\/\/elvitraldelaciencia.org\/revista\/wp-json\/wp\/v2\/tags?post=292"}],"curies":[{"name":"wp","href":"https:\/\/api.w.org\/{rel}","templated":true}]}}