{"id":2934,"date":"2022-10-23T15:37:13","date_gmt":"2022-10-23T19:37:13","guid":{"rendered":"https:\/\/elvitraldelaciencia.org\/revista\/\/?p=2934"},"modified":"2022-10-23T15:42:23","modified_gmt":"2022-10-23T19:42:23","slug":"el-vitral-de-la-ciencia-vol-2-n-10-2022","status":"publish","type":"post","link":"https:\/\/elvitraldelaciencia.org\/revista\/el-vitral-de-la-ciencia-vol-2-n-10-2022\/","title":{"rendered":"El Vitral de la Ciencia. Vol 2. N\u00b0 10: (2022)"},"content":{"rendered":"<p><span style=\"color: #0000ff;\"><strong><img loading=\"lazy\" decoding=\"async\" class=\"alignleft wp-image-2936\" src=\"https:\/\/elvitraldelaciencia.org\/revista\/\/wp-content\/uploads\/2022\/10\/portada-final-1-214x300.png\" alt=\"\" width=\"235\" height=\"329\" srcset=\"https:\/\/elvitraldelaciencia.org\/revista\/wp-content\/uploads\/2022\/10\/portada-final-1-214x300.png 214w, https:\/\/elvitraldelaciencia.org\/revista\/wp-content\/uploads\/2022\/10\/portada-final-1.png 625w\" sizes=\"auto, (max-width: 235px) 100vw, 235px\" \/><\/strong><\/span><\/p>\n<p>&nbsp;<\/p>\n<p>&nbsp;<\/p>\n<p><span style=\"color: #0000ff;\"><strong>Vol 2. (10). A\u00f1o 2022<\/strong><\/span><\/p>\n<p>&nbsp;<\/p>\n<p><a href=\"https:\/\/drive.google.com\/file\/d\/1f6jMc2MfyZ-giZu-TTrCcNsWdnVBAlN0\/view?usp=sharing\">Ver Revista completa<\/a><\/p>\n<p>&nbsp;<\/p>\n<p>&nbsp;<\/p>\n<p>&nbsp;<\/p>\n<p>&nbsp;<\/p>\n<p><span style=\"font-size: 14pt; color: #800080;\"><strong><img loading=\"lazy\" decoding=\"async\" class=\"alignleft wp-image-2938\" src=\"https:\/\/elvitraldelaciencia.org\/revista\/\/wp-content\/uploads\/2022\/10\/MADURO-E-IRAN-300x225.jpg\" alt=\"\" width=\"489\" height=\"367\" srcset=\"https:\/\/elvitraldelaciencia.org\/revista\/wp-content\/uploads\/2022\/10\/MADURO-E-IRAN-300x225.jpg 300w, https:\/\/elvitraldelaciencia.org\/revista\/wp-content\/uploads\/2022\/10\/MADURO-E-IRAN-1024x768.jpg 1024w, https:\/\/elvitraldelaciencia.org\/revista\/wp-content\/uploads\/2022\/10\/MADURO-E-IRAN-768x576.jpg 768w, https:\/\/elvitraldelaciencia.org\/revista\/wp-content\/uploads\/2022\/10\/MADURO-E-IRAN-80x60.jpg 80w, https:\/\/elvitraldelaciencia.org\/revista\/wp-content\/uploads\/2022\/10\/MADURO-E-IRAN.jpg 1280w\" sizes=\"auto, (max-width: 489px) 100vw, 489px\" \/><span style=\"color: #800000;\">VENEZUELA E IR\u00c1N:<\/span><\/strong><\/span><br \/>\n<span style=\"color: #3366ff;\"><strong>PA\u00cdSES REVOLUCIONARIOS BAJO<\/strong><\/span><br \/>\n<span style=\"color: #3366ff;\"><strong>MEDIDAS COERCITIVAS UNILATERALES IMPUESTAS POR EE.UU<br \/>\n<span style=\"color: #000000;\">Por Dr Miguel Alfonzo<\/span><br \/>\n<\/strong><\/span><\/p>\n<p>Venezuela e Ir\u00e1n, dos pa\u00edses petroleros. Dos pa\u00edses asediados. Dos pa\u00edses que est\u00e1n inmersos en sendas revoluciones, el primero con la Revoluci\u00f3n Bolivariana, iniciada por Hugo Chav\u00e9z Fr\u00edas, y el otro, con la Revoluci\u00f3n Isl\u00e1mica protagonizada por el ayatol\u00e1 Ruhollah Jomeini, la cual cumple 43 a\u00f1os.<\/p>\n<p>Ambos procesos revolucionarios llegaron para quedarse, a partir de romper con un pasado proestadounidense, pa\u00edses sometidos a Occidente y, sobre todo, unas revoluciones decididas a apoyar a los pueblos en sus procesos de autodeterminaci\u00f3n y consolidaci\u00f3n de sus soberan\u00edas, sobre todo bajo el asedio estadounidense. Es por ello de su poderosa alianza que viven actualmente los dos gobiernos.<\/p>\n<p>La pol\u00edtica inhumana llevada a cabo por Estados Unidos contra las dos naciones ha sido cuestionada desde diversos \u00e1mbitos y personalidades, especialmente la persa. Causa una profunda preocupaci\u00f3n, alarma, como tambi\u00e9n genera cuestionamientos esta pol\u00edtica sancionatoria, que no s\u00f3lo se incrementa, sino que dem\u00e1s act\u00faa impunemente y con la complicidad de pa\u00edses y organismos que no reaccionan de forma adecuada. Son millones los ciudadanos venezolanos e iran\u00edes que fueron afectados durante la pandemia de la COVID-19 por la pol\u00edtica de negar el acceso a suministros m\u00e9dicos, f\u00e1rmacos, equipamiento m\u00e9dico, estuches de detecci\u00f3n de la COVID 19 y otros insumos necesarios para combatir la enfermedad. Esto, claramente, es un atentado a los derechos humanos de todo un pueblo, en virtud de una pol\u00edtica hostil llevada a cabo por una administraci\u00f3n de gobierno extranjero, que en los momentos duros de la pandemia las palabras expresadas por el canciller iran\u00ed Mohamad Yavad Zarif expresa claramente, la denuncia necesaria: \u201clibra un terrorismo econ\u00f3mico contra Ir\u00e1n y obstaculiza, a trav\u00e9s de sus sanciones inhumanas, el suministro de medicamentos vitales para nuestra poblaci\u00f3n, como por ejemplo, las v\u00edctimas de armas qu\u00edmicas y otros enfermos\u201d.<\/p>\n<p><strong><a href=\"https:\/\/elvitraldelaciencia.org\/revista\/\/wp-content\/uploads\/2022\/10\/art-miguel.pdf\">Ver Art\u00edculo completo<\/a><\/strong><\/p>\n<p>&nbsp;<\/p>\n<p><span style=\"font-size: 14pt; color: #800000;\"><strong><img loading=\"lazy\" decoding=\"async\" class=\"alignleft wp-image-2939\" src=\"https:\/\/elvitraldelaciencia.org\/revista\/\/wp-content\/uploads\/2022\/10\/ART-YAJAIRA-1-300x224.jpg\" alt=\"\" width=\"433\" height=\"323\" srcset=\"https:\/\/elvitraldelaciencia.org\/revista\/wp-content\/uploads\/2022\/10\/ART-YAJAIRA-1-300x224.jpg 300w, https:\/\/elvitraldelaciencia.org\/revista\/wp-content\/uploads\/2022\/10\/ART-YAJAIRA-1-80x60.jpg 80w, https:\/\/elvitraldelaciencia.org\/revista\/wp-content\/uploads\/2022\/10\/ART-YAJAIRA-1.jpg 768w\" sizes=\"auto, (max-width: 433px) 100vw, 433px\" \/>LAS MEDIDAS COERCITIVAS UNILATERALES CONTRA VENEZUELA<\/strong><\/span><br \/>\n<span style=\"color: #3366ff;\"><strong>Sus Inexorables Impactos sobre la Poblaci\u00f3n<\/strong><\/span><br \/>\n<span style=\"color: #000000;\"><strong>Por Lic Yajaira Machado y Dra Lezy Vargas<\/strong><\/span><\/p>\n<p>La Rep\u00fablica Bolivariana de Venezuela constituye una naci\u00f3n soberana, pluricultural, democr\u00e1tica y participativa (1), que cuenta con una poblaci\u00f3n multi\u00e9tnica, ubicada al norte de Sur Am\u00e9rica en un territorio continental correspondiente a 915.175 km2 y un territorio insular correspondiente a 1.270 Km2 del Mar Caribe. Es un pa\u00eds que posee una de las mayores reservas de petr\u00f3leo del mundo, as\u00ed como una de las mayores biodiversidades del continente, desarrollado desde la primera mitad del siglo XX una econom\u00eda de tipo extractivista que depend\u00eda solo de la renta petrolera, sustracci\u00f3n de oro entre otros minerales.<\/p>\n<p>Durante el siglo pasado Venezuela, obtuvo mayores ingresos por la venta de crudo, desde su aparici\u00f3n en la Alquitrana, Rubio, Estado T\u00e1chira. Las grandes empresas trasnacionales comenzaron a negociar con el Estado venezolano, con el fin de producir gran cantidad de barriles de petr\u00f3leo, las primeras en llegar fueron la Chevron, Royal Dutch Shell, Standar Oil Company y la Britain Petroleum (BP) (2).<\/p>\n<p>Las mencionadas empresas cooperaron, aportando tecnolog\u00edas y maquinarias para la explotaci\u00f3n del crudo, cuya negociaci\u00f3n le favorec\u00eda a los empresarios extranjeros al momento de llegar a un acuerdo entre partes con el gobierno venezolano de turno.<\/p>\n<p><strong><a href=\"https:\/\/elvitraldelaciencia.org\/revista\/\/wp-content\/uploads\/2022\/10\/art-yajaira.pdf\">Ver art\u00edculo completo\u00a0<\/a><\/strong><\/p>\n<p>&nbsp;<\/p>\n<p><span style=\"font-size: 14pt; color: #800000;\"><strong><img loading=\"lazy\" decoding=\"async\" class=\"alignleft wp-image-2944\" src=\"https:\/\/elvitraldelaciencia.org\/revista\/\/wp-content\/uploads\/2022\/10\/art-francis-1-300x100.png\" alt=\"\" width=\"633\" height=\"211\" srcset=\"https:\/\/elvitraldelaciencia.org\/revista\/wp-content\/uploads\/2022\/10\/art-francis-1-300x100.png 300w, https:\/\/elvitraldelaciencia.org\/revista\/wp-content\/uploads\/2022\/10\/art-francis-1-1024x341.png 1024w, https:\/\/elvitraldelaciencia.org\/revista\/wp-content\/uploads\/2022\/10\/art-francis-1-768x256.png 768w, https:\/\/elvitraldelaciencia.org\/revista\/wp-content\/uploads\/2022\/10\/art-francis-1.png 1172w\" sizes=\"auto, (max-width: 633px) 100vw, 633px\" \/>LA UNIVERSIDAD VENEZOLANA Y LAS MEDIDAS COERCITIVAS UNILATERALES:<\/strong><\/span><br \/>\n<span style=\"color: #0000ff;\"><strong>DANDO UN PASO POR LA RESISTENCIA<br \/>\n<\/strong><\/span><span style=\"color: #000000;\"><strong>Por Dra. Francis Rivas<\/strong><\/span><\/p>\n<p>Desde el a\u00f1o 2020 para el Instituto de Estudios Cient\u00edficos y tecnol\u00f3gicos ha sido una tarea tit\u00e1nica y de alta responsabilidad continuar con los procesos de investigaci\u00f3n, debido a que la misma tambi\u00e9n ha sufrido los estragos que genera una guerra multidimensional desatada a partir de la imposici\u00f3n de las medidas coercitivas unilaterales (MCU) que aplica el gobierno de los Estados Unidos de Norteam\u00e9rica, desde el a\u00f1o 2014, en la Rep\u00fablica Bolivariana de Venezuela.<\/p>\n<p>El Instituto de Estudios Cient\u00edficos y Tecnol\u00f3gicos (YDECYT) fue creado el 10 de mayo de 1994, en el Consejo Directivo n\u00famero 216 de la Universidad Nacional Experimental Sim\u00f3n Rodr\u00edguez (UNESR); con el objetivo de estimular y fortalecer la actividad cient\u00edfica y tecnol\u00f3gica mediante el desarrollo de la investigaci\u00f3n, docencia e interacci\u00f3n comunitaria a trav\u00e9s de la b\u00fasqueda, generaci\u00f3n, aplicaci\u00f3n y difusi\u00f3n del conocimiento en sus distintas \u00e1reas, con el prop\u00f3sito de contribuir significativamente al mejoramiento continuo de la calidad de vida y al incremento de los niveles de productividad cient\u00edfica. El instituto promueve que bajo un enfoque multidisciplinario y ambientalistas se aporten soluciones a los principales problemas generados en sus \u00e1mbitos de acci\u00f3n<\/p>\n<p>Esta instituci\u00f3n cuenta con dos Centros de Estudios, cuatro Estaciones Experimentales y es responsable del Proyecto de Aves de la UNESR. Los centros son el Centro de Estudios del Desarrollo Agroecol\u00f3gico Tropical y el Centro de Estudios Biom\u00e9dicos y Veterinarios, ambos orientados a la formaci\u00f3n, generaci\u00f3n, divulgaci\u00f3n de informaci\u00f3n y conocimiento de los estudios Agroecol\u00f3gicos y Veterinarios.<\/p>\n<p><strong><a href=\"https:\/\/elvitraldelaciencia.org\/revista\/\/wp-content\/uploads\/2022\/10\/art-francis-1.pdf\">Ver Art\u00edculo completo\u00a0<\/a><\/strong><\/p>\n<p>&nbsp;<\/p>\n<p><span style=\"color: #800000;\"><strong><span style=\"font-size: 14pt;\"><img loading=\"lazy\" decoding=\"async\" class=\"alignleft wp-image-2945\" src=\"https:\/\/elvitraldelaciencia.org\/revista\/\/wp-content\/uploads\/2022\/10\/cacao-200x300.jpg\" alt=\"\" width=\"248\" height=\"372\" srcset=\"https:\/\/elvitraldelaciencia.org\/revista\/wp-content\/uploads\/2022\/10\/cacao-200x300.jpg 200w, https:\/\/elvitraldelaciencia.org\/revista\/wp-content\/uploads\/2022\/10\/cacao.jpg 564w\" sizes=\"auto, (max-width: 248px) 100vw, 248px\" \/>CACAO: ALIMENTO<\/span> DE LOS DIOSES<\/strong><\/span><br \/>\n<span style=\"color: #0000ff;\"><strong>Propiedades nutricionales de un alimento sagrado<br \/>\n<\/strong><\/span><strong>Por Dra Estalina B\u00e1ez<\/strong><\/p>\n<p>Seg\u00fan Natalia Avenda\u00f1o (2021) En el reino de los dioses. Quetzalc\u00f3atl sent\u00eda preocupaci\u00f3n por su pueblo, los toltecas, por no poder ayudarles a alimentarse mejor, lo que afectaba su rendimiento creativo, el sab\u00eda fuese de mejor calidad entonces podr\u00edan dedicar m\u00e1s tiempo a las ciencias., a las artes, a construir, plantar, aprender y a descubrir el por qu\u00e9 fueron creados. Cuenta la leyenda que movido por el profundo amor a su pueblo rob\u00f3 algunas semillas del \u00e1rbol de cacao (cacau cuahuitl), que s\u00f3lo pod\u00edan encontrarse en el jard\u00edn del reino de los dioses, de all\u00ed que el cacao es el alimento de los dioses&#8230;<\/p>\n<p>En Tula plant\u00f3 el primer \u00e1rbol luego, busc\u00f3 a Tl\u00e1loc, dios de la lluvia y del rel\u00e1mpago, y le pidi\u00f3 que regara la tierra donde hab\u00eda plantado el preciado alimento para que se pudiera fortalecer y creciera. Despu\u00e9s, mientras la semilla germinaba y se formaba un peque\u00f1o arbusto, Quetzalc\u00f3atl fue en busca de Xoxhiquetzal, diosa del amor y la belleza. A ella le pidi\u00f3 ayuda para que el arbusto se llenara de las m\u00e1s bellas flores y de un aroma especial.<\/p>\n<p>Con un poco de tiempo y la ayuda de Tlaloc quien proporcion\u00f3 el licor de la tierra para que finalmente los arbustos dieran frutos. Quetzalc\u00f3atl ense\u00f1\u00f3 a las mujeres a elegir, tostar las semillas de cacao, a molerlas y a a\u00f1adir a la masa, agua y flores para perfumarlo, as\u00ed como a preparar la deliciosa bebida de los dioses, conocida como \u201ckakau\u201d que significa jugo amargo, palabra a la que los nahuas a\u00f1adieron el sufijo \u201catl\u201d. Consumir este alimento de los dioses, contribuy\u00f3 a que se sintieran m\u00e1s fuertes y con m\u00e1s energ\u00eda.<\/p>\n<p><strong><a href=\"https:\/\/elvitraldelaciencia.org\/revista\/\/wp-content\/uploads\/2022\/10\/art-estalina.pdf\">Ver\u00a0 Art\u00edculo completo<\/a><\/strong><\/p>\n<p>&nbsp;<\/p>\n","protected":false},"excerpt":{"rendered":"<p>&nbsp; &nbsp; Vol 2. (10). A\u00f1o 2022 &nbsp; Ver Revista completa &nbsp; &nbsp; &nbsp; &nbsp; VENEZUELA E IR\u00c1N: PA\u00cdSES REVOLUCIONARIOS BAJO MEDIDAS COERCITIVAS UNILATERALES IMPUESTAS POR EE.UU Por Dr Miguel&hellip; <\/p>\n","protected":false},"author":2,"featured_media":2937,"comment_status":"closed","ping_status":"closed","sticky":false,"template":"","format":"standard","meta":{"footnotes":""},"categories":[11,22,18,21],"tags":[],"class_list":["post-2934","post","type-post","status-publish","format-standard","has-post-thumbnail","hentry","category-destacado","category-vitral","category-porta","category-publi"],"_links":{"self":[{"href":"https:\/\/elvitraldelaciencia.org\/revista\/wp-json\/wp\/v2\/posts\/2934","targetHints":{"allow":["GET"]}}],"collection":[{"href":"https:\/\/elvitraldelaciencia.org\/revista\/wp-json\/wp\/v2\/posts"}],"about":[{"href":"https:\/\/elvitraldelaciencia.org\/revista\/wp-json\/wp\/v2\/types\/post"}],"author":[{"embeddable":true,"href":"https:\/\/elvitraldelaciencia.org\/revista\/wp-json\/wp\/v2\/users\/2"}],"replies":[{"embeddable":true,"href":"https:\/\/elvitraldelaciencia.org\/revista\/wp-json\/wp\/v2\/comments?post=2934"}],"version-history":[{"count":0,"href":"https:\/\/elvitraldelaciencia.org\/revista\/wp-json\/wp\/v2\/posts\/2934\/revisions"}],"wp:featuredmedia":[{"embeddable":true,"href":"https:\/\/elvitraldelaciencia.org\/revista\/wp-json\/wp\/v2\/media\/2937"}],"wp:attachment":[{"href":"https:\/\/elvitraldelaciencia.org\/revista\/wp-json\/wp\/v2\/media?parent=2934"}],"wp:term":[{"taxonomy":"category","embeddable":true,"href":"https:\/\/elvitraldelaciencia.org\/revista\/wp-json\/wp\/v2\/categories?post=2934"},{"taxonomy":"post_tag","embeddable":true,"href":"https:\/\/elvitraldelaciencia.org\/revista\/wp-json\/wp\/v2\/tags?post=2934"}],"curies":[{"name":"wp","href":"https:\/\/api.w.org\/{rel}","templated":true}]}}