{"id":2959,"date":"2022-11-23T10:10:24","date_gmt":"2022-11-23T14:10:24","guid":{"rendered":"https:\/\/elvitraldelaciencia.org\/revista\/\/?p=2959"},"modified":"2022-11-23T10:59:57","modified_gmt":"2022-11-23T14:59:57","slug":"el-vitral-de-la-ciencia-vol-2-n-11-2022","status":"publish","type":"post","link":"https:\/\/elvitraldelaciencia.org\/revista\/el-vitral-de-la-ciencia-vol-2-n-11-2022\/","title":{"rendered":"El Vitral de la Ciencia. Vol 2. N\u00b0 11: (2022)"},"content":{"rendered":"<p>&nbsp;<\/p>\n<p><span style=\"color: #0000ff;\"><strong><img loading=\"lazy\" decoding=\"async\" class=\"alignleft size-medium wp-image-2960\" src=\"https:\/\/elvitraldelaciencia.org\/revista\/\/wp-content\/uploads\/2022\/11\/PORTADA-213x300.png\" alt=\"\" width=\"213\" height=\"300\" srcset=\"https:\/\/elvitraldelaciencia.org\/revista\/wp-content\/uploads\/2022\/11\/PORTADA-213x300.png 213w, https:\/\/elvitraldelaciencia.org\/revista\/wp-content\/uploads\/2022\/11\/PORTADA.png 625w\" sizes=\"auto, (max-width: 213px) 100vw, 213px\" \/><\/strong><\/span><\/p>\n<p>&nbsp;<\/p>\n<p><span style=\"color: #0000ff;\"><strong>Vol 2. (11). A\u00f1o 2022<\/strong><\/span><\/p>\n<p>&nbsp;<\/p>\n<p><a href=\"https:\/\/drive.google.com\/file\/d\/1LQ3pKy0S-P5_Lpp6QERVuCyWKZ0VdkG6\/view?usp=share_link\">Ver Revista completa<\/a><\/p>\n<p>&nbsp;<\/p>\n<p>&nbsp;<\/p>\n<p>&nbsp;<\/p>\n<p>&nbsp;<\/p>\n<p>&nbsp;<\/p>\n<p><span style=\"font-size: 14pt; color: #800000;\"><strong><img loading=\"lazy\" decoding=\"async\" class=\"alignleft wp-image-2961\" src=\"https:\/\/elvitraldelaciencia.org\/revista\/\/wp-content\/uploads\/2022\/11\/art-maria-castellano-9-300x167.jpg\" alt=\"\" width=\"386\" height=\"215\" srcset=\"https:\/\/elvitraldelaciencia.org\/revista\/wp-content\/uploads\/2022\/11\/art-maria-castellano-9-300x167.jpg 300w, https:\/\/elvitraldelaciencia.org\/revista\/wp-content\/uploads\/2022\/11\/art-maria-castellano-9.jpg 768w\" sizes=\"auto, (max-width: 386px) 100vw, 386px\" \/>LA EDUCACI\u00d3N UNIVERSITARIA EN UN PA\u00cdS BLOQUEADO<\/strong><\/span><br \/>\n<strong>Por Dr. Miguel Alfonzo<\/strong><\/p>\n<p>El presidente Hugo Ch\u00e1vez fue un decidido experimentador, llegando al punto de resultar molesto. Practicaba las palabras del maestro de Sim\u00f3n Bol\u00edvar, el Libertador, Sim\u00f3n Rodr\u00edguez, quien exclamaba con profunda pasi\u00f3n \u201cinventamos o erramos\u201d. El presidente Ch\u00e1vez estaba comprometido con el proceso de cambios del pa\u00eds que inici\u00f3 e impuls\u00f3 cuando asumi\u00f3 el poder ejecutivo, fomentando nuevas formas de participaci\u00f3n popular y estaba decidido a modificar continuamente las reglas del juego en una din\u00e1mica socioecon\u00f3mica netamente capitalista en b\u00fasqueda de establecer una sociedad socialista. Ch\u00e1vez se deten\u00eda con frecuencia en sus discursos para decir: se me ocurre que deber\u00edamos intentar esto. Muchas veces lo hac\u00eda en sus intervenciones televisivas, cuando el presidente lanzaba la idea de que deber\u00eda existir esta organizaci\u00f3n comunitaria, o que deber\u00edamos intentar construir esta nueva instituci\u00f3n o aquella. Muchas personas, incluso las de izquierda, le criticaban por su falta de constancia en este aspecto. Sent\u00edan que deber\u00eda haber mantenido sus proyectos iniciales, consolidar lo que hab\u00eda empezado antes de pasar a otra cosa.<\/p>\n<p>A pesar que Ch\u00e1vez parec\u00eda estar siempre haciendo borr\u00f3n y cuenta nueva, dando una supuesta imagen de improvisador sin remedio, realmente practicaba una permanente evaluaci\u00f3n de la realidad, de la transformaci\u00f3n de las pol\u00edticas p\u00fablicas de su gesti\u00f3n, de ir enderezando lo que se desviaba, buscando como hacer que el pueblo tuviera la mayor felicidad posible, comprendiendo bajo este contexto que la construcci\u00f3n del socialismo exig\u00eda una presi\u00f3n constante desde abajo, desde las masas, del pueblo bolivariano.<\/p>\n<p>En ese sentido, con la llegada al poder de Hugo Ch\u00e1vez Fr\u00edas, en febrero de 1999, como consecuencia de la crisis econ\u00f3mica, social y pol\u00edtica de la d\u00e9cada de los \u201890 \u2013acentuada en los \u00faltimos a\u00f1os\u2013 se emprende la reestructuraci\u00f3n institucional y la refundaci\u00f3n de la rep\u00fablica en el contexto de la democracia participativa, opuesta a la democracia representativa del periodo previo, cuyos significativos cambios han estado enmarcados en la denominada Revoluci\u00f3n Bolivariana, donde uno de sus principales fines consisti\u00f3 en la inclusi\u00f3n de los venezolanos y las venezolanas en los distintos niveles del sistema educativo en general.<\/p>\n<p><span style=\"color: #3366ff;\"><strong><a style=\"color: #3366ff;\" href=\"https:\/\/elvitraldelaciencia.org\/revista\/\/wp-content\/uploads\/2022\/11\/art-miguel.pdf\">Ver art\u00edculo completo<\/a><\/strong><\/span><\/p>\n<p>&nbsp;<\/p>\n<p><span style=\"font-size: 14pt; color: #800000;\"><strong><img loading=\"lazy\" decoding=\"async\" class=\"alignleft wp-image-2963\" src=\"https:\/\/elvitraldelaciencia.org\/revista\/\/wp-content\/uploads\/2022\/11\/art-mulino-300x166.png\" alt=\"\" width=\"421\" height=\"233\" srcset=\"https:\/\/elvitraldelaciencia.org\/revista\/wp-content\/uploads\/2022\/11\/art-mulino-300x166.png 300w, https:\/\/elvitraldelaciencia.org\/revista\/wp-content\/uploads\/2022\/11\/art-mulino-768x425.png 768w, https:\/\/elvitraldelaciencia.org\/revista\/wp-content\/uploads\/2022\/11\/art-mulino.png 983w\" sizes=\"auto, (max-width: 421px) 100vw, 421px\" \/>EL GOBIERNO DE NICOL\u00c1S MADURO:<\/strong><\/span><br \/>\n<span style=\"color: #3366ff;\"><strong>Entre la resistencia soberana y algunos desaf\u00edos<\/strong><\/span><br \/>\n<strong>Por Dra. ALEXANDRA MULINO<\/strong><\/p>\n<p><strong>Modo de pre\u00e1mbulo<\/strong><\/p>\n<p>El presente art\u00edculo pretende explicar, someramente, en tres puntos b\u00e1sicos: Algunas precisiones geopol\u00edticas y econ\u00f3micas, la pol\u00edtica econ\u00f3mica del gobierno venezolano versus los intereses globales de EE.UU., y la alianza estrat\u00e9gica obrero-campesina y comunal como posibilidad en el marco del nodesarrollo, la resistencia asumida por el actual gobierno en el marco de una din\u00e1mica macroecon\u00f3mica hemisf\u00e9rica agresiva y sin \u201crostro humano\u201d, adem\u00e1s de algunos retos que debe considerar en t\u00e9rminos de cr\u00edtica y autocr\u00edtica. La aspiraci\u00f3n \u00faltima de estas l\u00edneas, consiste en generar en el \u00e1mbito universitario el debate cient\u00edfico social en detrimento de las interpretaciones subjetivas propias del sentido com\u00fan.<\/p>\n<p><span style=\"color: #3366ff;\"><strong><a style=\"color: #3366ff;\" href=\"https:\/\/elvitraldelaciencia.org\/revista\/\/wp-content\/uploads\/2022\/11\/art-alexandra.pdf\">Ver art\u00edculo completo<\/a><\/strong><\/span><\/p>\n<p>&nbsp;<\/p>\n<p><span style=\"color: #800000;\"><strong><img loading=\"lazy\" decoding=\"async\" class=\"alignleft size-medium wp-image-2964\" src=\"https:\/\/elvitraldelaciencia.org\/revista\/\/wp-content\/uploads\/2022\/11\/art-maria-castellano-300x261.jpg\" alt=\"\" width=\"300\" height=\"261\" srcset=\"https:\/\/elvitraldelaciencia.org\/revista\/wp-content\/uploads\/2022\/11\/art-maria-castellano-300x261.jpg 300w, https:\/\/elvitraldelaciencia.org\/revista\/wp-content\/uploads\/2022\/11\/art-maria-castellano.jpg 400w\" sizes=\"auto, (max-width: 300px) 100vw, 300px\" \/>LA REVOLUCI\u00d3N BOLIVARIANA:<\/strong><\/span><br \/>\n<strong><span style=\"color: #0000ff;\">EXPRESIONES EN EDUCACI\u00d3N. UNA MIRADA CR\u00cdTICA.<br \/>\n<\/span>Por Dra Mar\u00eda Egilda Castellano Agreda<\/strong><\/p>\n<p>Este articulo elaborado para la Revista El Vitral de la Ciencia en su n\u00famero titulado LA REVOLUCI\u00d3N BOLIVARIANA, bajo el microscopio, es producto de mi experiencia, no solamente como profesora\/investigadora universitaria durante m\u00e1s de cuarenta a\u00f1os, sino de aquella derivada del ejercicio de distintas responsabilidades desde el inicio de la Revoluci\u00f3n Bolivariana, especialmente en el campo de la educaci\u00f3n universitaria, en el cual he trabajado, esencialmente, en pro de la formaci\u00f3n integral y la creaci\u00f3n de ciencias y tecnolog\u00edas propias, cuya conjunci\u00f3n contribuya definitivamente con la descolonialidad cognoscitiva y cultural del pueblo venezolano, paso fundamental para nuestra total liberaci\u00f3n.<\/p>\n<p>Bajo el entendido que tanto la educaci\u00f3n como la cultura son bases fundamentales para la transformaci\u00f3n social, el Presidente Hugo Ch\u00e1vez en una de sus primeras alocuciones expres\u00f3 su decisi\u00f3n de dar prioridad al desarrollo pol\u00edtico\/social concediendo peso fundamental en ese proceso a la educaci\u00f3n, la ciencia, la tecnolog\u00eda y la recuperaci\u00f3n de nuestras culturas aut\u00f3ctonas, de nuestra venezolanidad. El centro de dicha pol\u00edtica es el ser humano y el logro de su m\u00e1xima felicidad, para lo cual son esenciales la justicia social, la inclusi\u00f3n, la prioridad a lo colectivo, el reconocimiento de nuestras ra\u00edces pluriculturales y multi\u00e9tnicas y el respeto a las diferencias. Para construir entre todas y todos esta nueva sociedad es necesario la refundaci\u00f3n \u00e9tica y moral de la Naci\u00f3n, la creaci\u00f3n del Estado de Derecho y de Justicia, el ejercicio de la Democracia Participativa y el uso y disfrute soberano de nuestras potencialidades humanas y materiales. En esa construcci\u00f3n, pueblo y gobierno trabajamos juntos desde hace veintid\u00f3s a\u00f1os.<\/p>\n<p><span style=\"color: #3366ff;\"><strong><a style=\"color: #3366ff;\" href=\"https:\/\/elvitraldelaciencia.org\/revista\/\/wp-content\/uploads\/2022\/11\/art-maria-egilda.pdf\">Ver art\u00edculo completo<\/a><\/strong><\/span><\/p>\n<p><span style=\"color: #800000;\"><strong><span style=\"font-size: 14pt;\"><img loading=\"lazy\" decoding=\"async\" class=\"alignleft wp-image-2968\" src=\"https:\/\/elvitraldelaciencia.org\/revista\/\/wp-content\/uploads\/2022\/11\/art-guillermo-8-204x300.png\" alt=\"\" width=\"253\" height=\"372\" srcset=\"https:\/\/elvitraldelaciencia.org\/revista\/wp-content\/uploads\/2022\/11\/art-guillermo-8-204x300.png 204w, https:\/\/elvitraldelaciencia.org\/revista\/wp-content\/uploads\/2022\/11\/art-guillermo-8.png 547w\" sizes=\"auto, (max-width: 253px) 100vw, 253px\" \/>TIEMPOS DE CAMBIOS,<\/span> TIEMPOS DE REVOLUCI\u00d3N<\/strong><\/span><br \/>\n<strong>Por Dr. Guillermo Barreto<\/strong><\/p>\n<p>Es 1992. Febrero apenas comienza y aun no nos recuperamos del impacto social, pol\u00edtico y an\u00edmico del Caracazo ocurrido 3 a\u00f1os antes. \u00a1El Caracazo! De este lado el descontento, la rabia, la impotencia por ver un pa\u00eds derrumb\u00e1ndose en la corrupci\u00f3n y la entrega a las potencias del norte global. Del otro lado la prepotencia, la opresi\u00f3n\u2026y las armas. Un verdadero parteaguas en la historia de nuestro pa\u00eds. El modelo pol\u00edtico instaurado con el Pacto de Punto Fijo se hund\u00eda y amenazaba con hundirnos a todos y todas. Una izquierda perdida en divisiones internas y sin ambici\u00f3n real por la uni\u00f3n y la conquista del poder.<\/p>\n<p>En los cuarteles, sin embargo, se cocinaba algo distinto. Esa noche de febrero recibimos la llamada de Anita: \u201cprendan la TV, hay un golpe de estado\u201d. La primera reacci\u00f3n fue preguntarnos \u201c\u00bfqui\u00e9nes son?\u201d. Desde el apto se pod\u00eda ver un trecho de la Av Urdaneta. No hab\u00eda circulaci\u00f3n de veh\u00edculos. Un taxi pas\u00f3 a toda velocidad de retroceso en direcci\u00f3n opuesta a Miraflores. Efectivamente algo pasaba. En la TV aparece uno de los comandantes de la alzada (luego supimos que era el comandante Arias C\u00e1rdenas) dando un mensaje desde Maracaibo, pero RCTV omite colocar el audio. Ser\u00eda al d\u00eda siguiente cuando se nos presentar\u00eda al l\u00edder de la intentona. Alguien a quien la mayor\u00eda no hab\u00eda escuchado antes: Hugo Rafael Ch\u00e1vez Fr\u00edas. Solo le tom\u00f3 un poco m\u00e1s de un minuto para lanzar un mensaje que quedar\u00e1 grabado en la historia y con el cual sembraba la esperanza de que un futuro mejor estaba por venir.<\/p>\n<p><strong><span style=\"color: #3366ff;\"><a style=\"color: #3366ff;\" href=\"https:\/\/elvitraldelaciencia.org\/revista\/\/wp-content\/uploads\/2022\/11\/art-guillermo-1.pdf\">Ver art\u00edculo completo<\/a><\/span><\/strong><\/p>\n<p><span style=\"font-size: 14pt; color: #800000;\"><strong><img loading=\"lazy\" decoding=\"async\" class=\"alignleft wp-image-2970\" src=\"https:\/\/elvitraldelaciencia.org\/revista\/\/wp-content\/uploads\/2022\/11\/ART-FRANKLIN-9-300x95.png\" alt=\"\" width=\"502\" height=\"159\" srcset=\"https:\/\/elvitraldelaciencia.org\/revista\/wp-content\/uploads\/2022\/11\/ART-FRANKLIN-9-300x95.png 300w, https:\/\/elvitraldelaciencia.org\/revista\/wp-content\/uploads\/2022\/11\/ART-FRANKLIN-9-1024x325.png 1024w, https:\/\/elvitraldelaciencia.org\/revista\/wp-content\/uploads\/2022\/11\/ART-FRANKLIN-9-768x244.png 768w, https:\/\/elvitraldelaciencia.org\/revista\/wp-content\/uploads\/2022\/11\/ART-FRANKLIN-9.png 1250w\" sizes=\"auto, (max-width: 502px) 100vw, 502px\" \/>LA FUERZA Y RAZ\u00d3N EN POL\u00cdTICA EXTERIOR<\/strong><\/span><br \/>\n<strong>Por Dr. Franklin Gonz\u00e1lez<\/strong><\/p>\n<p>Escribimos estas reflexiones cuando en el mundo est\u00e1 imperando el instrumento de la guerra y los titulares de los grandes medios de comunicaci\u00f3n, de las redes sociales y los discursos de los presidentes de los pa\u00edses que se disputan la hegemon\u00eda del mundo, no hacen otra cosa que anunciar tempestades. Una hecatombe nuclear est\u00e1 en la agenda como evidencia de \u201cla estupidez institucional\u201d de la cual nos ha hablado el ling\u00fcista Noam Chomsky, muy propia de los seres humanos. En este art\u00edculo reflexionaremos sobre los principios normativos y pol\u00edticos de la pol\u00edtica exterior de Venezuela, la fuerza de la raz\u00f3n que la asiste y su contraste con la raz\u00f3n de la fuerza que encarga muy bien Estados Unidos. Finalmente, damos cuentas de algunas conclusiones que son de suma importancia para los desaf\u00edos que tiene por delante Venezuela en materia de pol\u00edtica exterior.<\/p>\n<p><span style=\"color: #3366ff;\"><strong><a style=\"color: #3366ff;\" href=\"https:\/\/elvitraldelaciencia.org\/revista\/\/wp-content\/uploads\/2022\/11\/art-frankil.pdf\">Ver art\u00edculo completo<\/a><\/strong><\/span><\/p>\n<p>&nbsp;<\/p>\n<p><span style=\"font-size: 14pt; color: #800000;\"><strong><img loading=\"lazy\" decoding=\"async\" class=\"alignleft size-medium wp-image-2972\" src=\"https:\/\/elvitraldelaciencia.org\/revista\/\/wp-content\/uploads\/2022\/11\/art-miguel-jaimes-7-243x300.png\" alt=\"\" width=\"243\" height=\"300\" srcset=\"https:\/\/elvitraldelaciencia.org\/revista\/wp-content\/uploads\/2022\/11\/art-miguel-jaimes-7-243x300.png 243w, https:\/\/elvitraldelaciencia.org\/revista\/wp-content\/uploads\/2022\/11\/art-miguel-jaimes-7.png 600w\" sizes=\"auto, (max-width: 243px) 100vw, 243px\" \/>CUANDO EL PETR\u00d3LEO ESTABA ATADO<br \/>\n<\/strong><\/span><strong>Por Dr. Miguel A. Jaimes N.<\/strong><\/p>\n<p>El dos de febrero de 1999 Hugo Ch\u00e1vez llegaba al poder y con \u00e9l se arrastraba la orden imperial, la cual hasta entonces nadie hab\u00eda podido rasgar en cuanto a las reservas de petr\u00f3leo, las cuales se pudiesen aumentar m\u00e1s all\u00e1 de lo establecido en setenta y seis mil millones de barriles. Pero pronto, el enigma ser\u00eda roto y tal como se sab\u00eda las reservas de crudo fueron colocadas arriba de trescientos treinta y ocho mil millones de toneles de petr\u00f3leo.<\/p>\n<p>Esto le permiti\u00f3 al pa\u00eds un liderazgo de buenos precios. Desde tiempos pasados la mayor parte del mundo consumidor petrolero ha venido movi\u00e9ndose en una permanente lucha por manejar dentro de su poder pol\u00edtico-econ\u00f3mico los diferentes recursos y riquezas, existentes en otras naciones a lo largo y ancho del planeta. Ya el Libertador Sim\u00f3n Bol\u00edvar lo escrib\u00eda en la carta de Jamaica el 6 de septiembre de 1815: Los estados del istmo de Panam\u00e1 hasta Guatemala formar\u00e1n quiz\u00e1 una asociaci\u00f3n. Esta magn\u00edfica posici\u00f3n entre los dos grandes mares podr\u00e1 ser con el tiempo el emporio del universo; sus canales acortar\u00e1n las distancias del mundo; estrechar\u00e1n los lazos comerciales de Europa, Am\u00e9rica y Asia; traer\u00e1n a tan feliz regi\u00f3n los tributos de las cuatro partes del globo.<\/p>\n<p><span style=\"color: #3366ff;\"><strong><a style=\"color: #3366ff;\" href=\"https:\/\/elvitraldelaciencia.org\/revista\/\/wp-content\/uploads\/2022\/11\/art-miguel-jaimes.pdf\">Ver art\u00edculo completo<\/a><\/strong><\/span><\/p>\n<p>&nbsp;<\/p>\n<p>&nbsp;<\/p>\n<p>&nbsp;<\/p>\n","protected":false},"excerpt":{"rendered":"<p>&nbsp; &nbsp; Vol 2. (11). A\u00f1o 2022 &nbsp; Ver Revista completa &nbsp; &nbsp; &nbsp; &nbsp; &nbsp; LA EDUCACI\u00d3N UNIVERSITARIA EN UN PA\u00cdS BLOQUEADO Por Dr. Miguel Alfonzo El presidente Hugo&hellip; <\/p>\n","protected":false},"author":2,"featured_media":2960,"comment_status":"closed","ping_status":"closed","sticky":false,"template":"","format":"standard","meta":{"footnotes":""},"categories":[11,22,18],"tags":[],"class_list":["post-2959","post","type-post","status-publish","format-standard","has-post-thumbnail","hentry","category-destacado","category-vitral","category-porta"],"_links":{"self":[{"href":"https:\/\/elvitraldelaciencia.org\/revista\/wp-json\/wp\/v2\/posts\/2959","targetHints":{"allow":["GET"]}}],"collection":[{"href":"https:\/\/elvitraldelaciencia.org\/revista\/wp-json\/wp\/v2\/posts"}],"about":[{"href":"https:\/\/elvitraldelaciencia.org\/revista\/wp-json\/wp\/v2\/types\/post"}],"author":[{"embeddable":true,"href":"https:\/\/elvitraldelaciencia.org\/revista\/wp-json\/wp\/v2\/users\/2"}],"replies":[{"embeddable":true,"href":"https:\/\/elvitraldelaciencia.org\/revista\/wp-json\/wp\/v2\/comments?post=2959"}],"version-history":[{"count":0,"href":"https:\/\/elvitraldelaciencia.org\/revista\/wp-json\/wp\/v2\/posts\/2959\/revisions"}],"wp:featuredmedia":[{"embeddable":true,"href":"https:\/\/elvitraldelaciencia.org\/revista\/wp-json\/wp\/v2\/media\/2960"}],"wp:attachment":[{"href":"https:\/\/elvitraldelaciencia.org\/revista\/wp-json\/wp\/v2\/media?parent=2959"}],"wp:term":[{"taxonomy":"category","embeddable":true,"href":"https:\/\/elvitraldelaciencia.org\/revista\/wp-json\/wp\/v2\/categories?post=2959"},{"taxonomy":"post_tag","embeddable":true,"href":"https:\/\/elvitraldelaciencia.org\/revista\/wp-json\/wp\/v2\/tags?post=2959"}],"curies":[{"name":"wp","href":"https:\/\/api.w.org\/{rel}","templated":true}]}}