{"id":3008,"date":"2023-01-28T10:37:52","date_gmt":"2023-01-28T14:37:52","guid":{"rendered":"https:\/\/elvitraldelaciencia.org\/revista\/\/?p=3008"},"modified":"2023-01-28T10:37:52","modified_gmt":"2023-01-28T14:37:52","slug":"el-vitral-de-la-ciencia-vol-3-n-1-2023","status":"publish","type":"post","link":"https:\/\/elvitraldelaciencia.org\/revista\/el-vitral-de-la-ciencia-vol-3-n-1-2023\/","title":{"rendered":"El Vitral de la Ciencia. Vol 3. N\u00b0 1: (2023)"},"content":{"rendered":"<p><strong><span style=\"color: #0000ff;\"><img loading=\"lazy\" decoding=\"async\" class=\"alignleft  wp-image-2992\" src=\"https:\/\/elvitraldelaciencia.org\/revista\/\/wp-content\/uploads\/2023\/01\/portada-209x300.png\" alt=\"\" width=\"243\" height=\"349\" srcset=\"https:\/\/elvitraldelaciencia.org\/revista\/wp-content\/uploads\/2023\/01\/portada-209x300.png 209w, https:\/\/elvitraldelaciencia.org\/revista\/wp-content\/uploads\/2023\/01\/portada.png 619w\" sizes=\"auto, (max-width: 243px) 100vw, 243px\" \/>Vol 3. (1). A\u00f1o 2023<\/span><\/strong><\/p>\n<p>&nbsp;<\/p>\n<p><strong><span style=\"color: #3366ff;\"><a style=\"color: #3366ff;\" href=\"https:\/\/drive.google.com\/file\/d\/1wXAdu4gvePd2Z8OYvwc17HWwTAxd3Dgs\/view?usp=share_link\">Ver revista completa<\/a><\/span><\/strong><\/p>\n<p>&nbsp;<\/p>\n<p>&nbsp;<\/p>\n<p>&nbsp;<\/p>\n<p>&nbsp;<\/p>\n<p>&nbsp;<\/p>\n<p>&nbsp;<\/p>\n<p>&nbsp;<\/p>\n<p>&nbsp;<\/p>\n<p><span style=\"color: #800000; font-size: 14pt;\"><strong><img loading=\"lazy\" decoding=\"async\" class=\"alignleft  wp-image-2994\" src=\"https:\/\/elvitraldelaciencia.org\/revista\/\/wp-content\/uploads\/2023\/01\/art-miguel-300x200.jpg\" alt=\"\" width=\"462\" height=\"308\" srcset=\"https:\/\/elvitraldelaciencia.org\/revista\/wp-content\/uploads\/2023\/01\/art-miguel-300x200.jpg 300w, https:\/\/elvitraldelaciencia.org\/revista\/wp-content\/uploads\/2023\/01\/art-miguel-768x512.jpg 768w, https:\/\/elvitraldelaciencia.org\/revista\/wp-content\/uploads\/2023\/01\/art-miguel.jpg 920w\" sizes=\"auto, (max-width: 462px) 100vw, 462px\" \/>LA INDUSTRIA FARMAC\u00c9UTICAY LA SALUD P\u00daBLICA:<\/strong><\/span><br \/>\n<strong><span style=\"color: #0000ff;\">Una Historia de Terror<\/span><\/strong><br \/>\n<strong>Por Miguel Alfonzo<\/strong><\/p>\n<p>A pesar de los variados esc\u00e1ndalos que han surgido de los negocios (muchas veces turbios) de la industria farmac\u00e9utica, son pocos conocidos por las mayor\u00edas.<\/p>\n<p>Con este articulo quiero ayudarles a tener una vision mas real del papel que ha tenido la industria farmac\u00e9utica, que con un presupuesto colosal, artima\u00f1as despiadadas y m\u00e9todos inconfesables, libra una batalla implacable contra nuestra salud.<\/p>\n<p>Cuando adquirimos un medicamento para tratar el ardor de est\u00f3mago, el dolor de cabeza o cualquier molestia que nos incordie, pensamos que aquello que nos ofrece el farmac\u00e9utico es 100 % seguro. M\u00e1s a\u00fan si el medicamento en cuesti\u00f3n nos lo ha recetado nuestro m\u00e9dico de cabecera. En 2011, una encuesta elaborada entre 3.000 estadounidenses mostr\u00f3 que el 39 % de los americanos cree que su Administraci\u00f3n de Alimentos y Medicamentos (la todopoderosa FDA) s\u00f3lo aprueba f\u00e1rmacos \u201cextremadamente eficaces\u201d y el 25 % que s\u00f3lo permite la circulaci\u00f3n de aquellos medicamentos sin efectos secundarios graves.<\/p>\n<p>Pero lo cierto es que ning\u00fan f\u00e1rmaco carece de riesgo. Como explica el cient\u00edfico y divulgador brit\u00e1nico Ben Goldacre en su revelador ensayo Mala farma (Paid\u00f3s), \u201clos organismos reguladores aprueban muchas veces f\u00e1rmacos que son levemente eficaces, con graves efectos secundarios, por la sola posibilidad de que resulten \u00fatiles para alguien, en alg\u00fan sitio, cuando no existen otras alternativas\u201d. Y, lo que no todo el mundo sabe, es que muchas veces los m\u00e9dicos \u2013por desconocimiento, en su mayor\u00eda; por intereses econ\u00f3micos, en algunos casos\u2013 recetan f\u00e1rmacos innecesarios o que cuentan con otras opciones m\u00e1s seguras o eficaces.<\/p>\n<p><span style=\"color: #3366ff;\"><strong><a style=\"color: #3366ff;\" href=\"https:\/\/elvitraldelaciencia.org\/revista\/\/wp-content\/uploads\/2023\/01\/art-miguel.pdf\">Ver art\u00edculo completo<\/a><\/strong><\/span><\/p>\n<p>&nbsp;<\/p>\n<p><span style=\"font-size: 14pt; color: #800000;\"><strong><img loading=\"lazy\" decoding=\"async\" class=\"alignleft size-medium wp-image-2996\" src=\"https:\/\/elvitraldelaciencia.org\/revista\/\/wp-content\/uploads\/2023\/01\/art-rosicar-300x200.jpg\" alt=\"\" width=\"300\" height=\"200\" srcset=\"https:\/\/elvitraldelaciencia.org\/revista\/wp-content\/uploads\/2023\/01\/art-rosicar-300x200.jpg 300w, https:\/\/elvitraldelaciencia.org\/revista\/wp-content\/uploads\/2023\/01\/art-rosicar.jpg 768w\" sizes=\"auto, (max-width: 300px) 100vw, 300px\" \/>EL COMPLEJO M\u00c9DICO INDUSTRIAL<\/strong><\/span><br \/>\n<span style=\"color: #0000ff;\"><strong>Una nueva forma de gubernamentalidad<br \/>\n<span style=\"color: #000000;\">Por Dra. Rosicar Mata<\/span><\/strong><\/span><\/p>\n<p>Este trabajo pretende, a partir de la lectura del Nacimiento de la Biopol\u00edtica (Foucault, 2009), hacer algunas consideraciones y plantear algunas interrogantes que surgen en el contexto de la actual pandemia por la COVID-19. Esta ha hecho visible una diversidad de situaciones para las que el abordaje te\u00f3rico pol\u00edtico, a partir de la caracterizaci\u00f3n del neoliberalismo -como forma de articulaci\u00f3n del dispositivo de gubernamentalidad- que elabor\u00f3 Michel Foucault a finales de la d\u00e9cada de los 70, mantiene plena vigencia y capacidad explicativa.<\/p>\n<p>Se entiende por gubernamentalidad, en palabras de Foucault, el conjunto instituido por las instituciones, los procedimientos, an\u00e1lisis y reflexiones, los c\u00e1lculos y las t\u00e1cticas que permiten ejercer esta forma tan espec\u00edfica, tan compleja, de poder, que tiene como meta principal la poblaci\u00f3n, como forma primordial de saber, la econom\u00eda pol\u00edtica, y como instrumento t\u00e9cnico esencial, los dispositivos de seguridad (Foucault, 1999).<\/p>\n<p>Con la intenci\u00f3n de avanzar en la identificaci\u00f3n de los elementos de esa caracterizaci\u00f3n que realiza Foucault enfoc\u00e1ndola en el campo de la salud, se hace necesario explorar la ratio gubernamental que se expresa como poder global por encima de la concepci\u00f3n de Estado-naci\u00f3n soberano. De acuerdo con ello conviene el uso del Complejo M\u00e9dico Industrial (CMI) como concepto que ha sido utilizado, desde los a\u00f1os 1980, -principalmente en Brasil- para resaltar las interrelaciones establecidas entre actores y sectores de salud y de estos con los dem\u00e1s sectores de la econom\u00eda (De Mello Viana, 2002). La capacidad explicativa de este concepto se entiende dentro de los propios l\u00edmites del marco conceptual de la econom\u00eda pol\u00edtica. Si bien este concepto caracteriza las relaciones y reconoce la din\u00e1mica actual del gubernamentalidad del neoliberalismo constituido como poder empresarial, no considera como se consolida esta forma de poder que tiene como blanco la poblaci\u00f3n. Este mecanismo de gubernamentalidad del que se ejerce mediante el CMI es de gran eficacia por su fuerte arraigo en el control de la poblaci\u00f3n gracias al orden del discurso cient\u00edfico y la exacerbaci\u00f3n del temor al peligro y a la definici\u00f3n de los l\u00edmites normativos en los que se marcan los comportamientos individuales a los que Foucault hac\u00eda referencia como cuerpos docilizados, siempre dispuestos a ser sometidos, manejados, perfeccionados. La salud y la gesti\u00f3n individual del riesgo son aspiraciones que est\u00e1n muy fuertemente fundadas en la pauta neoliberal. La salud p\u00fablica, como forma de intervenci\u00f3n sobre la poblaci\u00f3n es b\u00e1sicamente biopol\u00edtica y tiene en la enfermedad el eje central de articulaci\u00f3n. En tal sentido, el CMI debe analizarse tambi\u00e9n en la conformaci\u00f3n del neoliberalismo.<\/p>\n<p><span style=\"color: #3366ff;\"><strong><a style=\"color: #3366ff;\" href=\"https:\/\/elvitraldelaciencia.org\/revista\/\/wp-content\/uploads\/2023\/01\/art-rosicar.pdf\">Ver art\u00edculo completo<\/a><\/strong><\/span><\/p>\n<p>&nbsp;<\/p>\n<p><span style=\"font-size: 14pt; color: #800000;\"><strong><img loading=\"lazy\" decoding=\"async\" class=\"alignleft  wp-image-2998\" src=\"https:\/\/elvitraldelaciencia.org\/revista\/\/wp-content\/uploads\/2023\/01\/art-2-lesbia-1-300x215.jpg\" alt=\"\" width=\"406\" height=\"291\" srcset=\"https:\/\/elvitraldelaciencia.org\/revista\/wp-content\/uploads\/2023\/01\/art-2-lesbia-1-300x215.jpg 300w, https:\/\/elvitraldelaciencia.org\/revista\/wp-content\/uploads\/2023\/01\/art-2-lesbia-1-1024x732.jpg 1024w, https:\/\/elvitraldelaciencia.org\/revista\/wp-content\/uploads\/2023\/01\/art-2-lesbia-1-768x549.jpg 768w, https:\/\/elvitraldelaciencia.org\/revista\/wp-content\/uploads\/2023\/01\/art-2-lesbia-1.jpg 1398w\" sizes=\"auto, (max-width: 406px) 100vw, 406px\" \/>ALGUNAS IMPLICACIONES ECON\u00d3MICAS SOBRE<\/strong><\/span><br \/>\n<span style=\"color: #0000ff;\"><strong>EL MANEJO Y USO DE MEDICAMENTOS<\/strong><\/span><br \/>\n<strong>Por Dra Lesbia Muro<\/strong><\/p>\n<p>Debatir sobre las implicaciones de orden econ\u00f3mico relacionadas con el medicamento, supone la necesidad de destacar la interacci\u00f3n entre los actores sociales vinculados con la cadena de producci\u00f3n, distribuci\u00f3n y consumo. Muchos factores prefiguran esta interacci\u00f3n: la participaci\u00f3n diferencial del capital nacional y extranjero, los proveedores de materiales y equipos para la industria y las relaciones generadas en el terreno de un espacio singular que condicionan y canalizan las opciones de estos actores para el logro de determinados fines e intereses, referidos tanto al \u00e1mbito de la organizaci\u00f3n como a las percepciones, expectativas y motivaciones de los individuos que, en funci\u00f3n del lugar que ocupen en una estructura jer\u00e1rquica determinada y a la vinculaci\u00f3n, influencia y participaci\u00f3n en los niveles de decisi\u00f3n, tendr\u00e1n marcada o poca injerencia en la orientaci\u00f3n de las pol\u00edticas a nivel nacional, local e institucional.<\/p>\n<p>El medicamento tiene una doble significaci\u00f3n: es un insumo del sector salud, sujeto a sus disposiciones y reglamentaciones, y un bien inscrito en la l\u00f3gica del mercado, lo cual indica que su tratamiento y alcance en las pol\u00edticas de Estado no son necesariamente c\u00f3nsonos con los objetivos y funciones del Sistema de Servicios de Salud. En otras palabras y para ejemplificar lo antedicho, es necesario referirse a un nivel general donde intervienen otros actores y otras motivaciones que fundamentan las pol\u00edticas p\u00fablicas nacionales.<\/p>\n<p>Hacia finales de la d\u00e9cada de los 90\u2019 se evidencia en Venezuela una disminuci\u00f3n de la tasa de crecimiento econ\u00f3mico, con un aumento considerable de la deuda externa y un alto d\u00e9ficit presupuestario, el planteamiento central, para ese entonces fue el dise\u00f1o de una serie de \u201creajustes econ\u00f3micos\u201d \u2013as\u00ed llamados- que tend\u00edan a reducir la atenci\u00f3n hacia \u00e1reas de inter\u00e9s social: salud, educaci\u00f3n, etc. En lo espec\u00edficamente ideol\u00f3gico, la propensi\u00f3n a la no intervenci\u00f3n del Estado en la empresa privada con la consecuente pol\u00edtica de no regulaci\u00f3n de actividades econ\u00f3micas (la apertura de la \u201clibre empresa\u201d), condujo a una serie de propuestas cuyo fin era evitar el m\u00e1ximo de restricciones a los procesos de comercializaci\u00f3n, situaci\u00f3n que favoreci\u00f3 a empresarios e industriales por cuanto permiti\u00f3 la ampliaci\u00f3n de sus mercados potenciales y m\u00e1rgenes de ganancia. (Chirinos, 2014; P\u00e1ez y Jim\u00e9nez, 2016).<\/p>\n<p><span style=\"color: #3366ff;\"><strong><a style=\"color: #3366ff;\" href=\"https:\/\/elvitraldelaciencia.org\/revista\/\/wp-content\/uploads\/2023\/01\/art-lesbia-1.pdf\">Ver art\u00edculo completo<\/a><\/strong><\/span><\/p>\n<p>&nbsp;<\/p>\n<p><span style=\"color: #800000;\"><strong><span style=\"font-size: 14pt;\"><img loading=\"lazy\" decoding=\"async\" class=\"alignleft  wp-image-3001\" src=\"https:\/\/elvitraldelaciencia.org\/revista\/\/wp-content\/uploads\/2023\/01\/art-1-lesbia-2-169x300.jpg\" alt=\"\" width=\"233\" height=\"414\" srcset=\"https:\/\/elvitraldelaciencia.org\/revista\/wp-content\/uploads\/2023\/01\/art-1-lesbia-2-169x300.jpg 169w, https:\/\/elvitraldelaciencia.org\/revista\/wp-content\/uploads\/2023\/01\/art-1-lesbia-2.jpg 564w\" sizes=\"auto, (max-width: 233px) 100vw, 233px\" \/>ENFERMEDAD<\/span> Y MEDICAMENTOS<\/strong><\/span><br \/>\n<strong><span style=\"color: #0000ff;\">La mercantilizaci\u00f3n<\/span> <span style=\"color: #0000ff;\">de un bien de uso<\/span><\/strong><br \/>\n<strong>Por Dra Lesbia Muro y Dr. Luis M. G\u00f3mez M<\/strong><\/p>\n<p>La enfermedad como resultado de una din\u00e1mica social subsumida en la relaci\u00f3n producci\u00f3n-distribuci\u00f3n-consumo, es una expresi\u00f3n necesaria de la actividad que desarrollan los seres humanos entre s\u00ed y en su relaci\u00f3n con el ambiente, de alguna manera vinculada con la capacidad de respuesta de una persona ante determinadas situaciones, la enfermedad se presenta siempre como el resultado de un proceso de interacci\u00f3n y transformaci\u00f3n del organismo vivo de tal manera que le ocasiona limitaciones en su desempe\u00f1o, situaci\u00f3n interpretada por cada cultura de acuerdo con el conjunto de sus representaciones simb\u00f3licas, s\u00edntesis de sus procesos hist\u00f3ricos (Fitzpatrick, 1990; Fern\u00e1ndez, 2007).<\/p>\n<p>La concepci\u00f3n mecanicista de la enfermedad, propia de una l\u00f3gica biologicista, de fuerte herencia positivista, la define como una alteraci\u00f3n org\u00e1nica, fisiol\u00f3gica y por lo tanto funcional, que puede ser susceptible de normalizaci\u00f3n a trav\u00e9s de una intervenci\u00f3n de la misma naturaleza (biomec\u00e1nica, biom\u00e9dica) y con alcances que van desde una recuperaci\u00f3n del nivel funcional anterior por reacomodo del \u00f3rgano o sistema afectado, hasta un desenlace fatal o con secuelas que tienden a devenir en alg\u00fan grado de discapacidad. Esta concepci\u00f3n supone un atributo previamente definido que arrojar\u00e1 los mismos resultados siempre que se mida del mismo modo y con los mismos instrumentos, mediante una l\u00f3gica deductiva que no objeta la ley, dada como universal.<\/p>\n<p><span style=\"color: #3366ff;\"><strong><a style=\"color: #3366ff;\" href=\"https:\/\/elvitraldelaciencia.org\/revista\/\/wp-content\/uploads\/2023\/01\/art-lesbia-2.pdf\">Ver art\u00edculo completo<\/a><\/strong><\/span><\/p>\n<p>&nbsp;<\/p>\n<p><span style=\"font-size: 14pt; color: #800000;\"><strong><img loading=\"lazy\" decoding=\"async\" class=\"alignleft  wp-image-3002\" src=\"https:\/\/elvitraldelaciencia.org\/revista\/\/wp-content\/uploads\/2023\/01\/art-eder-300x201.jpeg\" alt=\"\" width=\"509\" height=\"341\" srcset=\"https:\/\/elvitraldelaciencia.org\/revista\/wp-content\/uploads\/2023\/01\/art-eder-300x201.jpeg 300w, https:\/\/elvitraldelaciencia.org\/revista\/wp-content\/uploads\/2023\/01\/art-eder.jpeg 640w\" sizes=\"auto, (max-width: 509px) 100vw, 509px\" \/>Stalkeando Astros y Galaxias:<\/strong><\/span><br \/>\n<span style=\"color: #0000ff;\"><strong>Breve rese\u00f1a hist\u00f3rica de la exploraci\u00f3n aeroespacial.<\/strong><\/span><br \/>\n<span style=\"color: #0000ff;\"><strong>Experiencia venezolana<br \/>\n<span style=\"color: #000000;\">Lic. Eder Pe\u00f1a y Dra Estalina Baez<\/span><br \/>\n<\/strong><\/span><\/p>\n<p>Stalkear para los j\u00f3venes se refiere a la acci\u00f3n de una persona que investiga datos de otros, Venezuela tambi\u00e9n lo hace con los astros y galaxias. Desde la temprana infancia es frecuente escuchar en ni\u00f1as y ni\u00f1os su sue\u00f1o de remontar los cielos, visitar la luna, marte atravesar galaxias enteras, saltar sobre hoyos negros hasta llegar a alguna estrella lejana, o quiz\u00e1 escucharle decir: \u201cmam\u00e1, quiero ser astronauta\u201d. Dedicaremos la secci\u00f3n juvenil de este n\u00famero, a revisar una breve rese\u00f1a hist\u00f3rica de la exploraci\u00f3n aeroespacial y la experiencia venezolana en materia espacial.<\/p>\n<p>Recientemente en La Inventadera se public\u00f3 el testimonio de un joven venezolano que, con el apoyo de una beca de Fundayacucho, se prepara para ser el primer cosmonauta venezolano. Alejandro Cardenas, es Ingeniero Aerona\u00fatico egresado de la UNEFA (Universidad Nacional Experimental Polit\u00e9cnica de la Fuerza Armada Nacional Bolivariana), hizo una maestr\u00eda en Sistema de Misiles (uy) y Astron\u00e1utica en la Universidad de Samara (Rusia). Este joven venezolano forma parte de un programa conocido como: \u201cPrimer Cosmonauta Venezolano\u201d, en el marco de un proyecto \u201cMisi\u00f3n Libertad Espacial Sim\u00f3n Bol\u00edvar\u201d. Adem\u00e1s de afianzar la identidad nacional permitiendo que j\u00f3venes venezolanos se involucren en este \u00e1mbito del conocimiento, la iniciativa promueve la ampliaci\u00f3n de caminos para el estudio de por ejemplo la microgravedad y la exploraci\u00f3n espacial (Duque, JR. 2022). Alejandro es nuestro orgullo, un ejemplo a seguir.<\/p>\n<p>Exploraci\u00f3n espacial \u00bfa qui\u00e9n se le ocurri\u00f3 la idea de mirar al cielo?<br \/>\nDesde el origen de la humanidad, el ser humano ha elevado su mirada al cielo, observando con curiosidad y mucho inter\u00e9s el sol, la luna y las estrellas. Con el pasar de los siglos, esta curiosidad pas\u00f3 de lo meramente contemplativo para convertirse en una forma de sobrevivir a los patrones y procesos ambientales asociados al clima y el transporte hasta controlar el espacio terrestre y las rutas de movilizaci\u00f3n humana.<\/p>\n<p><span style=\"color: #3366ff;\"><strong><a style=\"color: #3366ff;\" href=\"https:\/\/elvitraldelaciencia.org\/revista\/\/wp-content\/uploads\/2023\/01\/art-eder.pdf\">Ver art\u00edculo completo<\/a><\/strong><\/span><\/p>\n<p>&nbsp;<\/p>\n<p>&nbsp;<\/p>\n<p>&nbsp;<\/p>\n","protected":false},"excerpt":{"rendered":"<p>Vol 3. (1). A\u00f1o 2023 &nbsp; Ver revista completa &nbsp; &nbsp; &nbsp; &nbsp; &nbsp; &nbsp; &nbsp; &nbsp; LA INDUSTRIA FARMAC\u00c9UTICAY LA SALUD P\u00daBLICA: Una Historia de Terror Por Miguel Alfonzo&hellip; <\/p>\n","protected":false},"author":2,"featured_media":2992,"comment_status":"closed","ping_status":"closed","sticky":false,"template":"","format":"standard","meta":{"footnotes":""},"categories":[11,22,18],"tags":[],"class_list":["post-3008","post","type-post","status-publish","format-standard","has-post-thumbnail","hentry","category-destacado","category-vitral","category-porta"],"_links":{"self":[{"href":"https:\/\/elvitraldelaciencia.org\/revista\/wp-json\/wp\/v2\/posts\/3008","targetHints":{"allow":["GET"]}}],"collection":[{"href":"https:\/\/elvitraldelaciencia.org\/revista\/wp-json\/wp\/v2\/posts"}],"about":[{"href":"https:\/\/elvitraldelaciencia.org\/revista\/wp-json\/wp\/v2\/types\/post"}],"author":[{"embeddable":true,"href":"https:\/\/elvitraldelaciencia.org\/revista\/wp-json\/wp\/v2\/users\/2"}],"replies":[{"embeddable":true,"href":"https:\/\/elvitraldelaciencia.org\/revista\/wp-json\/wp\/v2\/comments?post=3008"}],"version-history":[{"count":0,"href":"https:\/\/elvitraldelaciencia.org\/revista\/wp-json\/wp\/v2\/posts\/3008\/revisions"}],"wp:featuredmedia":[{"embeddable":true,"href":"https:\/\/elvitraldelaciencia.org\/revista\/wp-json\/wp\/v2\/media\/2992"}],"wp:attachment":[{"href":"https:\/\/elvitraldelaciencia.org\/revista\/wp-json\/wp\/v2\/media?parent=3008"}],"wp:term":[{"taxonomy":"category","embeddable":true,"href":"https:\/\/elvitraldelaciencia.org\/revista\/wp-json\/wp\/v2\/categories?post=3008"},{"taxonomy":"post_tag","embeddable":true,"href":"https:\/\/elvitraldelaciencia.org\/revista\/wp-json\/wp\/v2\/tags?post=3008"}],"curies":[{"name":"wp","href":"https:\/\/api.w.org\/{rel}","templated":true}]}}