{"id":302,"date":"2020-12-12T13:56:16","date_gmt":"2020-12-12T17:56:16","guid":{"rendered":"http:\/\/revista.vzpla.net\/?p=302"},"modified":"2021-01-17T01:03:55","modified_gmt":"2021-01-17T05:03:55","slug":"revista-los-ojos-de-la-ciencia-v2-no2","status":"publish","type":"post","link":"https:\/\/elvitraldelaciencia.org\/revista\/revista-los-ojos-de-la-ciencia-v2-no2\/","title":{"rendered":"Revista Los Ojos de la Ciencia Vol 1 N\u00ba 1"},"content":{"rendered":"<p><strong><img loading=\"lazy\" decoding=\"async\" class=\"size-medium wp-image-358 alignleft\" src=\"https:\/\/elvitraldelaciencia.org\/revista\/\/wp-content\/uploads\/2020\/12\/portada1_ojos-212x300.png\" alt=\"\" width=\"212\" height=\"300\" srcset=\"https:\/\/elvitraldelaciencia.org\/revista\/wp-content\/uploads\/2020\/12\/portada1_ojos-212x300.png 212w, https:\/\/elvitraldelaciencia.org\/revista\/wp-content\/uploads\/2020\/12\/portada1_ojos.png 397w\" sizes=\"auto, (max-width: 212px) 100vw, 212px\" \/><\/strong><\/p>\n<p>&nbsp;<\/p>\n<p>&nbsp;<\/p>\n<p>&nbsp;<\/p>\n<p style=\"text-align: left;\"><strong>Volumen 1, n\u00ba 1.<\/strong><\/p>\n<p style=\"text-align: left;\"><a href=\"https:\/\/elvitraldelaciencia.org\/revista\/\/\/wp-content\/uploads\/2020\/12\/revista_ojos1.pdf\" target=\"_blank\" rel=\"noopener\">PDF<\/a><\/p>\n<p>&nbsp;<\/p>\n<p>&nbsp;<\/p>\n<p><strong>\u00a0\u00a0\u00a0\u00a0\u00a0\u00a0\u00a0\u00a0\u00a0\u00a0\u00a0\u00a0\u00a0\u00a0\u00a0\u00a0\u00a0\u00a0\u00a0\u00a0\u00a0\u00a0\u00a0\u00a0\u00a0\u00a0\u00a0\u00a0\u00a0\u00a0\u00a0<\/strong><\/p>\n<p><strong>\u00a0\u00a0\u00a0\u00a0\u00a0\u00a0\u00a0\u00a0\u00a0\u00a0\u00a0 <\/strong><\/p>\n<p style=\"text-align: center;\"><span style=\"font-size: 18pt;\"><strong>Principales art\u00edculos<\/strong><\/span><\/p>\n<p><span style=\"color: #0000ff;\"><strong>\u00bfINDUCCI\u00d3N INTENCIONAL<\/strong><\/span><br \/>\n<span style=\"color: #0000ff;\"><strong>DEL C\u00c1NCER?<\/strong><\/span><br \/>\n<span style=\"color: #0000ff;\"><strong>LA MUERTE DEL PRESIDENTE HUGO CH\u00c1VEZ FR\u00cdAS<\/strong><\/span><\/p>\n<p><strong>Dr. Carlos Aponte MSc. PhD.<\/strong><\/p>\n<p><strong><em>Resumen<\/em><\/strong><\/p>\n<p style=\"text-align: justify;\"><span style=\"color: #800000;\">Comencemos nuestra reflexi\u00f3n con un fragmento de aquella alocuci\u00f3n del entonces Presidente de la Republica Bolivariana de Venezuela, Hugo Ch\u00e1vez Fr\u00edas, el d\u00eda 28 de diciembre de 2011, en el Fuerte Tiuna, en un Acto de Ascenso Militar de la Fuerza Armada Nacional Bolivariana (FANB):<\/span><\/p>\n<p style=\"text-align: justify;\"><span style=\"color: #800000;\"><em>\u201cEsta ma\u00f1ana estaba, yo, oyendo al Diputado y amigo H\u00e9ctor Navarro, en una entrevista, en el canal 8, y le hacen una pregunta sobre este tema. Y H\u00e9ctor (\u2026), dec\u00eda una gran verdad: Es muy dif\u00edcil explicar a estas alturas ya, con la ley de las probabilidades, p. ej. lo que nos ha estado aconteciendo a algunos de nosotros en Am\u00e9rica Latina (refri\u00e9ndose a Nestor Kirchner, Ignacio Lula Da Silva, Dilma Russeff, Fernando Lugo, y Cristina Fern\u00e1ndez de Kirchner)\u2026 Al menos es extra\u00f1o, muy, muy extra\u00f1o. Yo no quiero lanzar ninguna acusaci\u00f3n temeraria, No! (\u2026) \u00bfSer\u00eda extra\u00f1o que hubieran (El gobierno de los EEUU) desarrollado una tecnolog\u00eda para inducir el c\u00e1ncer y nadie lo sepa hasta ahora y se descubra esto dentro de 50 a\u00f1os o no se cuanto? No lo s\u00e9. S\u00f3lo dejo la reflexi\u00f3n. Pero esto es muy, muy, muy extra\u00f1o, que nos halla dado c\u00e1ncer a Lugo, a Dilma, (\u2026), despu\u00e9s vengo yo y PUM! (\u2026). Fidel siempre me lo dijo: \u00ab Ch\u00e1vez ten cuidado, Ch\u00e1vez ten cuidado porque tu te le tiras a la gente encima. Mira! Cuidado que esta gente ha desarrollado tecnolog\u00eda, cuidado con lo que comes, con lo que te den a comer. Cuidado con una peque\u00f1a aguja y te inyectan no se qu\u00e9, Bueno! Pero uno anda en manos de Dios\u2026\u201d\u00a0<\/em><\/span><\/p>\n<p style=\"text-align: center;\"><a href=\"https:\/\/elvitraldelaciencia.org\/revista\/\/\/wp-content\/uploads\/2020\/12\/Induccion-intencional-del-cancer.pdf\">PDF<\/a><\/p>\n<p><span style=\"color: #0000ff;\"><strong>EL ASEGURAMIENTO (HCM) QUE NO GARANTIZA LA SALUD EN VENEZUELA<\/strong><\/span><br \/>\n<span style=\"color: #0000ff;\"><strong>UN PROBLEMA DE ESTADO<\/strong><\/span><\/p>\n<p><strong>Dr. Miguel Alfonzo, PhD<\/strong><\/p>\n<p><em><strong>Resumen<\/strong><\/em><\/p>\n<p style=\"text-align: justify;\"><span style=\"color: #800000;\">El pasado diciembre (2019) se termin\u00f3 el diplomado \u201cEconom\u00eda Pol\u00edtica de la Salud\u201d, realizado durante varios meses en la sede del MPPS, dirigido por profesores de la UBV y de la UCS para autoridades de alto nivel del MPPS y sus entes adscritos, cuyos contenidos, enfoque y metodolog\u00eda fue de un nivel acad\u00e9mico significativamente alto, con profesores invitados de gran trayectoria en el sector salud y con densos conocimientos llevados a la praxis, buscando con esto la soberan\u00eda en salud de la poblaci\u00f3n venezolana.<\/span><\/p>\n<p style=\"text-align: justify;\"><span style=\"color: #800000;\">Quisiera hacer referencia a una de las sesiones (noviembre 2019) del mencionado diplomado, cuyo tema planteado por la ex ministra Luisana Melo merece ser divulgado, no solamente por las grandes controversias que existen sobre el t\u00f3pico, sino por su contenido, sumamente importante para el conocimiento publico, el cual fue expuesto magistralmente por la galena, con precisi\u00f3n en la informaci\u00f3n, basada en datos estad\u00edsticos, por lo que le dio fortaleza y rigurosidad. La conferencia dio enormes aportes para el debate e insumos para el desarrollo de la pol\u00edtica de salud en el pa\u00eds en relaci\u00f3n al tema.<\/span><\/p>\n<p style=\"text-align: justify;\"><span style=\"color: #800000;\">Me refiero al tema sobre el aseguramiento de la poblaci\u00f3n venezolana mediante la figura de la p\u00f3liza de riesgo de Hospitalizaci\u00f3n, Cirug\u00eda y Maternidad (HCM), que ha tenido el sector.<\/span><\/p>\n<p style=\"text-align: center;\"><a href=\"https:\/\/elvitraldelaciencia.org\/revista\/\/\/wp-content\/uploads\/2020\/12\/El-aseguramiento-HCM-que-no-garantiza-la-salud-en-Venezuela.pdf\">PDF<\/a><\/p>\n<p>&nbsp;<\/p>\n<p>&nbsp;<\/p>\n<p><span style=\"color: #0000ff;\"><strong>CORONAVIRUS:<\/strong><\/span><br \/>\n<span style=\"color: #0000ff;\"><strong>PREGUNTAS VIRALES Y RESPUESTAS TERAP\u00c9UTICAS<\/strong><\/span><\/p>\n<p><strong>Dr. Miguel Alfonzo, PhD<\/strong><\/p>\n<p><strong><em>Resumen<\/em><\/strong><\/p>\n<p style=\"text-align: justify;\"><span style=\"color: #800000;\">Iniciando el a\u00f1o nuevo, el mundo cient\u00edfico se enter\u00f3 de una noticia que caus\u00f3 mucho impacto, cuando el 02 de enero la cient\u00edfica estadounidense Frances Arnold, quien gan\u00f3 el Premio Nobel de Qu\u00edmica de 2018, retract\u00f3 su m\u00e1s reciente estudio (https:\/\/www.bbc.com\/mundo\/noticias-50993171). Arnold comparti\u00f3 el prestigioso premio con George P. Smith y Gregory Winter por su investigaci\u00f3n sobre las enzimas. Un estudio subsecuente sobre s\u00edntesis enzim\u00e1tica de beta-lactamasas fue publicado en la revista Science en mayo de 2019.<\/span><\/p>\n<p style=\"text-align: center;\"><a href=\"https:\/\/elvitraldelaciencia.org\/revista\/\/\/wp-content\/uploads\/2020\/12\/CORONAVIRUS.pdf\">PDF<\/a><\/p>\n<p>&nbsp;<\/p>\n<p>&nbsp;<\/p>\n<p style=\"text-align: center;\">\n","protected":false},"excerpt":{"rendered":"<p>&nbsp; &nbsp; &nbsp; Volumen 1, n\u00ba 1. PDF &nbsp; &nbsp; \u00a0\u00a0\u00a0\u00a0\u00a0\u00a0\u00a0\u00a0\u00a0\u00a0\u00a0\u00a0\u00a0\u00a0\u00a0\u00a0\u00a0\u00a0\u00a0\u00a0\u00a0\u00a0\u00a0\u00a0\u00a0\u00a0\u00a0\u00a0\u00a0\u00a0\u00a0 \u00a0\u00a0\u00a0\u00a0\u00a0\u00a0\u00a0\u00a0\u00a0\u00a0\u00a0 Principales art\u00edculos \u00bfINDUCCI\u00d3N INTENCIONAL DEL C\u00c1NCER? LA MUERTE DEL PRESIDENTE HUGO CH\u00c1VEZ FR\u00cdAS Dr. Carlos Aponte MSc. PhD.&hellip; <\/p>\n","protected":false},"author":1,"featured_media":363,"comment_status":"closed","ping_status":"closed","sticky":false,"template":"","format":"standard","meta":{"footnotes":""},"categories":[19],"tags":[],"class_list":["post-302","post","type-post","status-publish","format-standard","has-post-thumbnail","hentry","category-ojos-cien"],"_links":{"self":[{"href":"https:\/\/elvitraldelaciencia.org\/revista\/wp-json\/wp\/v2\/posts\/302","targetHints":{"allow":["GET"]}}],"collection":[{"href":"https:\/\/elvitraldelaciencia.org\/revista\/wp-json\/wp\/v2\/posts"}],"about":[{"href":"https:\/\/elvitraldelaciencia.org\/revista\/wp-json\/wp\/v2\/types\/post"}],"author":[{"embeddable":true,"href":"https:\/\/elvitraldelaciencia.org\/revista\/wp-json\/wp\/v2\/users\/1"}],"replies":[{"embeddable":true,"href":"https:\/\/elvitraldelaciencia.org\/revista\/wp-json\/wp\/v2\/comments?post=302"}],"version-history":[{"count":0,"href":"https:\/\/elvitraldelaciencia.org\/revista\/wp-json\/wp\/v2\/posts\/302\/revisions"}],"wp:featuredmedia":[{"embeddable":true,"href":"https:\/\/elvitraldelaciencia.org\/revista\/wp-json\/wp\/v2\/media\/363"}],"wp:attachment":[{"href":"https:\/\/elvitraldelaciencia.org\/revista\/wp-json\/wp\/v2\/media?parent=302"}],"wp:term":[{"taxonomy":"category","embeddable":true,"href":"https:\/\/elvitraldelaciencia.org\/revista\/wp-json\/wp\/v2\/categories?post=302"},{"taxonomy":"post_tag","embeddable":true,"href":"https:\/\/elvitraldelaciencia.org\/revista\/wp-json\/wp\/v2\/tags?post=302"}],"curies":[{"name":"wp","href":"https:\/\/api.w.org\/{rel}","templated":true}]}}