{"id":3082,"date":"2023-04-21T10:56:54","date_gmt":"2023-04-21T14:56:54","guid":{"rendered":"https:\/\/elvitraldelaciencia.org\/revista\/\/?p=3082"},"modified":"2023-04-21T10:56:54","modified_gmt":"2023-04-21T14:56:54","slug":"el-vitral-de-la-ciencia-vol-3-n-4-2023","status":"publish","type":"post","link":"https:\/\/elvitraldelaciencia.org\/revista\/el-vitral-de-la-ciencia-vol-3-n-4-2023\/","title":{"rendered":"El Vitral de la Ciencia. Vol 3. N\u00b0 4: (2023)"},"content":{"rendered":"<p><span style=\"color: #0000ff;\"><strong><img loading=\"lazy\" decoding=\"async\" class=\"alignleft size-medium wp-image-3083\" src=\"https:\/\/elvitraldelaciencia.org\/revista\/\/wp-content\/uploads\/2023\/04\/portada-1-211x300.png\" alt=\"\" width=\"211\" height=\"300\" srcset=\"https:\/\/elvitraldelaciencia.org\/revista\/wp-content\/uploads\/2023\/04\/portada-1-211x300.png 211w, https:\/\/elvitraldelaciencia.org\/revista\/wp-content\/uploads\/2023\/04\/portada-1.png 620w\" sizes=\"auto, (max-width: 211px) 100vw, 211px\" \/>Vol 3 (4). A\u00f1o 2023<\/strong><\/span><\/p>\n<p>&nbsp;<\/p>\n<p><strong><a href=\"https:\/\/drive.google.com\/file\/d\/1jKQOg6N9LM9SGP8rDFllgW80GZWCBTmk\/view?usp=share_link\">Ver revista completa<\/a><\/strong><\/p>\n<p>&nbsp;<\/p>\n<p>&nbsp;<\/p>\n<p>&nbsp;<\/p>\n<p>&nbsp;<\/p>\n<p>&nbsp;<\/p>\n<p>&nbsp;<\/p>\n<p><span style=\"font-size: 14pt; color: #800000;\"><strong><img loading=\"lazy\" decoding=\"async\" class=\"alignleft  wp-image-3075\" src=\"https:\/\/elvitraldelaciencia.org\/revista\/\/wp-content\/uploads\/2023\/04\/art-alexandra-2-197x300.jpg\" alt=\"\" width=\"233\" height=\"355\" srcset=\"https:\/\/elvitraldelaciencia.org\/revista\/wp-content\/uploads\/2023\/04\/art-alexandra-2-197x300.jpg 197w, https:\/\/elvitraldelaciencia.org\/revista\/wp-content\/uploads\/2023\/04\/art-alexandra-2.jpg 391w\" sizes=\"auto, (max-width: 233px) 100vw, 233px\" \/>LA UNIVERSIDAD QUE ASPIRAMOS<br \/>\n<span style=\"font-size: 12pt; color: #000000;\">Por Dr. Alexandra Mulino<\/span><\/strong><\/span><\/p>\n<p><strong>Elecciones en la UCV hoy<\/strong><br \/>\nSin entrar en detalles respecto de si tenemos m\u00e1s de diez a\u00f1os sin elecciones universitarias \u2212entre otros problemas suscitados por esa decisi\u00f3n jur\u00eddico-administrativa\u2212 a pesar del triunfo en t\u00e9rminos de participaci\u00f3n de las bases en los comicios, este hecho pol\u00edtico, ideol\u00f3gico y administrativo se llevar\u00e1 adelante en un marco geopol\u00edtico unipolar, dominado por el hegem\u00f3n estadounidense, bajo la \u00e9gida de las grandes corporaciones financieras sin rostro humano, asunto que debe movilizar a las izquierdas revolucionarias de la UCV en contra del pragmatismo pol\u00edtico y a favor de una revoluci\u00f3n pedag\u00f3gico-curricular que desmonte la racionalidad angloc\u00e9ntrica, la cultura del latifundio y del petr\u00f3leo que a\u00fan dominan la l\u00f3gica de la investigaci\u00f3n y las pr\u00e1cticas administrativas en la universidad; si bien, hoy en d\u00eda, bajo un peligro inminente: la aspiraci\u00f3n de los sectores ultraconservadores por el poder<\/p>\n<p>&nbsp;<\/p>\n<p>&nbsp;<\/p>\n<p>&nbsp;<\/p>\n<p><span style=\"font-size: 14pt; color: #800000;\"><strong><img loading=\"lazy\" decoding=\"async\" class=\"alignleft  wp-image-3077\" src=\"https:\/\/elvitraldelaciencia.org\/revista\/\/wp-content\/uploads\/2023\/04\/art-alba-300x200.jpg\" alt=\"\" width=\"500\" height=\"333\" srcset=\"https:\/\/elvitraldelaciencia.org\/revista\/wp-content\/uploads\/2023\/04\/art-alba-300x200.jpg 300w, https:\/\/elvitraldelaciencia.org\/revista\/wp-content\/uploads\/2023\/04\/art-alba-1024x683.jpg 1024w, https:\/\/elvitraldelaciencia.org\/revista\/wp-content\/uploads\/2023\/04\/art-alba-768x512.jpg 768w, https:\/\/elvitraldelaciencia.org\/revista\/wp-content\/uploads\/2023\/04\/art-alba-1536x1024.jpg 1536w, https:\/\/elvitraldelaciencia.org\/revista\/wp-content\/uploads\/2023\/04\/art-alba-2048x1366.jpg 2048w\" sizes=\"auto, (max-width: 500px) 100vw, 500px\" \/>Algunas reflexiones sobre las elecciones en la UCV<\/strong><\/span><br \/>\n<strong>Por Dra Alba Carosio<\/strong><\/p>\n<p>Despu\u00e9s de 15 a\u00f1os, el viernes 26 de mayo tendremos elecciones generales en la Universidad Central de Venezuela.<\/p>\n<p>En 2010, el Tribunal Supremo de Justicia suspendi\u00f3 las elecciones en las universidades aut\u00f3nomas hasta tanto se elaborar\u00e1 un nuevo reglamento electoral, porque consider\u00f3 que sus reglamentos no cumpl\u00edan con el llamado a votaci\u00f3n en el cual todos los sectores que integran la universidad tienen el mismo peso en el evento, lo que com\u00fanmente se conoce como \u201cel 1 a 1\u201d. En agosto de 2019, una nueva sentencia del TSJ traz\u00f3 la ruta electoral de igualdad de condiciones con base en cinco registros electorales, la que inclu\u00eda a los docentes, administrativos, obreros, estudiantes y egresados, y en 2020 conmin\u00f3 la elaboraci\u00f3n de nuevos reglamentos electorales y realizaci\u00f3n de elecciones.<\/p>\n<p>Diferentes movimientos de profesores de distintas tendencias, coincid\u00edan desde hace varios a\u00f1os en la necesidad de realizar elecciones e incluso en la necesidad de ampliar los registros electorales con los diversos sectores de trabajo que integran la vida universitaria. Las diferencias estaban en la modalidad: a) uno por uno; b) representatividad y peso por sectores. Una mayor\u00eda de docentes se inclinaba por esta segunda opci\u00f3n, puesto que el sistema de 1 x1 ser\u00eda poner totalmente en manos del sector estudiantil la elecci\u00f3n, ya que num\u00e9ricamente hay m\u00e1s de 10 estudiantes por cada profesor o empleado, sin considerar adem\u00e1s que el sector obrero es completamente minoritario.<\/p>\n<p>El 20 de julio de 2022 el Consejo Universitario aprob\u00f3 el Reglamento transitorio para la elecci\u00f3n de Rector, Vicerrectores, Secretario, Decanos y Representantes Profesorales, donde se indica la participaci\u00f3n de los sectores profesoral -cualquier escalaf\u00f3n (50 %), estudiantil (25 %), empleados (10 %), obreros (10 %) y egresados (5 %). Se trata de un reglamento que se usar\u00e1 solamente para estas elecciones.<\/p>\n<p>&nbsp;<\/p>\n<p><span style=\"font-size: 14pt; color: #800000;\"><strong><img loading=\"lazy\" decoding=\"async\" class=\"alignleft  wp-image-3078\" src=\"https:\/\/elvitraldelaciencia.org\/revista\/\/wp-content\/uploads\/2023\/04\/art-romulo-300x207.jpg\" alt=\"\" width=\"374\" height=\"258\" srcset=\"https:\/\/elvitraldelaciencia.org\/revista\/wp-content\/uploads\/2023\/04\/art-romulo-300x207.jpg 300w, https:\/\/elvitraldelaciencia.org\/revista\/wp-content\/uploads\/2023\/04\/art-romulo.jpg 564w\" sizes=\"auto, (max-width: 374px) 100vw, 374px\" \/>UNIVERSIDAD AUT\u00d3NOMA<\/strong><\/span><br \/>\n<span style=\"color: #3366ff;\"><strong>Y SU ROL POL\u00cdTICO<br \/>\n<span style=\"color: #000000;\">Por Dr. R\u00f3mulo Orta<\/span><\/strong><\/span><\/p>\n<p>Son varios los hechos de la realidad actual de la Universidad Central de Venezuela (UCV) que nos permiten predecir que nuestra aut\u00f3noma universidad se aproxima a un estado de transici\u00f3n.<\/p>\n<p>En ese sentido, lo m\u00e1s relevante es el inter\u00e9s que se est\u00e1 despertando entre los ucevistas para hacer valer y concretar mayores potencialidades de desarrollo de las cuatro dimensiones de la autonom\u00eda universitaria prevista en el art\u00edculo 109 de la Constituci\u00f3n de la Rep\u00fablica Bolivariana de Venezuela y en el art\u00edculo noveno de la vigente Ley de Universidades; llamando mucho la atenci\u00f3n que hayan tenido que transcurrir los a\u00f1os comprendidos entre 1958 y 2023 para que los universitarios nos empecemos a dar cuenta de que las nociones de Autonom\u00eda Universitaria e Inviolabilidad del Recinto Universitario est\u00e1n relacionadas pero no significan lo mismo; la confusi\u00f3n lleg\u00f3 al extremo de considerar que el ingreso de fuerzas policiales o militares al campus universitario constitu\u00eda una vulneraci\u00f3n al r\u00e9gimen auton\u00f3mico universitario, lo cual tuvo la grav\u00edsima consecuencia de que entre 1958 y 2023 hayan sido muy precarios y sin el fuerte aliento necesario los empe\u00f1os en defender la autonom\u00eda universitaria a partir del desarrollo verdadero de las cuatro dimensiones de la autonom\u00eda universitaria prevista en la Ley de Universidades desde 1958; ellas son: autonom\u00edas acad\u00e9mica, autonom\u00eda econ\u00f3mica y financiera, autonom\u00eda organizativa y autonom\u00eda administrativa.<\/p>\n<p>&nbsp;<\/p>\n<p><span style=\"font-size: 14pt; color: #800000;\"><strong><img loading=\"lazy\" decoding=\"async\" class=\"alignleft  wp-image-3079\" src=\"https:\/\/elvitraldelaciencia.org\/revista\/\/wp-content\/uploads\/2023\/04\/art-miguel-1-198x300.jpg\" alt=\"\" width=\"241\" height=\"365\" srcset=\"https:\/\/elvitraldelaciencia.org\/revista\/wp-content\/uploads\/2023\/04\/art-miguel-1-198x300.jpg 198w, https:\/\/elvitraldelaciencia.org\/revista\/wp-content\/uploads\/2023\/04\/art-miguel-1.jpg 564w\" sizes=\"auto, (max-width: 241px) 100vw, 241px\" \/>PREGUNTAS A LOS CANDIDATOS<br \/>\n<span style=\"color: #000000; font-size: 12pt;\">Por Dr. Miguel Alfonzo<\/span><\/strong><\/span><\/p>\n<p>En la universidad, el debate, de las ideas, la discusi\u00f3n de los temas cient\u00edficos y problem\u00e1ticas que vive el pa\u00eds, el desarrollo de foros sobre la ciencia, las humanidades y las artes son actividades rutinarias, entre otras, en los espacios acad\u00e9micos que existen en su seno y las defensas de tesis. Estas actividades esenciales de la universidad, permiten escudri\u00f1ar las nuevas hip\u00f3tesis, las aclaratorias necesarias, vislumbrar nuevos aprendizajes, la evaluaci\u00f3n en las defensas de las tesis, encontrar contradicciones o nuevos elementos para la consolidaci\u00f3n de los conocimientos, fortaleciendo a los futuros profesionales en formaci\u00f3n y a los profesores en un cont\u00ednuo intercambio y avance de saberes, que indudablemente influir\u00e1n en el desarrollo del pais. Ese es el pan de cada dia.<\/p>\n<p>En este art\u00edculo voy a exponer una serie de preguntas a los candidatos rectorales de la UCV, cuyas tem\u00e1ticas pienso que son pertinentes para los tiempos que vive la UCV, y las cuales deben ser parte del debate. Es importante se\u00f1alar que, para el momento de redactar el art\u00edculo, a\u00fan no est\u00e1n inscritos ante la Comisi\u00f3n Electoral de esta universidad los candidatos que aspiran ocupar la silla de Vargas y las sillas vecinas de los decanatos en las megaelecciones de esta casa de estudio, convocadas para el 26 de mayo. Es m\u00e1s, puedo correr el riesgo en que, al momento de salir este n\u00famero de la revista, est\u00e9n suspendidas estas elecciones por el TSJ ante un recurso de amparo que haya introducido un miembro de la comunidad que sienta que le han violentado sus derechos, debido al controvertido reglamento electoral provisorio, recientemente aprobado por el Consejo Universitario (CU), o una mano peluda que haya saboteado estos comicios electorales por intereses muy oscuros. Sin embargo, me arriesgar\u00e9, porque considero que los temas que voy a tratar a continuaci\u00f3n son permanentes ante la realidad que estamos viviendo como universitarios y como parte del pa\u00eds.<\/p>\n<p>&nbsp;<\/p>\n<p><span style=\"color: #800000;\"><strong><span style=\"font-size: 14pt;\"><img loading=\"lazy\" decoding=\"async\" class=\"alignleft size-medium wp-image-3080\" src=\"https:\/\/elvitraldelaciencia.org\/revista\/\/wp-content\/uploads\/2023\/04\/pinguino-199x300.png\" alt=\"\" width=\"199\" height=\"300\" srcset=\"https:\/\/elvitraldelaciencia.org\/revista\/wp-content\/uploads\/2023\/04\/pinguino-199x300.png 199w, https:\/\/elvitraldelaciencia.org\/revista\/wp-content\/uploads\/2023\/04\/pinguino.png 563w\" sizes=\"auto, (max-width: 199px) 100vw, 199px\" \/>\u00bfPING\u00dcINOS<\/span> EN VENEZUELA?<\/strong><\/span><br \/>\n<span style=\"color: #3366ff;\"><strong>Entre lo verdadero y lo falso<\/strong><\/span><\/p>\n<p><strong>Por Lic. Eder Pe\u00f1a<\/strong><\/p>\n<p>Por esas cosas que pasan en las redes, un video en el que un grupo de ping\u00fcinos paseaba placenteramente por la arena termin\u00f3 causando revuelo en 2020. Un amigo le dijo a una usuaria de la red Twitter que fue hecho en El Pico, playa muy concurrida de Paraguan\u00e1, en la v\u00eda a Boca de Jacuque, estado Falc\u00f3n &lt;https:\/\/twitter.com\/arenmgi\/status\/1304846052491759619?s=20&gt;<\/p>\n<p>Se trataba de im\u00e1genes tomadas en junio de 2019 por el profesor Michael Kerwin en la surafricana Boulders Beach, cerca de Ciudad del Cabo, donde habitan poblaciones de Spheniscus demersus. No toda la arena del mundo est\u00e1 en Paraguan\u00e1, aunque a veces lo parezca.<\/p>\n<p>Los ping\u00fcinos africanos son una de las cuatro especies del g\u00e9nero Spheniscus. Miden entre 45 y 70 cent\u00edmetros, y pueden llegar a pesar 5 kilos. Nadie podr\u00eda creer que en Paraguan\u00e1 pasear\u00edan estas aves con tanta tranquilidad pero.. \u00bfY en Maracaibo? Veamos:<\/p>\n<p>&nbsp;<\/p>\n<p>&nbsp;<\/p>\n<p>&nbsp;<\/p>\n","protected":false},"excerpt":{"rendered":"<p>Vol 3 (4). A\u00f1o 2023 &nbsp; Ver revista completa &nbsp; &nbsp; &nbsp; &nbsp; &nbsp; &nbsp; LA UNIVERSIDAD QUE ASPIRAMOS Por Dr. Alexandra Mulino Elecciones en la UCV hoy Sin entrar&hellip; <\/p>\n","protected":false},"author":2,"featured_media":3083,"comment_status":"closed","ping_status":"closed","sticky":false,"template":"","format":"standard","meta":{"footnotes":""},"categories":[11,22,18],"tags":[],"class_list":["post-3082","post","type-post","status-publish","format-standard","has-post-thumbnail","hentry","category-destacado","category-vitral","category-porta"],"_links":{"self":[{"href":"https:\/\/elvitraldelaciencia.org\/revista\/wp-json\/wp\/v2\/posts\/3082","targetHints":{"allow":["GET"]}}],"collection":[{"href":"https:\/\/elvitraldelaciencia.org\/revista\/wp-json\/wp\/v2\/posts"}],"about":[{"href":"https:\/\/elvitraldelaciencia.org\/revista\/wp-json\/wp\/v2\/types\/post"}],"author":[{"embeddable":true,"href":"https:\/\/elvitraldelaciencia.org\/revista\/wp-json\/wp\/v2\/users\/2"}],"replies":[{"embeddable":true,"href":"https:\/\/elvitraldelaciencia.org\/revista\/wp-json\/wp\/v2\/comments?post=3082"}],"version-history":[{"count":0,"href":"https:\/\/elvitraldelaciencia.org\/revista\/wp-json\/wp\/v2\/posts\/3082\/revisions"}],"wp:featuredmedia":[{"embeddable":true,"href":"https:\/\/elvitraldelaciencia.org\/revista\/wp-json\/wp\/v2\/media\/3083"}],"wp:attachment":[{"href":"https:\/\/elvitraldelaciencia.org\/revista\/wp-json\/wp\/v2\/media?parent=3082"}],"wp:term":[{"taxonomy":"category","embeddable":true,"href":"https:\/\/elvitraldelaciencia.org\/revista\/wp-json\/wp\/v2\/categories?post=3082"},{"taxonomy":"post_tag","embeddable":true,"href":"https:\/\/elvitraldelaciencia.org\/revista\/wp-json\/wp\/v2\/tags?post=3082"}],"curies":[{"name":"wp","href":"https:\/\/api.w.org\/{rel}","templated":true}]}}