{"id":3179,"date":"2023-09-21T11:22:45","date_gmt":"2023-09-21T15:22:45","guid":{"rendered":"https:\/\/elvitraldelaciencia.org\/revista\/\/?p=3179"},"modified":"2024-08-23T17:49:27","modified_gmt":"2024-08-23T21:49:27","slug":"el-vitral-de-la-ciencia-vol-3-n-9-2023","status":"publish","type":"post","link":"https:\/\/elvitraldelaciencia.org\/revista\/el-vitral-de-la-ciencia-vol-3-n-9-2023\/","title":{"rendered":"El Vitral de la Ciencia. Vol 3. N\u00b0 9 (2023)"},"content":{"rendered":"<p><span style=\"color: #0000ff;\"><strong><img loading=\"lazy\" decoding=\"async\" class=\"alignleft size-medium wp-image-3180\" src=\"https:\/\/elvitraldelaciencia.org\/revista\/\/wp-content\/uploads\/2023\/09\/portada-211x300.png\" alt=\"\" width=\"211\" height=\"300\" srcset=\"https:\/\/elvitraldelaciencia.org\/revista\/wp-content\/uploads\/2023\/09\/portada-211x300.png 211w, https:\/\/elvitraldelaciencia.org\/revista\/wp-content\/uploads\/2023\/09\/portada.png 621w\" sizes=\"auto, (max-width: 211px) 100vw, 211px\" \/><\/strong><\/span><\/p>\n<p><span style=\"color: #800000;\"><strong>Vol 3. (9). A\u00f1o 2023<\/strong><\/span><\/p>\n<p>&nbsp;<\/p>\n<p><span style=\"font-family: tahoma, arial, helvetica, sans-serif;\"><strong><span style=\"color: #800000;\"> <a href=\"https:\/\/drive.google.com\/file\/d\/19hq8J859f_WjAlhv8JsHCnC71TI1voKG\/view?usp=sharing\">Ver Revista completa<\/a>\u00a0<\/span><\/strong><\/span><\/p>\n<p>&nbsp;<\/p>\n<p>&nbsp;<\/p>\n<p>&nbsp;<\/p>\n<p>&nbsp;<\/p>\n<p>&nbsp;<\/p>\n<p>&nbsp;<\/p>\n<p><span style=\"color: #800000;\"><strong><span style=\"font-size: 14pt;\"><img loading=\"lazy\" decoding=\"async\" class=\"alignleft size-medium wp-image-3181\" src=\"https:\/\/elvitraldelaciencia.org\/revista\/\/wp-content\/uploads\/2023\/09\/art-alba-4-300x192.png\" alt=\"\" width=\"300\" height=\"192\" srcset=\"https:\/\/elvitraldelaciencia.org\/revista\/wp-content\/uploads\/2023\/09\/art-alba-4-300x192.png 300w, https:\/\/elvitraldelaciencia.org\/revista\/wp-content\/uploads\/2023\/09\/art-alba-4-768x491.png 768w, https:\/\/elvitraldelaciencia.org\/revista\/wp-content\/uploads\/2023\/09\/art-alba-4.png 980w\" sizes=\"auto, (max-width: 300px) 100vw, 300px\" \/>ORIGEN Y DESTINO<\/span> DE LA VIOLENCIA<\/strong><\/span><br \/>\n<span style=\"color: #3366ff;\"><strong>CONTRA LAS MUJERES<\/strong><br \/>\n<\/span><strong>Por Dra. Alba Carosio<\/strong><\/p>\n<p>Las ideas sobre la \u201cinferioridad natural\u201d de las mujeres tienen una historia documentada de m\u00e1s de cinco mil a\u00f1os; la indocumentada se remonta posiblemente a los or\u00edgenes de la especie. Las tradiciones, griega, hebrea y cristiana coinciden en culpar a una mujer de los males del mundo: Pandora, Lilith y Eva; en los tres mitos creacionistas son estas mujeres las que traen los males a la humanidad, estos relatos originarios no son los \u00fanicos, pero han sido los m\u00e1s imperiales postulan que el mal surge en el mundo, por el comportamiento femenino: Pandora abri\u00f3 la caja y los males escaparon por la tierra; Lilith en el relato hebreo y mesopot\u00e1mico es el demonio femenino asociado a las tempestades, era portadora de desgracia, enfermedad y muerte; Eva comi\u00f3 el fruto prohibido del \u00e1rbol del conocimiento del bien y del mal y as\u00ed conden\u00f3 a la humanidad.<\/p>\n<p>&nbsp;<\/p>\n<p><strong><img loading=\"lazy\" decoding=\"async\" class=\"alignleft wp-image-3182\" src=\"https:\/\/elvitraldelaciencia.org\/revista\/\/wp-content\/uploads\/2023\/09\/art-luisa-14-300x166.png\" alt=\"\" width=\"539\" height=\"298\" srcset=\"https:\/\/elvitraldelaciencia.org\/revista\/wp-content\/uploads\/2023\/09\/art-luisa-14-300x166.png 300w, https:\/\/elvitraldelaciencia.org\/revista\/wp-content\/uploads\/2023\/09\/art-luisa-14-768x425.png 768w, https:\/\/elvitraldelaciencia.org\/revista\/wp-content\/uploads\/2023\/09\/art-luisa-14.png 983w\" sizes=\"auto, (max-width: 539px) 100vw, 539px\" \/>ENTREVISTAS:<\/strong><br \/>\n<span style=\"font-size: 14pt; color: #800000;\"><strong>MIRADAS FEMENINAS&#8230;<\/strong><\/span><br \/>\n<span style=\"color: #3366ff;\"><strong>A\u00d1OS DE LUCHA CONTRA LA VIOLENCIA DE LA MUJER<\/strong><\/span><br \/>\n<strong>Por Lic. Luisa Rodr\u00edguez Andarcia<br \/>\n<\/strong><\/p>\n<p>El pre\u00e1mbulo necesario:<\/p>\n<p>Desde el a\u00f1o 1989, Venezuela asiste a un proceso de transformaci\u00f3n estructural que ha incidido en todos los ejes funcionales y determinantes del Universo Pa\u00eds, institucionalizando una corriente hist\u00f3rica que ven\u00eda gest\u00e1ndose, a trav\u00e9s de la activaci\u00f3n del Poder Constituyente, la construcci\u00f3n de una norma fundamental aprobada por la mayor\u00eda de la poblaci\u00f3n, la Constituci\u00f3n de la Rep\u00fablica Bolivariana de Venezuela, instrumento jur\u00eddico en el que se fundamenta la raz\u00f3n de ser del proceso pol\u00edtico liderado por Hugo Ch\u00e1vez Fr\u00edas, a partir de 1998, cuando es electo Presidente de Venezuela por abrumadora mayor\u00eda del pueblo. Esta propuesta de cambio social, econ\u00f3mica y pol\u00edtica se enmarca en la doctrina y el pensamiento bolivariano por la integraci\u00f3n internacional latinoamericana, antiimperialista e igualdad de derechos, deberes y oportunidades para todos los ciudadanos y ciudadanas; afirmando de esta manera, los principios de justicia social y redistribuci\u00f3n equitativa de las riquezas, como eje angular de la acci\u00f3n de la revoluci\u00f3n Bolivariana.<\/p>\n<p>En este mismo marco pol\u00edtico y legal de la construcci\u00f3n de una nueva sociedad, los sectores sociales que m\u00e1s se empoderan y apropian de los avances de la revoluci\u00f3n es el de las mujeres venezolanas y el de los ni\u00f1os, ni\u00f1as y adolescentes. En ese sentido, una de las primeras decisiones del Presidente Hugo Ch\u00e1vez es la entrada en vigencia de la Ley Org\u00e1nica para la Protecci\u00f3n de Ni\u00f1os y Adolescentes con la finalidad de garantizar los derechos de la prioridad absoluta de nuestra Rep\u00fablica; la infancia, cre\u00e1ndose todo el sistema nacional de protecci\u00f3n, desde el municipio hasta el nivel central.<\/p>\n<p>&nbsp;<\/p>\n<p><span style=\"color: #800000;\"><strong><span style=\"font-size: 14pt;\"><img loading=\"lazy\" decoding=\"async\" class=\"alignleft wp-image-3183\" src=\"https:\/\/elvitraldelaciencia.org\/revista\/\/wp-content\/uploads\/2023\/09\/art-lesbia-153x300.png\" alt=\"\" width=\"246\" height=\"482\" \/>ACOMPA\u00d1AMIENTO<\/span> AMOROSO Y AFECTIVO.<\/strong><\/span><br \/>\n<span style=\"color: #3366ff;\"><strong>COMO RESPUESTA A LA VIOLENCIA DE G\u00c9NERO<\/strong><\/span><br \/>\n<strong>Por Isabel G\u00f3mez M. y Lesbia Muro L.<\/strong><\/p>\n<p>El acompa\u00f1amiento amoroso y afectivo es un fen\u00f3meno colectivo reciente en Venezuela, una estrategia feminista para la defensa del derecho a vidas libres de violencia. Entre los a\u00f1os 2018 y 2019, diversas colectivas feministas compuestas por profesionales en derecho, psicolog\u00eda, antropolog\u00eda y trabajo social, estudiantes y artistas comprometidas con la superaci\u00f3n de la cultura machista, dieron origen al Voluntariado Mayell Hern\u00e1ndez, en homenaje a dicha militante v\u00edctima de feminicidio.<\/p>\n<p>El acompa\u00f1amiento amoroso y afectivo a mujeres, ni\u00f1es y adolescentes en situaci\u00f3n de violencia, cumple con los objetivos de sensibilizaci\u00f3n y orientaci\u00f3n en las comunidades, para definir las tradiciones, discursos y pr\u00e1cticas sociales asociadas a la reproducci\u00f3n del sistema patriarcal, tanto en sus dimensiones directas y m\u00e1s visibles, como sus dimensiones estructurales y menos visibles.<\/p>\n<p>Las \u00e1reas de especialidad donde se inscribe el planteamiento son la antropolog\u00eda del g\u00e9nero, involucrando nociones de parentesco en la sociedad venezolana; la teor\u00eda feminista, tambi\u00e9n denominada estudios de la mujer, de car\u00e1cter multidisciplinario, que define al g\u00e9nero como la interpretaci\u00f3n hist\u00f3rica y cultural de los grupos humanos sobre la diferenciaci\u00f3n sexual; la ling\u00fc\u00edstica y el an\u00e1lisis del discurso, en la construcci\u00f3n de actos del habla considerados transgresores de la l\u00f3gica patriarcal cuya imperancia se busca desmontar.<\/p>\n<p><strong>\u00a0<\/strong><\/p>\n<p>&nbsp;<\/p>\n<p>&nbsp;<\/p>\n<p><span style=\"font-size: 14pt; color: #800000;\"><strong><img loading=\"lazy\" decoding=\"async\" class=\"alignleft wp-image-3184\" src=\"https:\/\/elvitraldelaciencia.org\/revista\/\/wp-content\/uploads\/2023\/09\/art-miguel-5-300x200.jpg\" alt=\"\" width=\"531\" height=\"354\" srcset=\"https:\/\/elvitraldelaciencia.org\/revista\/wp-content\/uploads\/2023\/09\/art-miguel-5-300x200.jpg 300w, https:\/\/elvitraldelaciencia.org\/revista\/wp-content\/uploads\/2023\/09\/art-miguel-5.jpg 564w\" sizes=\"auto, (max-width: 531px) 100vw, 531px\" \/>LA GRAVEDAD EN LA VIOLENCIA CONTRA LA PAREJA:<\/strong><\/span><br \/>\n<span style=\"color: #3366ff;\"><strong>LA PERCEPCI\u00d3N EN LA COMUNICACI\u00d3N DE LA DENUNCIA<br \/>\n<\/strong><\/span><strong>Por Dr. Miguel Alfonzo<\/strong><\/p>\n<p>INTRODUCCI\u00d3N<br \/>\nAl reflexionar como tratar el tema para el dossier de este n\u00famero de la revista, me cost\u00f3 un tiempo prolongado en precisarlo, no solo por el tema ya complejo y controversial en s\u00ed, sino, por evitar caer en lugares comunes, decir lo que est\u00e1 dicho, lo repetitivo. Y de repente, me lleg\u00f3 la musa&#8230;<\/p>\n<p>Lo primero que debo decir, es que el objetivo del art\u00edculo es que ayude significativamente a la persona que ha sufrido la violencia, pero de forma indirecta. Me explico. El contenido del art\u00edculo est\u00e1 dirigido especialmente para el personal profesional que son los responsables de levantar el expediente y todo el proceso de la denuncia de la victima, con el prop\u00f3sito que logre con mayor probabilidad de obtener justicia en las instituciones pertinentes al caso.<\/p>\n<p>Para ello, voy a enfocar el tema sobre lo importante que es la comunicaci\u00f3n precisa para denunciar y procesar la gravedad de la violencia en las relaciones \u00edntimas, debido a que es esencial para la evaluaci\u00f3n adecuada de los agresores y las v\u00edctimas en contextos como los juicios judiciales, los casos de custodia y la continuaci\u00f3n de las relaciones.<\/p>\n<p>La violencia en las relaciones interpersonales, tanto f\u00edsica como psicol\u00f3gica, se comunica continuamente entre las personas que experimentan violencia y las personas que eval\u00faan su gravedad. Una pregunta crucial aqu\u00ed es si el experimentador y el evaluador est\u00e1n de acuerdo sobre la gravedad de la violencia. Un mal acuerdo podr\u00eda tener fuertes implicaciones para los involucrados. Una sobreestimaci\u00f3n de la violencia puede tener implicaciones legales o interpersonales para el agresor, mientras que una subestimaci\u00f3n puede ignorar los riesgos para la v\u00edctima. Se han realizado pocos estudios controlados sobre el grado de desajuste en la comunicaci\u00f3n de la violencia interpersonal de pareja (VIP).<\/p>\n<p>Gran parte de lo que se va exponer se bas\u00f3 en un estudio recientemente publicado (Sikstr\u00f6m, S., Dahl, M.,2023), cuyos resultados considero que son de suma importancia para el objetivo planteado en este art\u00edculo, los cuales se reflejar\u00e1n en la \u00faltima parte de este articulo.<\/p>\n<p>Adem\u00e1s, ese estudio sugiere un m\u00e9todo para medir las diferencias de percepci\u00f3n en la gravedad de la VIP, donde se comparan eventos autobiogr\u00e1ficos de VIP f\u00edsica, sexual y psicol\u00f3gica de testigos masculinos y femeninos. Sin embargo, antes de entrar al estudio, es necesario revisar algunos conceptos b\u00e1sicos.<\/p>\n<p>&nbsp;<\/p>\n<p><span style=\"font-size: 14pt; color: #800000;\"><strong><img loading=\"lazy\" decoding=\"async\" class=\"alignleft wp-image-3185\" src=\"https:\/\/elvitraldelaciencia.org\/revista\/\/wp-content\/uploads\/2023\/09\/art-eder-300x199.png\" alt=\"\" width=\"516\" height=\"342\" srcset=\"https:\/\/elvitraldelaciencia.org\/revista\/wp-content\/uploads\/2023\/09\/art-eder-300x199.png 300w, https:\/\/elvitraldelaciencia.org\/revista\/wp-content\/uploads\/2023\/09\/art-eder-768x510.png 768w, https:\/\/elvitraldelaciencia.org\/revista\/wp-content\/uploads\/2023\/09\/art-eder.png 984w\" sizes=\"auto, (max-width: 516px) 100vw, 516px\" \/>LA HUMANIDAD <\/strong><\/span><br \/>\n<span style=\"font-size: 14pt; color: #800000;\"><strong>Y LOS SUELOS EST\u00c1N EN UNA RELACI\u00d3N DE AMOR Y DE DOLOR&#8230;<\/strong><\/span><br \/>\n<span style=\"color: #3366ff;\"><strong>Nueve Preguntas Pertinentes<br \/>\n<span style=\"color: #000000;\">Por Lic Eder Pe\u00f1a<\/span><\/strong><\/span><\/p>\n<p>Imaginemos un megasistema que cubra 117 millones de kil\u00f3metros cuadrados del planeta, que respire, soporte organismos vegetales, animales de varios tama\u00f1os y que, adem\u00e1s, contenga tres fases de la materia: s\u00f3lida, l\u00edquida y gaseosa. Si no es un mega organismo se parece igualito\u2026 pero le llamamos \u201csuelo\u201d.<\/p>\n<p>\u00bfQu\u00e9 se suele decir del suelo?<br \/>\nSe le llama \u201csistema\u201d al suelo porque se trata de una capa que cubre m\u00e1s del 90% de la superficie terrestre del planeta Tierra (130 millones de Km2), se forma a a partir de energ\u00eda y materia que se a\u00f1ade, se pierde, se trasloca y se transforma. No se trata s\u00f3lo de polvo y minerales, sino que la mencionada capa posee ecosistemas vivos y din\u00e1micos.<br \/>\nEl suelo se diferencia del material del cual se deriva, llamado parental, en varias propiedades y caracter\u00edsticas f\u00edsicas, qu\u00edmicas, biol\u00f3gicas y morfol\u00f3gicas\u2026 siempre se transforma. En sus pocos cent\u00edmetros (desde menos de 1 hasta 300 aproximadamente) se encuentran los reinos vegetal y animal con el mundo mineral y establecen con \u00e9l una relaci\u00f3n din\u00e1mica. Cada suelo ha estado sometido a la influencia de factores gen\u00e9ticos y ambientales como el material parental, clima, macro y microorganismos y topograf\u00eda, todos actuando durante un lapso de tiempo y generando un resultado (Infoagro, s.f.).<\/p>\n","protected":false},"excerpt":{"rendered":"<p>Vol 3. (9). A\u00f1o 2023 &nbsp; Ver Revista completa\u00a0 &nbsp; &nbsp; &nbsp; &nbsp; &nbsp; &nbsp; ORIGEN Y DESTINO DE LA VIOLENCIA CONTRA LAS MUJERES Por Dra. Alba Carosio Las ideas&hellip; <\/p>\n","protected":false},"author":2,"featured_media":3180,"comment_status":"closed","ping_status":"closed","sticky":false,"template":"","format":"standard","meta":{"footnotes":""},"categories":[11,22,18,21],"tags":[],"class_list":["post-3179","post","type-post","status-publish","format-standard","has-post-thumbnail","hentry","category-destacado","category-vitral","category-porta","category-publi"],"_links":{"self":[{"href":"https:\/\/elvitraldelaciencia.org\/revista\/wp-json\/wp\/v2\/posts\/3179","targetHints":{"allow":["GET"]}}],"collection":[{"href":"https:\/\/elvitraldelaciencia.org\/revista\/wp-json\/wp\/v2\/posts"}],"about":[{"href":"https:\/\/elvitraldelaciencia.org\/revista\/wp-json\/wp\/v2\/types\/post"}],"author":[{"embeddable":true,"href":"https:\/\/elvitraldelaciencia.org\/revista\/wp-json\/wp\/v2\/users\/2"}],"replies":[{"embeddable":true,"href":"https:\/\/elvitraldelaciencia.org\/revista\/wp-json\/wp\/v2\/comments?post=3179"}],"version-history":[{"count":0,"href":"https:\/\/elvitraldelaciencia.org\/revista\/wp-json\/wp\/v2\/posts\/3179\/revisions"}],"wp:featuredmedia":[{"embeddable":true,"href":"https:\/\/elvitraldelaciencia.org\/revista\/wp-json\/wp\/v2\/media\/3180"}],"wp:attachment":[{"href":"https:\/\/elvitraldelaciencia.org\/revista\/wp-json\/wp\/v2\/media?parent=3179"}],"wp:term":[{"taxonomy":"category","embeddable":true,"href":"https:\/\/elvitraldelaciencia.org\/revista\/wp-json\/wp\/v2\/categories?post=3179"},{"taxonomy":"post_tag","embeddable":true,"href":"https:\/\/elvitraldelaciencia.org\/revista\/wp-json\/wp\/v2\/tags?post=3179"}],"curies":[{"name":"wp","href":"https:\/\/api.w.org\/{rel}","templated":true}]}}