{"id":3226,"date":"2023-10-19T14:27:33","date_gmt":"2023-10-19T18:27:33","guid":{"rendered":"https:\/\/elvitraldelaciencia.org\/revista\/\/?p=3226"},"modified":"2023-10-19T14:27:33","modified_gmt":"2023-10-19T18:27:33","slug":"el-vitral-de-la-ciencia-vol-3-n-10-2023","status":"publish","type":"post","link":"https:\/\/elvitraldelaciencia.org\/revista\/el-vitral-de-la-ciencia-vol-3-n-10-2023\/","title":{"rendered":"El Vitral de la Ciencia. Vol 3. N\u00b0 10: (2023)"},"content":{"rendered":"<p><span style=\"color: #3366ff;\"><strong><img loading=\"lazy\" decoding=\"async\" class=\"alignleft size-medium wp-image-3227\" src=\"https:\/\/elvitraldelaciencia.org\/revista\/\/wp-content\/uploads\/2023\/10\/PORTADA-definitiva-212x300.png\" alt=\"\" width=\"212\" height=\"300\" srcset=\"https:\/\/elvitraldelaciencia.org\/revista\/wp-content\/uploads\/2023\/10\/PORTADA-definitiva-212x300.png 212w, https:\/\/elvitraldelaciencia.org\/revista\/wp-content\/uploads\/2023\/10\/PORTADA-definitiva.png 622w\" sizes=\"auto, (max-width: 212px) 100vw, 212px\" \/><\/strong><\/span><\/p>\n<p>&nbsp;<\/p>\n<p>&nbsp;<\/p>\n<p><span style=\"color: #3366ff;\"><strong>Vol 3. (10). A\u00f1o 2023<\/strong><\/span><\/p>\n<p>&nbsp;<\/p>\n<p><span style=\"color: #800000;\"><strong><a style=\"color: #800000;\" href=\"https:\/\/drive.google.com\/file\/d\/1kbdb1MpMM6RI6u0u5M7HpJ_LAQDkfapA\/view?usp=share_link\">Ver Revista completa<\/a><\/strong><\/span><\/p>\n<p>&nbsp;<\/p>\n<p>&nbsp;<\/p>\n<p>&nbsp;<\/p>\n<p>&nbsp;<\/p>\n<p>&nbsp;<\/p>\n<p><span style=\"font-size: 14pt; color: #800000;\"><strong><img loading=\"lazy\" decoding=\"async\" class=\"alignleft  wp-image-3228\" src=\"https:\/\/elvitraldelaciencia.org\/revista\/\/wp-content\/uploads\/2023\/10\/art-miguel-3-300x128.jpg\" alt=\"\" width=\"459\" height=\"196\" srcset=\"https:\/\/elvitraldelaciencia.org\/revista\/wp-content\/uploads\/2023\/10\/art-miguel-3-300x128.jpg 300w, https:\/\/elvitraldelaciencia.org\/revista\/wp-content\/uploads\/2023\/10\/art-miguel-3-1024x435.jpg 1024w, https:\/\/elvitraldelaciencia.org\/revista\/wp-content\/uploads\/2023\/10\/art-miguel-3-768x326.jpg 768w, https:\/\/elvitraldelaciencia.org\/revista\/wp-content\/uploads\/2023\/10\/art-miguel-3.jpg 1200w\" sizes=\"auto, (max-width: 459px) 100vw, 459px\" \/>EL 70 % DE NUESTRO CUERPO ES AGUA<\/strong><\/span><br \/>\n<span style=\"color: #3366ff;\"><strong>\u00bfQU\u00c9 IMPLICA ESTO?<\/strong><\/span><\/p>\n<p><strong>Por Dr. Miguel Alfonzo<\/strong><\/p>\n<p>El agua surge como el mayor conflicto geopol\u00edtico del siglo XXI, ya que se espera que para el a\u00f1o 2025, la demanda de este elemento tan necesario para la vida humana sea un cincuenta y seis por ciento (56 %) superior que el suministro actual, y quienes posean agua podr\u00edan ser blancos de un saqueo forzado. La pugna es entre quienes creen que el agua debe ser considerado un \u201ccommodity\u201d o un bien comerciable (como el caf\u00e9 o el ma\u00edz) y por otro lado, quienes expresan que es un bien social relacionado con el derecho a la vida (Faustino 2006).<\/p>\n<p>Por otra parte, cualquier joven que haya recibido clases b\u00e1sicas de biolog\u00eda, ha aprendido que el agua es el principal constituyente de la mayor\u00eda de los seres vivos, incluyendo el ser humano, el cual presenta el 60 a 70 % del peso total de un adulto promedio. De esta cantidad, dos terceras partes se encuentran dentro de las c\u00e9lulas del cuerpo, o en el compartimiento intracelular. \u00bfQu\u00e9 significa realmente esa proporci\u00f3n? \u00bfPor qu\u00e9 es vital para la vida? \u00bfQu\u00e9 sucede si pierde agua del cuerpo, qu\u00e9 afecta? \u00bfC\u00f3mo el cuerpo regula el agua? Casi las 3\/4 partes del cuerpo est\u00e1 formado por agua&#8230; \u00a1asombroso!<\/p>\n<p>Esto y otras aristas tocaremos en este articulo, del cual, vamos a dar elementos fisiol\u00f3gicos sobre las funciones del agua (cuidando que no sea una clase tradicional de medicina) que, combinados con la problem\u00e1tica mundial de la escasez de agua potable, incluyendo Latinoam\u00e9rica, y la voracidad del capitalismo para el uso del agua, trataremos de darle una panor\u00e1mica integral del significado y de la importancia que encierra la frase que el agua es vida.<\/p>\n<p>&nbsp;<\/p>\n<p><span style=\"font-size: 14pt; color: #800000;\"><strong><img loading=\"lazy\" decoding=\"async\" class=\"alignleft  wp-image-3229\" src=\"https:\/\/elvitraldelaciencia.org\/revista\/\/wp-content\/uploads\/2023\/10\/portada-adrian-300x180.jpg\" alt=\"\" width=\"453\" height=\"272\" srcset=\"https:\/\/elvitraldelaciencia.org\/revista\/wp-content\/uploads\/2023\/10\/portada-adrian-300x180.jpg 300w, https:\/\/elvitraldelaciencia.org\/revista\/wp-content\/uploads\/2023\/10\/portada-adrian.jpg 630w\" sizes=\"auto, (max-width: 453px) 100vw, 453px\" \/>REFLEXIONES EN TORNO AL AGUA EN VENEZUELA:<\/strong><\/span><br \/>\n<span style=\"color: #3366ff;\"><strong>\u00bfCRISIS DE UN MODELO TECNOL\u00d3GICO <\/strong><\/span><br \/>\n<span style=\"color: #3366ff;\"><strong>EN AGOTAMIENTO?<\/strong><\/span><\/p>\n<p><strong>Por M.Sc. Adri\u00e1n A. Le\u00f3n C.<\/strong><\/p>\n<p><strong>Introducci\u00f3n<\/strong><br \/>\nEn Venezuela el suministro de agua y la recolecci\u00f3n de aguas servidas ha sido uno de los servicios p\u00fablicos urbanos con mayor cantidad de problemas a lo largo de por lo menos los \u00faltimos 100 a\u00f1os. Si bien hay claros indicios de que ciudades como Caracas, desde su fundaci\u00f3n en 1567 establecieron un originario sistema de aprovechamiento de las aguas en funci\u00f3n de acrecentar el poder econ\u00f3mico y pol\u00edtico de las \u00e9lites que gobernaban la ciudad y que esto determin\u00f3 las bases para la estructuraci\u00f3n del estado colonial caraque\u00f1o (Sanoja y Vargas Arenas, 2007), las ciudades en Venezuela hist\u00f3ricamente hab\u00edan dependido de sus fuentes de agua m\u00e1s pr\u00f3ximas, que en la mayor parte de los casos eran cursos de agua superficial, lagos o manantiales de agua dulce y gradualmente con el crecimiento urbano y la evoluci\u00f3n de las ciudades como instrumentos de dominaci\u00f3n (Geigel, 1976; Landaeta y Espinoza, 2015). Estas fuentes primarias se fueron agotando y degradando, vi\u00e9ndose en la necesidad de traer el agua de fuentes m\u00e1s alejadas, desarroll\u00e1ndose un espiral de aumento de demandas de agua de fuentes cada vez m\u00e1s lejanas, con la consecuente degradaci\u00f3n y contaminaci\u00f3n de las cuencas hidrogr\u00e1ficas donde ellas se asientan.<\/p>\n<p>La idea central que este ensayo se propone, es discutir acerca de las causas que generan los problemas de agua en Venezuela y que mantienen en crisis al sistema de abastecimiento desde hace d\u00e9cadas, con la finalidad de desvelar algunas contradicciones, que provienen del actual marco epist\u00e9mico de la ingenier\u00eda hidr\u00e1ulica, impuesto por la modernidad occidental y en el que utilizando en exceso el fetiche t\u00e9cnico (Granados, 2015) como soluci\u00f3n a los conflictos de las continuas demandas de agua de las ciudades y el estilo de vida urbana, ha devenido en un modelo de abastecimiento insustentable y permanentemente al borde del colapso.<\/p>\n<p>&nbsp;<\/p>\n<p><span style=\"font-size: 14pt; color: #800000;\"><strong><img loading=\"lazy\" decoding=\"async\" class=\"alignleft  wp-image-3230\" src=\"https:\/\/elvitraldelaciencia.org\/revista\/\/wp-content\/uploads\/2023\/10\/art-francisco-1-300x225.jpg\" alt=\"\" width=\"404\" height=\"303\" srcset=\"https:\/\/elvitraldelaciencia.org\/revista\/wp-content\/uploads\/2023\/10\/art-francisco-1-300x225.jpg 300w, https:\/\/elvitraldelaciencia.org\/revista\/wp-content\/uploads\/2023\/10\/art-francisco-1-1024x768.jpg 1024w, https:\/\/elvitraldelaciencia.org\/revista\/wp-content\/uploads\/2023\/10\/art-francisco-1-768x576.jpg 768w, https:\/\/elvitraldelaciencia.org\/revista\/wp-content\/uploads\/2023\/10\/art-francisco-1-80x60.jpg 80w, https:\/\/elvitraldelaciencia.org\/revista\/wp-content\/uploads\/2023\/10\/art-francisco-1-1536x1152.jpg 1536w, https:\/\/elvitraldelaciencia.org\/revista\/wp-content\/uploads\/2023\/10\/art-francisco-1-2048x1536.jpg 2048w\" sizes=\"auto, (max-width: 404px) 100vw, 404px\" \/>PODER JUNTOS ES HACER JUNTOS:<\/strong><\/span><br \/>\n<span style=\"color: #3366ff;\"><strong>Experiencia de la Mesa T\u00e9cnica de Agua Characot Apir\u00e1 y el acueducto <\/strong><\/span><br \/>\n<span style=\"color: #3366ff;\"><strong>R\u00edo Blanco-Jaji.<\/strong><\/span><\/p>\n<p><strong>Por M. Sc. Francisco J. Nava G.<\/strong><\/p>\n<p>El agua no es solo un recurso vital para la reproducci\u00f3n de la vida sino de la solidaridad necesaria para que nuestra especie pueda sobrevivir en un planeta en crisis.<\/p>\n<p>Este es un relato que presenta c\u00f3mo el proceso de construcci\u00f3n de un acueducto comunitario permiti\u00f3 vencer la dificultad mayor, la de creer que se puede aprender, hacer y pensar juntos.<\/p>\n<p>A modo de introducci\u00f3n: El agua y el \u00e1mbito de lo com\u00fan<br \/>\nEn la sociedad moderna la resoluci\u00f3n de conflictos respecto a la administraci\u00f3n de los recursos tiende a ser por dos v\u00edas: la acci\u00f3n del estado y la competencia de mercado (Bollier, D. 2008). Sin embargo, en el \u00e1mbito de lo p\u00fablico los hegemoniza fundamentalmente el Estado y su forma monop\u00f3lica, centralizada y universalizante de ejercer el poder sobre los sujetos y la naturaleza; mientras que en el \u00e1mbito de lo privado los hegemoniza de manera determinante la l\u00f3gica del mercado capitalista y su fuerza privatizadora, depredadora e individualizante. Como alternativa existe un \u00e1mbito de la vida en el que se fortalece el tejido social de base en el trabajo colectivo y cooperativo generalmente en una relaci\u00f3n de equilibrada con sus ecosistemas para reproducir su vida inmediata (Ter\u00e1n, E. 2015), este es el \u00e1mbito de lo com\u00fan.<\/p>\n<p>En un sentido estricto, la mayor\u00eda de los sistemas de recursos naturales usados por varios individuos pueden ser considerados como bienes comunes. Hay ejemplos de estos tanto en sistemas naturales como en sistemas hechos por el ser humano, tales como el aire, el agua, los r\u00edos, cuencas hidrogr\u00e1ficas, sistemas de riego, bosques y pastizales (Ostrom, E. 2001). Sin embargo, lo com\u00fan no es \u00fanicamente una cosa, un bien o un conjunto de bienes que se comparten y se utilizan entre varios. Lo com\u00fan se produce entre muchos, a trav\u00e9s de la generaci\u00f3n y constante reproducci\u00f3n de una multiplicidad de tramas asociativas y relaciones sociales de colaboraci\u00f3n que habilitan, continua y constantemente, la producci\u00f3n y el disfrute de una gran cantidad de bienes materiales e inmateriales de uso com\u00fan (Guti\u00e9rrez Aguilar, R. 2016).<\/p>\n<p>&nbsp;<\/p>\n<p><span style=\"font-size: 14pt; color: #800000;\"><strong><img loading=\"lazy\" decoding=\"async\" class=\"alignleft  wp-image-3231\" src=\"https:\/\/elvitraldelaciencia.org\/revista\/\/wp-content\/uploads\/2023\/10\/art-carlos-158x300.jpg\" alt=\"\" width=\"206\" height=\"391\" srcset=\"https:\/\/elvitraldelaciencia.org\/revista\/wp-content\/uploads\/2023\/10\/art-carlos-158x300.jpg 158w, https:\/\/elvitraldelaciencia.org\/revista\/wp-content\/uploads\/2023\/10\/art-carlos-538x1024.jpg 538w, https:\/\/elvitraldelaciencia.org\/revista\/wp-content\/uploads\/2023\/10\/art-carlos.jpg 564w\" sizes=\"auto, (max-width: 206px) 100vw, 206px\" \/>LAS AGUAS:<br \/>\n<\/strong><\/span><span style=\"color: #3366ff;\"><strong>UN IMPERIO DE CIENCIA, MITOS Y POESIA<\/strong><\/span><\/p>\n<p><strong>Por Dr. Carlos Aponte<\/strong><\/p>\n<p>De los Or\u00edgenes.<br \/>\n\u201cAl principio, Eurynom\u00e9, diosa de Todas las Cosas, emerge desnuda del Caos pero no encuentra nada de consistente donde posar sus pies, es por ello que separa las aguas del mar del cielo y, solitaria, danza sobre las olas\u201d (2).<\/p>\n<p>Este poderoso comienzo de un mito pelasgo, perdido en las noches de los tiempos, nos introduce de lleno en la armon\u00eda po\u00e9tica eterna de las aguas con la m\u00fasica, la danza, la femineidad, la maternidad, el origen. En un principio fue el Verbo, se dijo por all\u00ed, pues ese verbo se expresaba po\u00e9ticamente\u2026 Era la poes\u00eda ese \u201clenguaje\u201d que permit\u00eda expresar, transmitir, conectar con la Naturaleza. As\u00ed, los pelasgos hacen reales las palabras del portentoso poeta alem\u00e1n Georg Philipp Friedrich von Hardenberg, mejor conocido como Novalis: \u201cEl que pertenece a tal raza y tiene esa fe, el que quiere participar en aquella roturaci\u00f3n de la Naturaleza debe frecuentar el taller del artista, escuchar la poes\u00eda insospechada que se filtra a trav\u00e9s de todas las cosas, no cansarse jam\u00e1s de contemplar la Naturaleza\u201d (1)<\/p>\n<p>&nbsp;<\/p>\n<p>&nbsp;<\/p>\n<p><span style=\"font-size: 14pt; color: #800000;\"><strong><img loading=\"lazy\" decoding=\"async\" class=\"alignleft size-medium wp-image-3232\" src=\"https:\/\/elvitraldelaciencia.org\/revista\/\/wp-content\/uploads\/2023\/10\/art-eder-300x200.jpg\" alt=\"\" width=\"300\" height=\"200\" srcset=\"https:\/\/elvitraldelaciencia.org\/revista\/wp-content\/uploads\/2023\/10\/art-eder-300x200.jpg 300w, https:\/\/elvitraldelaciencia.org\/revista\/wp-content\/uploads\/2023\/10\/art-eder-1024x681.jpg 1024w, https:\/\/elvitraldelaciencia.org\/revista\/wp-content\/uploads\/2023\/10\/art-eder-768x511.jpg 768w, https:\/\/elvitraldelaciencia.org\/revista\/wp-content\/uploads\/2023\/10\/art-eder-1536x1022.jpg 1536w, https:\/\/elvitraldelaciencia.org\/revista\/wp-content\/uploads\/2023\/10\/art-eder.jpg 1838w\" sizes=\"auto, (max-width: 300px) 100vw, 300px\" \/>\u00bfNUESTRO FUTURO EST\u00c1 EN EL SUELO<\/strong><\/span><br \/>\n<span style=\"color: #3366ff;\"><strong>O EN LOS SUELOS?<\/strong><\/span><\/p>\n<p><strong>Por Pauline Arrindell y Eder Pe\u00f1a<\/strong><\/p>\n<p>Tal como se mencion\u00f3 en el art\u00edculo del n\u00famero anterior, el suelo es un ecosistema que ocupa el 90 % de todo el planeta, a partir del mismo el ser humano produce el 95 % de sus alimentos, seg\u00fan datos aportados por la FAO. La complejidad de este sistema es tal que miles de especialistas a nivel global se dedican a su estudio.<\/p>\n<p>Muchos de estos investigadores enfocan sus esfuerzos en evaluar la din\u00e1mica que ocurre en una fracci\u00f3n conocida como materia org\u00e1nica (MO), la cual es considerada la fracci\u00f3n del suelo m\u00e1s importante que permite la vida terrestre tal como la conocemos.<\/p>\n<p>&nbsp;<\/p>\n","protected":false},"excerpt":{"rendered":"<p>&nbsp; &nbsp; Vol 3. (10). A\u00f1o 2023 &nbsp; Ver Revista completa &nbsp; &nbsp; &nbsp; &nbsp; &nbsp; EL 70 % DE NUESTRO CUERPO ES AGUA \u00bfQU\u00c9 IMPLICA ESTO? Por Dr. Miguel&hellip; <\/p>\n","protected":false},"author":2,"featured_media":3227,"comment_status":"closed","ping_status":"closed","sticky":false,"template":"","format":"standard","meta":{"footnotes":""},"categories":[11,22,21],"tags":[],"class_list":["post-3226","post","type-post","status-publish","format-standard","has-post-thumbnail","hentry","category-destacado","category-vitral","category-publi"],"_links":{"self":[{"href":"https:\/\/elvitraldelaciencia.org\/revista\/wp-json\/wp\/v2\/posts\/3226","targetHints":{"allow":["GET"]}}],"collection":[{"href":"https:\/\/elvitraldelaciencia.org\/revista\/wp-json\/wp\/v2\/posts"}],"about":[{"href":"https:\/\/elvitraldelaciencia.org\/revista\/wp-json\/wp\/v2\/types\/post"}],"author":[{"embeddable":true,"href":"https:\/\/elvitraldelaciencia.org\/revista\/wp-json\/wp\/v2\/users\/2"}],"replies":[{"embeddable":true,"href":"https:\/\/elvitraldelaciencia.org\/revista\/wp-json\/wp\/v2\/comments?post=3226"}],"version-history":[{"count":0,"href":"https:\/\/elvitraldelaciencia.org\/revista\/wp-json\/wp\/v2\/posts\/3226\/revisions"}],"wp:featuredmedia":[{"embeddable":true,"href":"https:\/\/elvitraldelaciencia.org\/revista\/wp-json\/wp\/v2\/media\/3227"}],"wp:attachment":[{"href":"https:\/\/elvitraldelaciencia.org\/revista\/wp-json\/wp\/v2\/media?parent=3226"}],"wp:term":[{"taxonomy":"category","embeddable":true,"href":"https:\/\/elvitraldelaciencia.org\/revista\/wp-json\/wp\/v2\/categories?post=3226"},{"taxonomy":"post_tag","embeddable":true,"href":"https:\/\/elvitraldelaciencia.org\/revista\/wp-json\/wp\/v2\/tags?post=3226"}],"curies":[{"name":"wp","href":"https:\/\/api.w.org\/{rel}","templated":true}]}}