{"id":3248,"date":"2023-11-18T12:45:52","date_gmt":"2023-11-18T16:45:52","guid":{"rendered":"https:\/\/elvitraldelaciencia.org\/revista\/\/?p=3248"},"modified":"2023-11-18T16:54:49","modified_gmt":"2023-11-18T20:54:49","slug":"el-vitral-de-la-ciencia-vol-3-n-11-2023","status":"publish","type":"post","link":"https:\/\/elvitraldelaciencia.org\/revista\/el-vitral-de-la-ciencia-vol-3-n-11-2023\/","title":{"rendered":"El Vitral de la Ciencia. Vol 3. N\u00b0 11: (2023)"},"content":{"rendered":"<p><strong><img loading=\"lazy\" decoding=\"async\" class=\"alignleft size-medium wp-image-3249\" src=\"https:\/\/elvitraldelaciencia.org\/revista\/\/wp-content\/uploads\/2023\/11\/portada-definitiva-211x300.png\" alt=\"\" width=\"211\" height=\"300\" srcset=\"https:\/\/elvitraldelaciencia.org\/revista\/wp-content\/uploads\/2023\/11\/portada-definitiva-211x300.png 211w, https:\/\/elvitraldelaciencia.org\/revista\/wp-content\/uploads\/2023\/11\/portada-definitiva.png 530w\" sizes=\"auto, (max-width: 211px) 100vw, 211px\" \/>Vol 3. (11). A\u00f1o 2023<\/strong><\/p>\n<p>&nbsp;<\/p>\n<p><span style=\"color: #3366ff;\"><strong><a style=\"color: #3366ff;\" href=\"https:\/\/drive.google.com\/file\/d\/1GssdBukf06A4c4bSPKkvIF3kNre0cAqM\/view?usp=sharing\">Ver Revista completa<\/a><\/strong><\/span><\/p>\n<p>&nbsp;<\/p>\n<p>&nbsp;<\/p>\n<p>&nbsp;<\/p>\n<p>&nbsp;<\/p>\n<p>&nbsp;<\/p>\n<p>&nbsp;<\/p>\n<p><span style=\"color: #800000; font-size: 14pt;\"><strong><img loading=\"lazy\" decoding=\"async\" class=\"alignleft size-medium wp-image-3250\" src=\"https:\/\/elvitraldelaciencia.org\/revista\/\/wp-content\/uploads\/2023\/11\/ART-MIGUEL-1-214x300.jpg\" alt=\"\" width=\"214\" height=\"300\" srcset=\"https:\/\/elvitraldelaciencia.org\/revista\/wp-content\/uploads\/2023\/11\/ART-MIGUEL-1-214x300.jpg 214w, https:\/\/elvitraldelaciencia.org\/revista\/wp-content\/uploads\/2023\/11\/ART-MIGUEL-1.jpg 563w\" sizes=\"auto, (max-width: 214px) 100vw, 214px\" \/>Todos somos \u00c1frica<br \/>\n<span style=\"font-size: 12pt; color: #000000;\">Por Dr. Miguel Alfonzo<\/span><\/strong><\/span><\/p>\n<p>En los \u00faltimos tres a\u00f1os ha habido ocho golpes de Estado en pa\u00edses de \u00c1frica, la mayor\u00eda de ellos en pa\u00edses que son ex colonias francesas: en Mali, agosto 2020 y mayo de 2021; en Chad, abril de 2021; en Guinea y Sud\u00e1n, octubre de 2021; en Burkina Faso, enero de 2022; N\u00edger, julio de 2023 y Gab\u00f3n, agosto de 2023. Las ultimas seis sublevaciones militares han sido de car\u00e1cter neo-soberanista.<\/p>\n<p>El c\u00f3ctel de la corrupci\u00f3n y la pobreza es el resorte que est\u00e1 impulsando a los militares a poner la casa en orden, acabar con castas de gobernantes que tienen el poder por lustros y capturar y distribuir mejor la renta de los recursos naturales. Sin embargo, como si los gobiernos derrocados fueran respetuosos de la democracia, estas acciones han sido condenadas por la comunidad internacional a sabiendas de que se trataba del derrocamiento de gobiernos clept\u00f3cratas y violadores de los derechos humanos, que ten\u00edan como m\u00e9rito ser funcionales a los intereses econ\u00f3micos de las ex metr\u00f3polis europeas que colonizaron ese continente.<\/p>\n<p>&nbsp;<\/p>\n<p><span style=\"color: #800000;\"><strong><span style=\"font-size: 14pt;\"><img loading=\"lazy\" decoding=\"async\" class=\"alignleft wp-image-3251\" src=\"https:\/\/elvitraldelaciencia.org\/revista\/\/wp-content\/uploads\/2023\/11\/art-miguel-8-296x300.png\" alt=\"\" width=\"354\" height=\"358\" srcset=\"https:\/\/elvitraldelaciencia.org\/revista\/wp-content\/uploads\/2023\/11\/art-miguel-8-296x300.png 296w, https:\/\/elvitraldelaciencia.org\/revista\/wp-content\/uploads\/2023\/11\/art-miguel-8.png 501w\" sizes=\"auto, (max-width: 354px) 100vw, 354px\" \/>EL SAHEL<\/span> AFRICANO,<\/strong><\/span><br \/>\n<span style=\"color: #3366ff;\"><strong>entre el desierto y la selva. Transici\u00f3n o rebeli\u00f3n.<br \/>\n<span style=\"color: #000000;\">Por Dr. Reinaldo Bol\u00edvar<\/span><\/strong><\/span><\/p>\n<p>\u00c1frica sigue siendo un boom medi\u00e1tico en occidente<br \/>\nEl principal obst\u00e1culo del Sur Global para comprender a \u00c1frica es que el que solo se vuelca sobre ella cuando ocurren tragedias sociales, naturales, golpes de estados, bombardeo de la OTAN o conflictos internos. Este principio de no saber uno del otro m\u00e1s que lo que el escandalo les deja contemplar, es muy aprovechado por los pa\u00edses occidentales, como los de Europa Occidental, EEUU, de lo cual no escapa China, la India, Rusia y Jap\u00f3n.<\/p>\n<p>Esos pa\u00edses mantienen en menor o mayor grado unas relaciones econ\u00f3micas internacionales con \u00c1frica que los hacen permanentemente centro de situaciones en algunos casos generadoras de conflictos como los de julio de 2023 generados en los pa\u00edses del Sahel, catapultados por la Cumbre \u00c1frica o Rusia, o como la cooperaci\u00f3n de nuevo tipo que pr\u00e1ctica la poderosa China con aquellos pa\u00edses en los cuales realiza sus principales inversiones directas.<\/p>\n<p>&nbsp;<\/p>\n<p><span style=\"font-size: 14pt; color: #800000;\"><strong><img loading=\"lazy\" decoding=\"async\" class=\"alignleft size-medium wp-image-3252\" src=\"https:\/\/elvitraldelaciencia.org\/revista\/\/wp-content\/uploads\/2023\/11\/art-franklin5-204x300.png\" alt=\"\" width=\"204\" height=\"300\" srcset=\"https:\/\/elvitraldelaciencia.org\/revista\/wp-content\/uploads\/2023\/11\/art-franklin5-204x300.png 204w, https:\/\/elvitraldelaciencia.org\/revista\/wp-content\/uploads\/2023\/11\/art-franklin5.png 468w\" sizes=\"auto, (max-width: 204px) 100vw, 204px\" \/>\u00c1FRICA DICE PRESENTE<br \/>\n<span style=\"color: #000000; font-size: 12pt;\">Por Dr Franklin Gonz\u00e1lez<\/span><\/strong><\/span><\/p>\n<p>Un abre bocas<br \/>\nEn el libro As\u00ed se domina el mundo. Desvelando las claves del poder mundial (2017: Editorial Planeta, S. A), el escritor y militar espa\u00f1ol, Pedro Ba\u00f1os, nos dice que el mundo es como el patio de un colegio en donde se encuentran ni\u00f1os y ni\u00f1as que controlan a su peque\u00f1o c\u00edrculo de compa\u00f1eros. Son los dominadores de una clase o de un curso completo, conocido, respetado y temido en todo el colegio. Este orden de poder escolar se percibe especialmente en los patios de los centros de ense\u00f1anza, durante los tiempos de asueto, cuando los alumnos se muestran tal como son, una vez relajados de la tensi\u00f3n de las aulas. All\u00ed se puede observar con nitidez a quienes tienen esa capacidad para influir sobre los dem\u00e1s, poder que puede provenir de una o varias circunstancias diversas: fortaleza f\u00edsica, facultad innata de liderazgo, habilidad para la pr\u00e1ctica de deportes, pertenencia a una familia poderosa, elocuencia aguda y viperina, caer en gracia a los maestros, o mera maldad unida a astucia.<\/p>\n<p>Pero tambi\u00e9n es posible encontrar los rebeldes.<\/p>\n<p>&nbsp;<\/p>\n<p><span style=\"color: #800000; font-size: 14pt;\"><strong><img loading=\"lazy\" decoding=\"async\" class=\"alignleft wp-image-3253\" src=\"https:\/\/elvitraldelaciencia.org\/revista\/\/wp-content\/uploads\/2023\/11\/art-burkina-faso-1-300x161.jpg\" alt=\"\" width=\"447\" height=\"240\" srcset=\"https:\/\/elvitraldelaciencia.org\/revista\/wp-content\/uploads\/2023\/11\/art-burkina-faso-1-300x161.jpg 300w, https:\/\/elvitraldelaciencia.org\/revista\/wp-content\/uploads\/2023\/11\/art-burkina-faso-1-768x413.jpg 768w, https:\/\/elvitraldelaciencia.org\/revista\/wp-content\/uploads\/2023\/11\/art-burkina-faso-1.jpg 800w\" sizes=\"auto, (max-width: 447px) 100vw, 447px\" \/>BURKINA FASO:<\/strong><\/span><br \/>\n<span style=\"color: #3366ff;\"><strong>TIERRA DE THOMAS SANKARA, EL \u201cCHE\u201d AFRICANO<br \/>\n<\/strong><\/span><strong>Por Dintama Abdel Nasser KI; Baowendabo Andr\u00e9 Ouedraogo; Mahamadi Rouamba; Fe\u00efzatou Zongo y <\/strong><br \/>\n<strong>Amandine Wendlasida Yalpougdou<\/strong><\/p>\n<p>Burkina Faso es un pa\u00eds de 274.200 km\u00b2, situado en el coraz\u00f3n de \u00c1frica Occidental que obtuvo su independencia el 5 de agosto de 1960 con el nombre de Alto Volta con Maurice Yam\u00e9ogo como primer presidente del pa\u00eds. Posteriormente Alto Volta, el pa\u00eds se convirti\u00f3 en Burkina Faso el 4 de agosto de 1984 bajo el capit\u00e1n Thomas Sankara como el primer presidente del pa\u00eds con este nuevo nombre. Burkina Faso quiere decir \u2018patria de hombres \u00edntegros (incorruptibles).<\/p>\n<p>La historia colonial de Burkina Faso no puede considerarse aisladamente de la de los otros pa\u00edses que han sufrido durante el per\u00edodo colonial. Sin embargo, todav\u00eda hay algunos problemas espec\u00edficos en el pa\u00eds. Entre ellos se encuentran los desaf\u00edos para la buena gobernanza y el desarrollo econ\u00f3mico y social.<\/p>\n<p>&nbsp;<\/p>\n<p><span style=\"color: #800000; font-size: 14pt;\"><strong><img loading=\"lazy\" decoding=\"async\" class=\"alignleft size-medium wp-image-3254\" src=\"https:\/\/elvitraldelaciencia.org\/revista\/\/wp-content\/uploads\/2023\/11\/art-congo-200x300.jpg\" alt=\"\" width=\"200\" height=\"300\" srcset=\"https:\/\/elvitraldelaciencia.org\/revista\/wp-content\/uploads\/2023\/11\/art-congo-200x300.jpg 200w, https:\/\/elvitraldelaciencia.org\/revista\/wp-content\/uploads\/2023\/11\/art-congo.jpg 427w\" sizes=\"auto, (max-width: 200px) 100vw, 200px\" \/>LA REP\u00daBLICA DEL CONGO:<\/strong><\/span><br \/>\n<span style=\"color: #3366ff;\"><strong>Una historia curvil\u00ednea, un pa\u00eds que busca<\/strong><\/span><br \/>\n<span style=\"color: #3366ff;\"><strong>la unidad de \u00c1frica<br \/>\n<span style=\"color: #000000;\">Por Imys B. Poue N. y Charles A. Monfils N.<\/span><br \/>\n<\/strong><\/span><\/p>\n<p>La Rep\u00fablica del Congo (en franc\u00e9s, Republique du Congo; en lingala, Repubilika ya Kong\u00f3; en kituba, Repubilika ya Kongo), tambi\u00e9n conocida con los nombres de Congo-Brazzaville o simplemente Congo del Oeste, es un pa\u00eds de \u00c1frica Central. Limita al norte con Camer\u00fan y la Rep\u00fablica Centroafricana, al sur y al este con la Rep\u00fablica Democr\u00e1tica del Congo, al oeste con Gab\u00f3n y al suroeste con el oc\u00e9ano Atl\u00e1ntico y un enclave angole\u00f1o (Cabinda) (ver figura 1).<\/p>\n<p>La poblaci\u00f3n no supera los seis millones de habitantes, resultando en una baja densidad poblacional. El idioma oficial es el franc\u00e9s; con el lingala y el munukutuba (o el kituba) como lenguas nacionales. El cristianismo tiene una presencia importante, aunque las religiones tribales son las que cuentan con m\u00e1s adeptos.<\/p>\n<p>La econom\u00eda de la Rep\u00fablica del Congo sigue bas\u00e1ndose en la agricultura y en la extracci\u00f3n de petr\u00f3leo.<\/p>\n<p>&nbsp;<\/p>\n<p><span style=\"color: #800000; font-size: 14pt;\"><strong><img loading=\"lazy\" decoding=\"async\" class=\"alignleft wp-image-3255\" src=\"https:\/\/elvitraldelaciencia.org\/revista\/\/wp-content\/uploads\/2023\/11\/art-guinea-3-300x245.png\" alt=\"\" width=\"318\" height=\"260\" srcset=\"https:\/\/elvitraldelaciencia.org\/revista\/wp-content\/uploads\/2023\/11\/art-guinea-3-300x245.png 300w, https:\/\/elvitraldelaciencia.org\/revista\/wp-content\/uploads\/2023\/11\/art-guinea-3-768x626.png 768w, https:\/\/elvitraldelaciencia.org\/revista\/wp-content\/uploads\/2023\/11\/art-guinea-3.png 942w\" sizes=\"auto, (max-width: 318px) 100vw, 318px\" \/>GUINEA ECUATORIAL:<\/strong><\/span><br \/>\n<span style=\"color: #3366ff;\"><strong>Un pa\u00eds de colores y bailes<br \/>\n<span style=\"color: #000000;\">Por In\u00e9s Nzang Ndong Mangue<\/span><br \/>\n<\/strong><\/span><\/p>\n<p>La Rep\u00fablica de Guinea Ecuatorial est\u00e1 situada en \u00c1frica Central est\u00e1 repartido en 2 regiones: Regi\u00f3n continental y Regi\u00f3n insular con la isla de Annob\u00f3n en el Oc\u00e9ano Sud Atl\u00e1ntico y la isla de Bioko, donde se encuentra la capital, Malabo. La superficie del pa\u00eds es de 28.051 Km2. Guinea Ecuatorial cuenta con siete provincias, sub-divididas en distritos (18), que representan las unidades pol\u00edtico-administrativas de gesti\u00f3n sanitaria.<\/p>\n<p>La poblaci\u00f3n es joven, m\u00e1s de 47,3 % tiene menos de 15 a\u00f1os. La poblaci\u00f3n es de m\u00e1s de 1.014.999 habitantes desigualmente repartida: el 75 % de la poblaci\u00f3n vive en R\u00edo Muni, con una densidad de 40 a 50 habitantes por Km2. La tasa de crecimiento poblacional es de 2,46 %, con una esperanza de vida al nacer estimada en 59,3 a\u00f1os, en 2001.<\/p>\n<p>Guinea Ecuatorial es independiente desde 1968. El pa\u00eds es miembro de la CEMAC, con Camer\u00fan, Congo, Gab\u00f3n, Rep\u00fablica Centroafricana y Chad. Tambi\u00e9n es miembro de la zona del francio y de la francofon\u00eda.<\/p>\n<p>&nbsp;<\/p>\n<p><span style=\"font-size: 14pt; color: #800000;\"><strong><img loading=\"lazy\" decoding=\"async\" class=\"alignleft size-medium wp-image-3256\" src=\"https:\/\/elvitraldelaciencia.org\/revista\/\/wp-content\/uploads\/2023\/11\/art-estalina-1-205x300.jpg\" alt=\"\" width=\"205\" height=\"300\" srcset=\"https:\/\/elvitraldelaciencia.org\/revista\/wp-content\/uploads\/2023\/11\/art-estalina-1-205x300.jpg 205w, https:\/\/elvitraldelaciencia.org\/revista\/wp-content\/uploads\/2023\/11\/art-estalina-1.jpg 563w\" sizes=\"auto, (max-width: 205px) 100vw, 205px\" \/>Ara\u00f1as fritas croc\u00e1nticas \u00bfPuedes imaginarlo?<\/strong><\/span><br \/>\n<strong><span style=\"color: #3366ff;\">Insectos comestibles: propiedades nutricionales, una alternativa alimentaria<\/span><\/strong><br \/>\n<span style=\"color: #000000;\"><strong>Por Hugo Cerda, Carolina Ledezma Carrizales y Estalina B\u00e1ez-Ram\u00edrez\u00a0<\/strong><\/span><\/p>\n<p>\u00bfQu\u00e9 son esos bichitos?<br \/>\nLa palabra insecto viene del lat\u00edn insectum \u201c(animal) con un cuerpo dividido o con muescas\u201d, literalmente \u201ccortado\u201d, in (en el interior), sectum (cortado, seccionado) uso sustantivo del participio del verbo secare \u201ccortar\u201d. La palabra latina es la traducci\u00f3n de Plinio del griego entomon \u201cinsecto\u201d, que era el t\u00e9rmino que usaba Arist\u00f3teles para referirse a los insectos y cuyo significado es \u201cinternamente seccionado\u201d (Harper, 2001). La entomolog\u00eda es la ciencia que los estudia.<\/p>\n<p>Richar Southwood (1931-2005) explicaba la preeminencia y diversidad de los insectos con tres palabras: tama\u00f1o, metamorfosis y alas, los insectos fueron los primeros en expandirse en la Tierra. Los insectos han vivido en la Tierra por varios millones de a\u00f1os (se estiman 350 millones) cuando el ser humano apareci\u00f3 hace menos de 2 millones de a\u00f1os.<\/p>\n<p>&nbsp;<\/p>\n<p>&nbsp;<\/p>\n","protected":false},"excerpt":{"rendered":"<p>Vol 3. (11). A\u00f1o 2023 &nbsp; Ver Revista completa &nbsp; &nbsp; &nbsp; &nbsp; &nbsp; &nbsp; Todos somos \u00c1frica Por Dr. Miguel Alfonzo En los \u00faltimos tres a\u00f1os ha habido ocho&hellip; <\/p>\n","protected":false},"author":2,"featured_media":3257,"comment_status":"closed","ping_status":"closed","sticky":false,"template":"","format":"standard","meta":{"footnotes":""},"categories":[11,22,18,21],"tags":[],"class_list":["post-3248","post","type-post","status-publish","format-standard","has-post-thumbnail","hentry","category-destacado","category-vitral","category-porta","category-publi"],"_links":{"self":[{"href":"https:\/\/elvitraldelaciencia.org\/revista\/wp-json\/wp\/v2\/posts\/3248","targetHints":{"allow":["GET"]}}],"collection":[{"href":"https:\/\/elvitraldelaciencia.org\/revista\/wp-json\/wp\/v2\/posts"}],"about":[{"href":"https:\/\/elvitraldelaciencia.org\/revista\/wp-json\/wp\/v2\/types\/post"}],"author":[{"embeddable":true,"href":"https:\/\/elvitraldelaciencia.org\/revista\/wp-json\/wp\/v2\/users\/2"}],"replies":[{"embeddable":true,"href":"https:\/\/elvitraldelaciencia.org\/revista\/wp-json\/wp\/v2\/comments?post=3248"}],"version-history":[{"count":0,"href":"https:\/\/elvitraldelaciencia.org\/revista\/wp-json\/wp\/v2\/posts\/3248\/revisions"}],"wp:featuredmedia":[{"embeddable":true,"href":"https:\/\/elvitraldelaciencia.org\/revista\/wp-json\/wp\/v2\/media\/3257"}],"wp:attachment":[{"href":"https:\/\/elvitraldelaciencia.org\/revista\/wp-json\/wp\/v2\/media?parent=3248"}],"wp:term":[{"taxonomy":"category","embeddable":true,"href":"https:\/\/elvitraldelaciencia.org\/revista\/wp-json\/wp\/v2\/categories?post=3248"},{"taxonomy":"post_tag","embeddable":true,"href":"https:\/\/elvitraldelaciencia.org\/revista\/wp-json\/wp\/v2\/tags?post=3248"}],"curies":[{"name":"wp","href":"https:\/\/api.w.org\/{rel}","templated":true}]}}