{"id":3352,"date":"2024-01-20T07:55:21","date_gmt":"2024-01-20T11:55:21","guid":{"rendered":"https:\/\/elvitraldelaciencia.org\/revista\/\/?p=3352"},"modified":"2024-01-22T18:08:43","modified_gmt":"2024-01-22T22:08:43","slug":"el-vitral-de-la-ciencia-vol-4-n-1-2024","status":"publish","type":"post","link":"https:\/\/elvitraldelaciencia.org\/revista\/el-vitral-de-la-ciencia-vol-4-n-1-2024\/","title":{"rendered":"El Vitral de la Ciencia. Vol 4. N\u00b0 1: (2024)"},"content":{"rendered":"<p><strong><img loading=\"lazy\" decoding=\"async\" class=\"alignleft size-medium wp-image-3353\" src=\"https:\/\/elvitraldelaciencia.org\/revista\/\/wp-content\/uploads\/2024\/01\/portada-definitiva-213x300.png\" alt=\"\" width=\"213\" height=\"300\" srcset=\"https:\/\/elvitraldelaciencia.org\/revista\/wp-content\/uploads\/2024\/01\/portada-definitiva-213x300.png 213w, https:\/\/elvitraldelaciencia.org\/revista\/wp-content\/uploads\/2024\/01\/portada-definitiva.png 535w\" sizes=\"auto, (max-width: 213px) 100vw, 213px\" \/><span style=\"font-size: 12pt; color: #800000;\">Vol 4. (1). A\u00f1o 2024<\/span><\/strong><\/p>\n<p>&nbsp;<\/p>\n<p><span style=\"color: #0000ff;\"><strong><a style=\"color: #0000ff;\" href=\"https:\/\/drive.google.com\/file\/d\/13iGo18nhbYCm7rju4Qc0W0rJ7GOUj7c5\/view?usp=sharing\">Ver Revista completa<\/a><\/strong><\/span><\/p>\n<p>&nbsp;<\/p>\n<p>&nbsp;<\/p>\n<p>&nbsp;<\/p>\n<p>&nbsp;<\/p>\n<p>&nbsp;<\/p>\n<p>&nbsp;<\/p>\n<p><span style=\"font-size: 14pt; color: #800000;\"><strong><img loading=\"lazy\" decoding=\"async\" class=\"alignleft wp-image-3354\" src=\"https:\/\/elvitraldelaciencia.org\/revista\/\/wp-content\/uploads\/2024\/01\/art-miguel-300x185.png\" alt=\"\" width=\"401\" height=\"247\" srcset=\"https:\/\/elvitraldelaciencia.org\/revista\/wp-content\/uploads\/2024\/01\/art-miguel-300x185.png 300w, https:\/\/elvitraldelaciencia.org\/revista\/wp-content\/uploads\/2024\/01\/art-miguel.png 683w\" sizes=\"auto, (max-width: 401px) 100vw, 401px\" \/>EL FUNDAMENTALISMO RELIGIOSO Y EL CONFLICTO <\/strong><\/span><br \/>\n<span style=\"font-size: 14pt; color: #800000;\"><strong>ISRAEL -PALESTINA:<\/strong><\/span><br \/>\n<span style=\"color: #3366ff;\"><strong>UNA MEZCLA EXPLOSIVA<\/strong><br \/>\n<\/span><strong>Por Dr Miguel Alfonzo<\/strong><\/p>\n<p>Independientemente del prop\u00f3sito pol\u00edtico que pueda haber detr\u00e1s de estas palabras del entonces presidente Clinton, hay tres aseveraciones aqu\u00ed que no podemos pasar por alto: En primer lugar, seg\u00fan el presidente Clinton, si EE.UU. abandona a Israel estar\u00eda cometiendo un pecado contra Dios; en segundo lugar, seg\u00fan \u00e9l, Israel posee un derecho divino sobre la tierra de Palestina; y en tercer lugar, y como consecuencia de lo anterior, EE.UU. est\u00e1 comprometido con prestar una ayuda incondicional a la naci\u00f3n de Israel.<\/p>\n<p>Estas frases del discurso de Bill Clinton resumen uno de los puntos esenciales del prolongado conflicto Palestina &#8211; Israel: las inter-pretaciones y razones religiosas que se le han dado a este conflicto que al d\u00eda de hoy persiste y sigue cobrando la vida de miles de inocentes del pueblo palestino, principalmente, con el apoyo incondicional de presidentes y sus gabinetes de numerosas administraciones estadounidenses que esgrimen y creen firmemente que Israel es el pueblo elegido por el Dios del viejo Testamento.<\/p>\n<p>&nbsp;<\/p>\n<p><span style=\"font-size: 14pt; color: #800000;\"><strong><img loading=\"lazy\" decoding=\"async\" class=\"alignleft wp-image-3355\" src=\"https:\/\/elvitraldelaciencia.org\/revista\/\/wp-content\/uploads\/2024\/01\/art-hindu-4-300x225.png\" alt=\"\" width=\"359\" height=\"269\" srcset=\"https:\/\/elvitraldelaciencia.org\/revista\/wp-content\/uploads\/2024\/01\/art-hindu-4-300x225.png 300w, https:\/\/elvitraldelaciencia.org\/revista\/wp-content\/uploads\/2024\/01\/art-hindu-4-768x576.png 768w, https:\/\/elvitraldelaciencia.org\/revista\/wp-content\/uploads\/2024\/01\/art-hindu-4-80x60.png 80w, https:\/\/elvitraldelaciencia.org\/revista\/wp-content\/uploads\/2024\/01\/art-hindu-4.png 998w\" sizes=\"auto, (max-width: 359px) 100vw, 359px\" \/>De Victimas a verdugos<\/strong><\/span><br \/>\n<span style=\"color: #3366ff;\"><strong>75 a\u00f1os de eufemismos, mentiras y manipulaci\u00f3n: <\/strong><\/span><br \/>\n<span style=\"color: #3366ff;\"><strong>Palestina, un genocidio oculto por los medios<\/strong><\/span><br \/>\n<strong>Por Lic. Hindu Andari<\/strong><\/p>\n<p>Los \u00e1rabes fueron y siguen siendo mayor\u00eda en Palestina, a pesar de que en esa tierra del Asia Occidental, se impuso desde Europa, una colonizaci\u00f3n judaica sionista, cuyo plan fue establecer un Estado para una minor\u00eda que no guardaba relaci\u00f3n con los nativos que pueblan ese territorio desde tiempos milenarios. Las bases de dicho estado son el racismo, la discriminaci\u00f3n, la segregaci\u00f3n, el sometimiento violento, para imponer a un pueblo aut\u00f3ctono, convertirse en extranjero en su propia tierra.<\/p>\n<p>Pese a la negativa de los palestinos y de los pueblos \u00e1rabes, la reci\u00e9n constituida Organizaci\u00f3n de Naciones Unidas, el 29 de noviembre de 1947, al t\u00e9rmino de la Segunda Guerra Europea, mal llamada Mundial, decidi\u00f3 dictatorialmente, con la complicidad de 33 gobiernos, de los 54 que hac\u00edan vida en esta instancia para el momento, robar, no ceder, m\u00e1s de la mitad del territorio a la elite sionista para la fabricaci\u00f3n de un estado tan racista como los nazis y negar al pueblo nativo, el derecho de decidir democr\u00e1ticamente lo que le conven\u00eda. Gran Breta\u00f1a, ir\u00f3nica y c\u00ednicamente, se abstuvo en la votaci\u00f3n de la resoluci\u00f3n 181. Irresponsablemente en 3 minutos se decidi\u00f3, no s\u00f3lo el destino de un pueblo, una regi\u00f3n, sino el de toda la humanidad.<\/p>\n<p>&nbsp;<\/p>\n<p><span style=\"font-size: 14pt; color: #800000;\"><strong><img loading=\"lazy\" decoding=\"async\" class=\"alignleft wp-image-3357\" src=\"https:\/\/elvitraldelaciencia.org\/revista\/\/wp-content\/uploads\/2024\/01\/art-hindu-0-300x186.png\" alt=\"\" width=\"415\" height=\"257\" srcset=\"https:\/\/elvitraldelaciencia.org\/revista\/wp-content\/uploads\/2024\/01\/art-hindu-0-300x186.png 300w, https:\/\/elvitraldelaciencia.org\/revista\/wp-content\/uploads\/2024\/01\/art-hindu-0.png 683w\" sizes=\"auto, (max-width: 415px) 100vw, 415px\" \/>Notas reflexivas<\/strong><\/span><br \/>\n<span style=\"color: #3366ff;\"><strong>Para des-sionizar el discurso cotidiano <\/strong><\/span><br \/>\n<span style=\"color: #3366ff;\"><strong>sobre Palestina<br \/>\n<span style=\"color: #000000;\">Por Dr. Emilio Silva<\/span><\/strong><\/span><\/p>\n<p><strong>Ciencia contra ideolog\u00eda<\/strong><br \/>\nConocer la verdad en funci\u00f3n de transformar la realidad conlleva a la posibilidad de alcanzar la sabidur\u00eda, o sea, el \u201cgrado m\u00e1s alto de conocimiento\u201d seg\u00fan el Diccionario de la Real Academia Espa\u00f1ola (https:\/\/dle.rae.es\/sabidur%C3%ADa), para lo cual es perentorio efectuar un proceso intencional, sistem\u00e1tico y permanente de b\u00fasqueda, descubrimiento, creaci\u00f3n, revisi\u00f3n, rectificaci\u00f3n y s\u00edntesis de saberes altamente confiables, as\u00ed como el resultado organizado que se logra mediante ese proceso, es decir, hacer ciencia seg\u00fan Morles (2002: 50). De aqu\u00ed se deduce que la ciencia consiste en la b\u00fasqueda met\u00f3dica y rigurosa de la verdad, lo que permite elevar los niveles de conciencia como reflejo de la realidad en la mente del ser humano, condici\u00f3n necesaria pero no suficiente para convertirlo en sujeto transformador de su propio contexto socio-hist\u00f3rico conjuntamente con sus semejantes (<span style=\"color: #800000;\"><em>Rosenthal e Ludin, 2004: 76, 77<\/em><\/span>). En resumen, la ciencia sirve a la conciencia.<\/p>\n<p>Ya para 1819 Sim\u00f3n Bol\u00edvar dec\u00eda en su Discurso de Angostura que \u201cpor la ignorancia nos han dominado m\u00e1s que por la fuerza\u201d, frase a\u00fan sigue vigente al haber nuevas formas de ocultar la verdad e imponer la mentira, en las mentes de quienes terminan victimizados bajo relaciones de dominaci\u00f3n, para las cuales sus beneficiarios disponen de los recursos materiales que les permite sostener la labor de intelectuales, dedicados a esconder el contenido falsario o mendaz de una palabra u oraci\u00f3n, con el fin de convertirlo en una verdad formal a ser cotidianamente aceptada como tal.<\/p>\n<p>&nbsp;<\/p>\n<p><span style=\"font-size: 14pt; color: #800000;\"><strong><img loading=\"lazy\" decoding=\"async\" class=\"alignleft wp-image-3358\" src=\"https:\/\/elvitraldelaciencia.org\/revista\/\/wp-content\/uploads\/2024\/01\/art-eder-300x167.png\" alt=\"\" width=\"349\" height=\"194\" srcset=\"https:\/\/elvitraldelaciencia.org\/revista\/wp-content\/uploads\/2024\/01\/art-eder-300x167.png 300w, https:\/\/elvitraldelaciencia.org\/revista\/wp-content\/uploads\/2024\/01\/art-eder.png 472w\" sizes=\"auto, (max-width: 349px) 100vw, 349px\" \/>\u00c1FRICA MARCA EL RUMBO A AM\u00c9RICA LATINA <\/strong><\/span><br \/>\n<span style=\"font-size: 14pt; color: #800000;\"><strong>HACIA LA MULTIPOLARIDAD<\/strong><\/span><br \/>\n<strong>Por Lic. Eder Pe\u00f1a<\/strong><\/p>\n<p>El continente africano, igual que el americano, fue colonizado e intervenido por naciones europeas y, aunque los procesos fueron distintos, hay vasos comunicantes entre las dos historias, as\u00ed como las hay con Asia.<\/p>\n<p>Uno de los referidos conductos es el comercio de esclavos que ocurri\u00f3 desde \u00c1frica hacia Am\u00e9rica entre los siglos XVI y el XIX tard\u00edo. Otro canal comunicante es la actual divisi\u00f3n internacional del trabajo, ese ordenamiento global en que las metr\u00f3polis europeas impusieron a ambos continentes el papel de ser enclaves extractivos, no importa de qu\u00e9 modelo econ\u00f3mico se tratara.<\/p>\n<p><span style=\"color: #800000;\"><strong>LA INDEPENDENCIA INCOMPLETA Y EL PRISMA DE LA SUPERIORIDAD RACIAL<\/strong><\/span><br \/>\nDesde finales del siglo XIX el desarrollo europeo se afinc\u00f3 mucho m\u00e1s en el saqueo de tierras africanas y la compra-venta de su gente. Adem\u00e1s, muchos hombres africanos se alistaron para luchar en las guerras de sus colonizadores: miles de soldados de ese continente participaron en ambas guerras \u201cmundiales\u201d.<\/p>\n<p>Luego de esta confrontaci\u00f3n en el Norte Global el efecto fue inminente. Una ola anticolonial se extendi\u00f3 por \u00c1frica, ante lo que Francia, Gran Breta\u00f1a, B\u00e9lgica y Portugal, adem\u00e1s de otras potencias imperiales, respondieron seg\u00fan sus circunstancias pol\u00edticas y econ\u00f3micas. Todas se enfrentaron a la resistencia nacionalista, ninguna accedi\u00f3 sin presiones internas a conceder la independencia a sus colonias. La mayor\u00eda de los movimientos anticoloniales utilizaron t\u00e1cticas no violentas, aunque Francia y Gran Breta\u00f1a respondieron con represi\u00f3n, lo que degener\u00f3 en luchas armadas por la independencia nacional durante los a\u00f1os 50 y 60.<\/p>\n<p>&nbsp;<\/p>\n<p><span style=\"font-size: 14pt; color: #800000;\"><strong><img loading=\"lazy\" decoding=\"async\" class=\"alignleft size-medium wp-image-3359\" src=\"https:\/\/elvitraldelaciencia.org\/revista\/\/wp-content\/uploads\/2024\/01\/fig-1-art-carlos-aponte-245x300.png\" alt=\"\" width=\"245\" height=\"300\" srcset=\"https:\/\/elvitraldelaciencia.org\/revista\/wp-content\/uploads\/2024\/01\/fig-1-art-carlos-aponte-245x300.png 245w, https:\/\/elvitraldelaciencia.org\/revista\/wp-content\/uploads\/2024\/01\/fig-1-art-carlos-aponte.png 705w\" sizes=\"auto, (max-width: 245px) 100vw, 245px\" \/>\u00c1FRICA:<\/strong><\/span><br \/>\n<span style=\"color: #3366ff;\"><strong>LA CUNA DE ADAM*<br \/>\n<span style=\"color: #000000;\">Por Dr. Carlos Aponte<\/span><\/strong><\/span><\/p>\n<p>\u00abLa ciudad de Nairobi est\u00e1 a unos 1.700 metros de altitud, y descansa sobre un vasto<br \/>\ndomo geol\u00f3gico que hace quince millones de a\u00f1os levant\u00f3 la corteza terrestre desde el nivel del mar hasta m\u00e1s de 3.000 metros de altura en su punto m\u00e1s alto. Por presi\u00f3n de profundos movimientos tect\u00f3nicos, la placa continental se dilat\u00f3 y cedi\u00f3, formando el llamado Gregory Rift, una fractura geol\u00f3gica de m\u00e1s de 4.500 kil\u00f3metros, desde Israel al norte, hasta Mozambique, al sur. La formaci\u00f3n de la fractura, un accidente geol\u00f3gico de proporciones gigantescas, desempe\u00f1\u00f3 un rol vital en la evoluci\u00f3n de nuestra especie. De hecho, es posible que si el Gregory Rift no se hubiera formado cuando y donde lo hizo, la especie humana tal vez nunca habr\u00eda aparecido\u00bb Richard Leakey<\/p>\n<p>UN GUI\u00d1O DARWINIANO<br \/>\nNo deja de ser una especie de exquisitez encontrar en la implacable l\u00f3gica de Charles Darwin (Figura 1) esa intuici\u00f3n tan necesaria al conocimiento y la ciencia. En su portentoso libro: El Origen del Hombre ya expresa tempranamente esa idea, un poco inc\u00f3moda para ciertos seres humanos, sobre el origen primate del hombre:<\/p>\n<p>\u00ab[\u2026] De aqu\u00ed es que debe tenerse por improbable que alguna antigua especie del Nuevo Mundo, en sus variaciones, produjera seres de aspecto humano con todos los caracteres propios de la divisi\u00f3n del antiguo continente, perdiendo al mismo tiempo sus distintivos propios. Resulta, pues, por consecuencia, que el hombre es una rama del \u00e1rbol de los simios del antiguo continente, y que bajo el punto de vista geneal\u00f3gico se le debe colocar en el grupo catarrino\u00bb (3)<\/p>\n<p>M\u00e1s adelante contin\u00faa de forma implacable y para molestia del status quo eclesi\u00e1stico\/social de la \u00e9poca victoriana su argumentaci\u00f3n sobre \u2013ahora- el tipo de ancestro que deber\u00edamos tener todos los seres humanos en nuestro pasado primate:<\/p>\n<p>\u00abAdmitiendo que los monos antropomorfos formen un subgrupo natural, y siendo el hombre tan parecido a estos animales, no s\u00f3lo en todos aquellos caracteres que le son comunes con todo el grupo catarrino, sino tambi\u00e9n en otros caracteres peculiares, como ausencia de cola y de callosidades, y en su aspecto general podemos inferir que un miembro antiguo del subgrupo antropomorfo diera origen al hombre\u2026\u00bb (ibid).<\/p>\n<p>&nbsp;<\/p>\n<p><span style=\"font-size: 14pt; color: #800000;\"><strong><img loading=\"lazy\" decoding=\"async\" class=\"alignleft wp-image-3360\" src=\"https:\/\/elvitraldelaciencia.org\/revista\/\/wp-content\/uploads\/2024\/01\/art-stalina-300x289.png\" alt=\"\" width=\"342\" height=\"329\" srcset=\"https:\/\/elvitraldelaciencia.org\/revista\/wp-content\/uploads\/2024\/01\/art-stalina-300x289.png 300w, https:\/\/elvitraldelaciencia.org\/revista\/wp-content\/uploads\/2024\/01\/art-stalina-768x740.png 768w, https:\/\/elvitraldelaciencia.org\/revista\/wp-content\/uploads\/2024\/01\/art-stalina.png 900w\" sizes=\"auto, (max-width: 342px) 100vw, 342px\" \/>JES\u00daS Y PALESTINA:<\/strong><\/span><br \/>\n<span style=\"color: #3366ff;\"><strong>Algunas Luces<\/strong><\/span><br \/>\n<strong>Por Dra. Estalina Ba\u00e9z<\/strong><\/p>\n<p><strong>INTRODUCCI\u00d3N<\/strong><br \/>\nEl sacerdote argentino Marcelo Gallardo, que vive en Medio Oriente desde hace m\u00e1s de treinta a\u00f1os, nunca vio en Bel\u00e9n, la ciudad donde se cree que naci\u00f3 Jes\u00fas, una Navidad tan triste, marcada a fuego por las m\u00e1s de 20.000 muertes en Gaza, entre los cuales m\u00e1s de 8000 ni\u00f1os.<\/p>\n<p>En esta oportunidad, la escena de la Natividad, el pesebre donde normalmente se encuentra el Ni\u00f1o Jes\u00fas junto a sus padres, Mar\u00eda y Jos\u00e9, aparece entre escombros, entre ruinas, piedras, para escenificar los m\u00e1s de 20.000 muertos en Gaza, el 70% mujeres y ni\u00f1os y centenares de familias, seg\u00fan cifras de las autoridades sanitarias de la Franja.<\/p>\n<p>Pero, hay muchas preguntas sobre la fecha de natividad. \u00bfQui\u00e9n fue Jes\u00fas el nazareno? \u00bfQu\u00e9 secreto se encierra en este galileo fascinante,nacido hace dos mil a\u00f1os en una aldea insignificante del Imperio romano y ejecutado como un malhechor cerca de una vieja cantera, en las afueras de Jerusal\u00e9n, cuando rondaba los treinta a\u00f1os? \u00bfQui\u00e9n fue este hombre que ha marcado decisivamente la religi\u00f3n, la cultura y el arte de Occidente hasta imponer incluso su calendario? Las respuestas no son sencillas, pero daremos algunas luces en este resumido art\u00edculo.<\/p>\n<p>&nbsp;<\/p>\n<p><span style=\"color: #800000;\"><strong><img loading=\"lazy\" decoding=\"async\" class=\"alignleft wp-image-3361\" src=\"https:\/\/elvitraldelaciencia.org\/revista\/\/wp-content\/uploads\/2024\/01\/entrevista-300x177.png\" alt=\"\" width=\"334\" height=\"197\" srcset=\"https:\/\/elvitraldelaciencia.org\/revista\/wp-content\/uploads\/2024\/01\/entrevista-300x177.png 300w, https:\/\/elvitraldelaciencia.org\/revista\/wp-content\/uploads\/2024\/01\/entrevista-768x454.png 768w, https:\/\/elvitraldelaciencia.org\/revista\/wp-content\/uploads\/2024\/01\/entrevista.png 953w\" sizes=\"auto, (max-width: 334px) 100vw, 334px\" \/>EL SIONISMO ES EL GRAN INVASOR Y GENOCIDA<\/strong><\/span><br \/>\n<span style=\"color: #3366ff;\"><strong>Entrevista al profesor Emilio Silva<\/strong><\/span><br \/>\n<strong>Por Lic Noel R\u00edos<\/strong><\/p>\n<p>El conflicto y la tragedia que sufre el pueblo palestino tienen, entre sus causas, una historia que no se cuenta sobre el origen del movimiento que gobierna en el pa\u00eds agresor. Es un movimiento de muchos tent\u00e1culos que desde hace m\u00e1s de un siglo se fue formando y que hoy tiene presencia en muchos pa\u00edses. Es el poder detr\u00e1s del poder pol\u00edtico. Y se escudan en una religi\u00f3n para cometer los m\u00e1s horrendos cr\u00edmenes contra la humanidad y con el apoyo del imperialismo y el silencio de la comunidad de naciones.<\/p>\n<p>&nbsp;<\/p>\n<p><span style=\"color: #800000; font-size: 14pt;\"><strong><img loading=\"lazy\" decoding=\"async\" class=\"alignleft size-medium wp-image-3373\" src=\"https:\/\/elvitraldelaciencia.org\/revista\/\/wp-content\/uploads\/2024\/01\/NOEL-Hinduparesena-300x160.jpg\" alt=\"\" width=\"300\" height=\"160\" srcset=\"https:\/\/elvitraldelaciencia.org\/revista\/wp-content\/uploads\/2024\/01\/NOEL-Hinduparesena-300x160.jpg 300w, https:\/\/elvitraldelaciencia.org\/revista\/wp-content\/uploads\/2024\/01\/NOEL-Hinduparesena-1024x545.jpg 1024w, https:\/\/elvitraldelaciencia.org\/revista\/wp-content\/uploads\/2024\/01\/NOEL-Hinduparesena-768x409.jpg 768w, https:\/\/elvitraldelaciencia.org\/revista\/wp-content\/uploads\/2024\/01\/NOEL-Hinduparesena-1536x817.jpg 1536w, https:\/\/elvitraldelaciencia.org\/revista\/wp-content\/uploads\/2024\/01\/NOEL-Hinduparesena-2048x1090.jpg 2048w\" sizes=\"auto, (max-width: 300px) 100vw, 300px\" \/> El Genocidio Sionista en Palestina debe Detenerse <\/strong><\/span><br \/>\n<span style=\"color: #800000;\"><strong><span style=\"font-size: 14pt;\">con Medidas Militares, Econ\u00f3micas y Pol\u00edticas<\/span><br \/>\n<span style=\"color: #3366ff;\">Entrevista a Hindu Andari<br \/>\n<\/span><\/strong><\/span><strong>Por Lic Noel R\u00edos<\/strong><span style=\"color: #800000;\"><strong><span style=\"color: #3366ff;\"><br \/>\n<\/span><\/strong><\/span><\/p>\n<p>Un pueblo que tiene 75 a\u00f1os ocupado, que le roban permanentemente su territorio, que le asesinan permanentemente a su pueblo, que les cortan la posibilidad de relaci\u00f3n y de conexi\u00f3n con sus iguales, que les devastan sus campos de los Olivos, que les derriban su sus viviendas permanentemente, que se las ocupan, que le derrumban sus sitios sagrados, \u00bfc\u00f3mo va a responder?<\/p>\n<p>&nbsp;<\/p>\n<p>&nbsp;<\/p>\n","protected":false},"excerpt":{"rendered":"<p>Vol 4. (1). A\u00f1o 2024 &nbsp; Ver Revista completa &nbsp; &nbsp; &nbsp; &nbsp; &nbsp; &nbsp; EL FUNDAMENTALISMO RELIGIOSO Y EL CONFLICTO ISRAEL -PALESTINA: UNA MEZCLA EXPLOSIVA Por Dr Miguel Alfonzo&hellip; <\/p>\n","protected":false},"author":2,"featured_media":3353,"comment_status":"closed","ping_status":"closed","sticky":false,"template":"","format":"standard","meta":{"footnotes":""},"categories":[11,22,18,21],"tags":[],"class_list":["post-3352","post","type-post","status-publish","format-standard","has-post-thumbnail","hentry","category-destacado","category-vitral","category-porta","category-publi"],"_links":{"self":[{"href":"https:\/\/elvitraldelaciencia.org\/revista\/wp-json\/wp\/v2\/posts\/3352","targetHints":{"allow":["GET"]}}],"collection":[{"href":"https:\/\/elvitraldelaciencia.org\/revista\/wp-json\/wp\/v2\/posts"}],"about":[{"href":"https:\/\/elvitraldelaciencia.org\/revista\/wp-json\/wp\/v2\/types\/post"}],"author":[{"embeddable":true,"href":"https:\/\/elvitraldelaciencia.org\/revista\/wp-json\/wp\/v2\/users\/2"}],"replies":[{"embeddable":true,"href":"https:\/\/elvitraldelaciencia.org\/revista\/wp-json\/wp\/v2\/comments?post=3352"}],"version-history":[{"count":0,"href":"https:\/\/elvitraldelaciencia.org\/revista\/wp-json\/wp\/v2\/posts\/3352\/revisions"}],"wp:featuredmedia":[{"embeddable":true,"href":"https:\/\/elvitraldelaciencia.org\/revista\/wp-json\/wp\/v2\/media\/3353"}],"wp:attachment":[{"href":"https:\/\/elvitraldelaciencia.org\/revista\/wp-json\/wp\/v2\/media?parent=3352"}],"wp:term":[{"taxonomy":"category","embeddable":true,"href":"https:\/\/elvitraldelaciencia.org\/revista\/wp-json\/wp\/v2\/categories?post=3352"},{"taxonomy":"post_tag","embeddable":true,"href":"https:\/\/elvitraldelaciencia.org\/revista\/wp-json\/wp\/v2\/tags?post=3352"}],"curies":[{"name":"wp","href":"https:\/\/api.w.org\/{rel}","templated":true}]}}