{"id":3408,"date":"2024-02-11T23:31:09","date_gmt":"2024-02-12T03:31:09","guid":{"rendered":"https:\/\/elvitraldelaciencia.org\/revista\/\/?p=3408"},"modified":"2024-02-12T00:38:45","modified_gmt":"2024-02-12T04:38:45","slug":"circulacion-en-el-oceano-atlantico-la-crisis-climatica-se-dirige-hacia-un-punto-de-inflexion","status":"publish","type":"post","link":"https:\/\/elvitraldelaciencia.org\/revista\/circulacion-en-el-oceano-atlantico-la-crisis-climatica-se-dirige-hacia-un-punto-de-inflexion\/","title":{"rendered":"Circulaci\u00f3n en el oc\u00e9ano Atl\u00e1ntico: La crisis clim\u00e1tica se dirige hacia un punto de inflexi\u00f3n"},"content":{"rendered":"<p><img loading=\"lazy\" decoding=\"async\" class=\" wp-image-3409 alignleft\" src=\"https:\/\/elvitraldelaciencia.org\/revista\/\/wp-content\/uploads\/2024\/02\/AMOC-300x225.png\" alt=\"\" width=\"430\" height=\"323\" srcset=\"https:\/\/elvitraldelaciencia.org\/revista\/wp-content\/uploads\/2024\/02\/AMOC-300x225.png 300w, https:\/\/elvitraldelaciencia.org\/revista\/wp-content\/uploads\/2024\/02\/AMOC-80x60.png 80w, https:\/\/elvitraldelaciencia.org\/revista\/wp-content\/uploads\/2024\/02\/AMOC.png 637w\" sizes=\"auto, (max-width: 430px) 100vw, 430px\" \/>La cadena de acontecimientos reportada en recientes investigaciones clave es la siguiente:<\/p>\n<ol>\n<li>La circulaci\u00f3n meridional atl\u00e1ntica de retorno (AMOC, por sus siglas en ingl\u00e9s) se ha ralentizado significativamente, y las corrientes de agua oce\u00e1nica que la componen\u00a0 son las m\u00e1s lentas de los \u00faltimos 1000 a\u00f1os.<\/li>\n<li>Los an\u00e1lisis de f\u00edsica no lineal muestran que la probabilidad de que la AMOC se detenga entre 2025 y 2095 es del 95%, con una probabilidad m\u00e1xima en torno a 2050.<\/li>\n<li>El apag\u00f3n de la AMOC enfriar\u00eda b\u00e1sicamente el hemisferio norte y calentar\u00eda el hemisferio sur.<\/li>\n<li>El alto \u00c1rtico al norte del archipi\u00e9lago canadiense, Groenlandia y los pa\u00edses escandinavos se enfriar\u00edan hasta 8\u00baC, Europa occidental se enfriar\u00eda entre 2 y 3\u00baC.<\/li>\n<li>Con el desplazamiento de la Zona de Convergencia Intertropical desde el norte del ecuador hacia el sur del ecuador, las precipitaciones aumentar\u00edan hasta un 100%.<\/li>\n<li>El cambio din\u00e1mico del nivel del mar ser\u00eda grande.<\/li>\n<\/ol>\n<p><a href=\"https:\/\/www.science.org\/doi\/10.1126\/sciadv.adk1189\">Ver art\u00edculo original<\/a><\/p>\n","protected":false},"excerpt":{"rendered":"<p>La cadena de acontecimientos reportada en recientes investigaciones clave es la siguiente: La circulaci\u00f3n meridional atl\u00e1ntica de retorno (AMOC, por sus siglas en ingl\u00e9s) se ha ralentizado significativamente, y las&hellip; <\/p>\n","protected":false},"author":2,"featured_media":3411,"comment_status":"closed","ping_status":"closed","sticky":false,"template":"","format":"standard","meta":{"footnotes":""},"categories":[16,11,18],"tags":[],"class_list":["post-3408","post","type-post","status-publish","format-standard","has-post-thumbnail","hentry","category-avan","category-destacado","category-porta"],"_links":{"self":[{"href":"https:\/\/elvitraldelaciencia.org\/revista\/wp-json\/wp\/v2\/posts\/3408","targetHints":{"allow":["GET"]}}],"collection":[{"href":"https:\/\/elvitraldelaciencia.org\/revista\/wp-json\/wp\/v2\/posts"}],"about":[{"href":"https:\/\/elvitraldelaciencia.org\/revista\/wp-json\/wp\/v2\/types\/post"}],"author":[{"embeddable":true,"href":"https:\/\/elvitraldelaciencia.org\/revista\/wp-json\/wp\/v2\/users\/2"}],"replies":[{"embeddable":true,"href":"https:\/\/elvitraldelaciencia.org\/revista\/wp-json\/wp\/v2\/comments?post=3408"}],"version-history":[{"count":0,"href":"https:\/\/elvitraldelaciencia.org\/revista\/wp-json\/wp\/v2\/posts\/3408\/revisions"}],"wp:featuredmedia":[{"embeddable":true,"href":"https:\/\/elvitraldelaciencia.org\/revista\/wp-json\/wp\/v2\/media\/3411"}],"wp:attachment":[{"href":"https:\/\/elvitraldelaciencia.org\/revista\/wp-json\/wp\/v2\/media?parent=3408"}],"wp:term":[{"taxonomy":"category","embeddable":true,"href":"https:\/\/elvitraldelaciencia.org\/revista\/wp-json\/wp\/v2\/categories?post=3408"},{"taxonomy":"post_tag","embeddable":true,"href":"https:\/\/elvitraldelaciencia.org\/revista\/wp-json\/wp\/v2\/tags?post=3408"}],"curies":[{"name":"wp","href":"https:\/\/api.w.org\/{rel}","templated":true}]}}