{"id":3413,"date":"2024-02-12T00:04:15","date_gmt":"2024-02-12T04:04:15","guid":{"rendered":"https:\/\/elvitraldelaciencia.org\/revista\/\/?p=3413"},"modified":"2024-02-12T00:04:15","modified_gmt":"2024-02-12T04:04:15","slug":"profesor-emilio-silva-el-sionismo-es-el-gran-invasor-y-genocida","status":"publish","type":"post","link":"https:\/\/elvitraldelaciencia.org\/revista\/profesor-emilio-silva-el-sionismo-es-el-gran-invasor-y-genocida\/","title":{"rendered":"Profesor Emilio Silva: \u00abEL SIONISMO ES EL GRAN INVASOR Y GENOCIDA\u00bb"},"content":{"rendered":"<p><strong>Por Lic Noel R\u00edos<\/strong><\/p>\n<p>El conflicto <img loading=\"lazy\" decoding=\"async\" class=\" wp-image-3415 alignleft\" src=\"https:\/\/elvitraldelaciencia.org\/revista\/\/wp-content\/uploads\/2024\/02\/emilio-169x300.png\" alt=\"\" width=\"229\" height=\"406\" srcset=\"https:\/\/elvitraldelaciencia.org\/revista\/wp-content\/uploads\/2024\/02\/emilio-169x300.png 169w, https:\/\/elvitraldelaciencia.org\/revista\/wp-content\/uploads\/2024\/02\/emilio.png 239w\" sizes=\"auto, (max-width: 229px) 100vw, 229px\" \/>y la tragedia que sufre el pueblo palestino tienen, entre sus causas, una historia que no se cuenta sobre el origen del movimiento que gobierna en el pa\u00eds agresor. Es un movimiento de muchos tent\u00e1culos que desde hace m\u00e1s de un siglo se fue formando y que hoy tiene presencia en muchos pa\u00edses. Es el poder detr\u00e1s del poder pol\u00edtico. Y se escudan en una religi\u00f3n para cometer los m\u00e1s horrendos cr\u00edmenes contra la humanidad y con el apoyo del imperialismo y el silencio de la comunidad de naciones.<\/p>\n<p><strong>Algunas preguntas y respuestas:<\/strong><\/p>\n<h3><span style=\"color: #800000;\"><em>\u00bfExisten divisiones entre los sionistas?<\/em><\/span><\/h3>\n<p>S\u00ed, en el seno de movimiento sionista se tienen divisiones donde el racismo, el colonialismo y el anti comunismo son las tres cosas que los mantienen unidos.<\/p>\n<h3><span style=\"color: #800000;\"><em>\u00bfY por qu\u00e9 Palestina?<\/em><\/span><\/h3>\n<p>Se decidieron por Palestina por varias razones. Primero hist\u00f3ricamente los puertos de los actuales pa\u00edses de Palestina, L\u00edbano y Siria formaban parte de lo que se conoc\u00eda como la Ruta de la Seda que en su momento dichos puertos fueron tomados desde la Europa feudal con el movimiento de las cruzadas, con la excusa de proteger la religi\u00f3n cristiana en los territorios y proteger la ruta.<\/p>\n<h3><span style=\"color: #800000;\"><em>\u00bfEl sionismo hizo tratos con los nazis alemanes?<\/em><\/span><\/h3>\n<p>En virtud a esa traici\u00f3n asquerosa del imperialismo ingl\u00e9s al movimiento sionista en su seno se agudizaron las contradicciones y ocurri\u00f3 lo siguiente: el llamado sionismo pol\u00edtico decidi\u00f3 recurrir a la negociaci\u00f3n pol\u00edtica otra vez con el imperialismo ingl\u00e9s, cuesti\u00f3n que no les dio resultado.<\/p>\n<p>Mucho m\u00e1s en <a href=\"https:\/\/elvitraldelaciencia.org\/revista\/\/el-vitral-de-la-ciencia-vol-4-n-1-2024\/\">El Vitral de la Ciencia. Vol 4. N\u00b0 1: (2024)<\/a><\/p>\n<p>(<a href=\"https:\/\/drive.google.com\/file\/d\/13iGo18nhbYCm7rju4Qc0W0rJ7GOUj7c5\/view\">Descarga<\/a>)<\/p>\n<p>&nbsp;<\/p>\n<p>&nbsp;<\/p>\n<p>&nbsp;<\/p>\n<p>&nbsp;<\/p>\n<p>&nbsp;<\/p>\n<p>&nbsp;<\/p>\n","protected":false},"excerpt":{"rendered":"<p>Por Lic Noel R\u00edos El conflicto y la tragedia que sufre el pueblo palestino tienen, entre sus causas, una historia que no se cuenta sobre el origen del movimiento que&hellip; <\/p>\n","protected":false},"author":2,"featured_media":3414,"comment_status":"closed","ping_status":"closed","sticky":false,"template":"","format":"standard","meta":{"footnotes":""},"categories":[11,14,18],"tags":[],"class_list":["post-3413","post","type-post","status-publish","format-standard","has-post-thumbnail","hentry","category-destacado","category-entre","category-porta"],"_links":{"self":[{"href":"https:\/\/elvitraldelaciencia.org\/revista\/wp-json\/wp\/v2\/posts\/3413","targetHints":{"allow":["GET"]}}],"collection":[{"href":"https:\/\/elvitraldelaciencia.org\/revista\/wp-json\/wp\/v2\/posts"}],"about":[{"href":"https:\/\/elvitraldelaciencia.org\/revista\/wp-json\/wp\/v2\/types\/post"}],"author":[{"embeddable":true,"href":"https:\/\/elvitraldelaciencia.org\/revista\/wp-json\/wp\/v2\/users\/2"}],"replies":[{"embeddable":true,"href":"https:\/\/elvitraldelaciencia.org\/revista\/wp-json\/wp\/v2\/comments?post=3413"}],"version-history":[{"count":0,"href":"https:\/\/elvitraldelaciencia.org\/revista\/wp-json\/wp\/v2\/posts\/3413\/revisions"}],"wp:featuredmedia":[{"embeddable":true,"href":"https:\/\/elvitraldelaciencia.org\/revista\/wp-json\/wp\/v2\/media\/3414"}],"wp:attachment":[{"href":"https:\/\/elvitraldelaciencia.org\/revista\/wp-json\/wp\/v2\/media?parent=3413"}],"wp:term":[{"taxonomy":"category","embeddable":true,"href":"https:\/\/elvitraldelaciencia.org\/revista\/wp-json\/wp\/v2\/categories?post=3413"},{"taxonomy":"post_tag","embeddable":true,"href":"https:\/\/elvitraldelaciencia.org\/revista\/wp-json\/wp\/v2\/tags?post=3413"}],"curies":[{"name":"wp","href":"https:\/\/api.w.org\/{rel}","templated":true}]}}