{"id":3418,"date":"2024-02-12T00:26:36","date_gmt":"2024-02-12T04:26:36","guid":{"rendered":"https:\/\/elvitraldelaciencia.org\/revista\/\/?p=3418"},"modified":"2024-02-12T00:38:37","modified_gmt":"2024-02-12T04:38:37","slug":"semana-de-la-juventud-de-ninos-ninas-y-adolescentes","status":"publish","type":"post","link":"https:\/\/elvitraldelaciencia.org\/revista\/semana-de-la-juventud-de-ninos-ninas-y-adolescentes\/","title":{"rendered":"Semana de la Juventud: DE NI\u00d1OS, NI\u00d1AS Y ADOLESCENTES&#8230;"},"content":{"rendered":"<h3><span style=\"color: #800000;\"><img loading=\"lazy\" decoding=\"async\" class=\" wp-image-3423 alignleft\" src=\"https:\/\/elvitraldelaciencia.org\/revista\/\/wp-content\/uploads\/2024\/02\/juventud01-300x200.png\" alt=\"\" width=\"434\" height=\"289\" srcset=\"https:\/\/elvitraldelaciencia.org\/revista\/wp-content\/uploads\/2024\/02\/juventud01-300x200.png 300w, https:\/\/elvitraldelaciencia.org\/revista\/wp-content\/uploads\/2024\/02\/juventud01-1024x682.png 1024w, https:\/\/elvitraldelaciencia.org\/revista\/wp-content\/uploads\/2024\/02\/juventud01-768x512.png 768w, https:\/\/elvitraldelaciencia.org\/revista\/wp-content\/uploads\/2024\/02\/juventud01.png 1045w\" sizes=\"auto, (max-width: 434px) 100vw, 434px\" \/>DE NI\u00d1OS, NI\u00d1AS Y ADOLESCENTES&#8230;<\/span><\/h3>\n<p><strong>Por Dr. Carlos Aponte<\/strong><\/p>\n<p>El oc\u00e9ano de desamparo en que crecen ni\u00f1@s y adolescentes en un mundo capitalista y hostil&#8230;<\/p>\n<p>Las islas de privilegios de algun@s ni\u00f1@s y adolescentes, lo a\u00edsla y los devora\u2026<\/p>\n<p>Las burbujas del miedo en las que crecen y aprenden l@s ni\u00f1@s y adolescentes\u2026 los incomunican, los separan, los apartan de la vida en comunidad\u2026<\/p>\n<p>Las mansiones amuralladas de algun@s ni\u00f1@s y adolescentes previlegiad@s&#8230;<\/p>\n<p>Nos hacen recordar a Rapunzel\u2026<\/p>\n<p><a href=\"https:\/\/elvitraldelaciencia.org\/revista\/\/wp-content\/uploads\/2021\/10\/ART-CARLOS.pdf\">Ver art\u00edculo completo<\/a><\/p>\n","protected":false},"excerpt":{"rendered":"<p>DE NI\u00d1OS, NI\u00d1AS Y ADOLESCENTES&#8230; Por Dr. Carlos Aponte El oc\u00e9ano de desamparo en que crecen ni\u00f1@s y adolescentes en un mundo capitalista y hostil&#8230; Las islas de privilegios de&hellip; <\/p>\n","protected":false},"author":2,"featured_media":3419,"comment_status":"closed","ping_status":"closed","sticky":false,"template":"","format":"standard","meta":{"footnotes":""},"categories":[13,11,18],"tags":[],"class_list":["post-3418","post","type-post","status-publish","format-standard","has-post-thumbnail","hentry","category-arti","category-destacado","category-porta"],"_links":{"self":[{"href":"https:\/\/elvitraldelaciencia.org\/revista\/wp-json\/wp\/v2\/posts\/3418","targetHints":{"allow":["GET"]}}],"collection":[{"href":"https:\/\/elvitraldelaciencia.org\/revista\/wp-json\/wp\/v2\/posts"}],"about":[{"href":"https:\/\/elvitraldelaciencia.org\/revista\/wp-json\/wp\/v2\/types\/post"}],"author":[{"embeddable":true,"href":"https:\/\/elvitraldelaciencia.org\/revista\/wp-json\/wp\/v2\/users\/2"}],"replies":[{"embeddable":true,"href":"https:\/\/elvitraldelaciencia.org\/revista\/wp-json\/wp\/v2\/comments?post=3418"}],"version-history":[{"count":0,"href":"https:\/\/elvitraldelaciencia.org\/revista\/wp-json\/wp\/v2\/posts\/3418\/revisions"}],"wp:featuredmedia":[{"embeddable":true,"href":"https:\/\/elvitraldelaciencia.org\/revista\/wp-json\/wp\/v2\/media\/3419"}],"wp:attachment":[{"href":"https:\/\/elvitraldelaciencia.org\/revista\/wp-json\/wp\/v2\/media?parent=3418"}],"wp:term":[{"taxonomy":"category","embeddable":true,"href":"https:\/\/elvitraldelaciencia.org\/revista\/wp-json\/wp\/v2\/categories?post=3418"},{"taxonomy":"post_tag","embeddable":true,"href":"https:\/\/elvitraldelaciencia.org\/revista\/wp-json\/wp\/v2\/tags?post=3418"}],"curies":[{"name":"wp","href":"https:\/\/api.w.org\/{rel}","templated":true}]}}