{"id":3440,"date":"2024-02-22T22:19:18","date_gmt":"2024-02-23T02:19:18","guid":{"rendered":"https:\/\/elvitraldelaciencia.org\/revista\/\/?p=3440"},"modified":"2024-02-22T22:20:26","modified_gmt":"2024-02-23T02:20:26","slug":"el-vitral-de-la-ciencia-vol-4-n-2-2024","status":"publish","type":"post","link":"https:\/\/elvitraldelaciencia.org\/revista\/el-vitral-de-la-ciencia-vol-4-n-2-2024\/","title":{"rendered":"El Vitral de la Ciencia. Vol 4. N\u00b0 2: (2024)"},"content":{"rendered":"<p><span style=\"color: #3366ff;\"><strong><br \/>\n<img loading=\"lazy\" decoding=\"async\" class=\"alignleft size-medium wp-image-3441\" src=\"https:\/\/elvitraldelaciencia.org\/revista\/\/wp-content\/uploads\/2024\/02\/portada-final-214x300.png\" alt=\"\" width=\"214\" height=\"300\" srcset=\"https:\/\/elvitraldelaciencia.org\/revista\/wp-content\/uploads\/2024\/02\/portada-final-214x300.png 214w, https:\/\/elvitraldelaciencia.org\/revista\/wp-content\/uploads\/2024\/02\/portada-final.png 539w\" sizes=\"auto, (max-width: 214px) 100vw, 214px\" \/> Vol 4. (1). A\u00f1o 2024<\/strong><\/span><\/p>\n<p>&nbsp;<\/p>\n<p>&nbsp;<\/p>\n<p><span style=\"color: #0000ff;\"><strong><a style=\"color: #0000ff;\" href=\"https:\/\/drive.google.com\/file\/d\/1F2wfK2GPdwnsIgnHnfkCsg3uuLH0zEmK\/view?usp=sharing\">Ver Revista completa<\/a><\/strong><\/span><\/p>\n<p>&nbsp;<\/p>\n<p>&nbsp;<\/p>\n<p>&nbsp;<\/p>\n<p>&nbsp;<\/p>\n<p>&nbsp;<\/p>\n<p><span style=\"color: #3366ff;\"><strong><span style=\"font-size: 14pt; color: #800000;\">LA TUBERCULOSIS<\/span>:<\/strong><\/span><br \/>\n<span style=\"font-size: 14pt; color: #800000;\"><strong><span style=\"font-size: 12pt;\"><span style=\"color: #3366ff;\">La Plaga Blanca, Una Enfermedad No Banal<\/span><\/span><br \/>\n<span style=\"font-size: 12pt; color: #000000;\">Por Dr. Miguel Alfonzo<\/span><\/strong><\/span><\/p>\n<p><strong><img loading=\"lazy\" decoding=\"async\" class=\"alignleft wp-image-3439\" src=\"https:\/\/elvitraldelaciencia.org\/revista\/\/wp-content\/uploads\/2024\/02\/art-miguel-300x169.jpg\" alt=\"\" width=\"485\" height=\"273\" srcset=\"https:\/\/elvitraldelaciencia.org\/revista\/wp-content\/uploads\/2024\/02\/art-miguel-300x169.jpg 300w, https:\/\/elvitraldelaciencia.org\/revista\/wp-content\/uploads\/2024\/02\/art-miguel-1024x576.jpg 1024w, https:\/\/elvitraldelaciencia.org\/revista\/wp-content\/uploads\/2024\/02\/art-miguel-768x432.jpg 768w, https:\/\/elvitraldelaciencia.org\/revista\/wp-content\/uploads\/2024\/02\/art-miguel.jpg 1280w\" sizes=\"auto, (max-width: 485px) 100vw, 485px\" \/>INTRODUCCI\u00d3N<\/strong><br \/>\nDe la escritura maravillosa de Paul de Kruif, surge el eterno libro Los cazadores de microbios, cuyo cap\u00edtulo sobre el gran cient\u00edfico aleman Robert Koch, el descubridor del pat\u00f3geno de la tuberculosis, la bacteria <span style=\"color: #800000;\"><strong><em>Mycobacterium tuberculosis,<\/em><\/strong><\/span> nos hace ver lo que signific\u00f3 el impacto de ese descubrimiento en el mundo cient\u00edfico y lo que implic\u00f3 para el avance del conocimiento sobre este terrible flagelo: La tuberculosis (TB).<\/p>\n<p>Se dedic\u00f3 a recorrer los hospitales de Berl\u00edn, pidiendo le entregasen los cad\u00e1veres de hombres y mujeres fallecidos de tuberculosis; pas\u00f3 los d\u00edas l\u00fagubres y mon\u00f3tonos en los dep\u00f3sitos de cad\u00e1veres, y las noches en su laboratorio, ante el microscopio, en un silencio s\u00f3lo interrumpido por los ruidos y carreras de los conejillos de Indias. Con los tejidos enfermos de los cuerpos consumidos de los tuberculosos fallecidos, inocul\u00f3 centenares de conejillos de Indias, conejos, tres perros, trece gatos, diez gallinas y doce palomas, sin interrumpir estas inoculaciones, que parec\u00edan obra de un perturbado, realiz\u00f3 la misma operaci\u00f3n con ratones blancos, ratas, ratones de campo y dos marmotas. En toda la historia de la microbiolog\u00eda no se ha dado otro caso de un experimento hecho m\u00e1s a conciencia.<\/p>\n<p>El 24 de marzo de 1882, la Sociedad de Fisiolog\u00eda de Berl\u00edn celebr\u00f3 sesi\u00f3n en una peque\u00f1a sala que resplandec\u00eda por la presencia de los hombres de ciencia m\u00e1s brillantes de toda Alemania. Estaban presentes Paul Ehrlich y el eminente profesor Rodolfo Virchow. el que poco antes se hab\u00eda mostrado despreciativo con Koch, y casi todos los famosos pat\u00f3logos alemanes. Robert Koch, relat\u00f3 la historia lisa y llana de c\u00f3mo hab\u00eda logrado encontrar el asesino invisible de una entre cada siete personas que mor\u00edan. Dijo c\u00f3mo los m\u00e9dicos pod\u00edan aprender ya las costumbres al bacilo de la tuberculosis, el enemigo m\u00e1s peque\u00f1o de la Humanidad pero tambi\u00e9n el m\u00e1s implacable, y puso de relieve sus escondrijos, sus fuerzas, sus puntos d\u00e9biles mostrando c\u00f3mo pod\u00eda emprenderse la cruzada para aplastar, para eliminar del mundo a este enemigo mortal y subvisible. Koch se sent\u00f3 al terminar su peroraci\u00f3n, en espera de discusi\u00f3n, de los inevitables comentarios y objeciones con que son acogidas las comunicaciones revolucionarias.<\/p>\n<p>[<span style=\"color: #800000;\"><strong><em>fragmentos del capitulo IV: Roberto Koch. El Palad\u00edn Contra La Muerte. Cazadores de Microbios (1960)<\/em><\/strong><\/span>].<\/p>\n<p>Con este art\u00edculo vamos a recorrer de forma corta, pero densa, los aspectos generales de la infecci\u00f3n y los mecanismos inmunol\u00f3gicos que se activan durante la infecci\u00f3n por M. tuberculosis, dando un panorama amplio sobre la enfermedad.<\/p>\n<p>&nbsp;<\/p>\n<p><span style=\"color: #800000; font-size: 14pt;\"><strong>LA TUBERCULOSIS:<\/strong><\/span><br \/>\n<span style=\"color: #3366ff;\"><strong>Un Problema de Salud P\u00fablica A\u00fan sin Resolver<br \/>\n<span style=\"color: #000000;\">Por Dra Mar\u00eda Victoria M\u00e9ndez<\/span><\/strong><\/span><\/p>\n<p><img loading=\"lazy\" decoding=\"async\" class=\"alignleft wp-image-3443\" src=\"https:\/\/elvitraldelaciencia.org\/revista\/\/wp-content\/uploads\/2024\/02\/art-miguel-2-300x172.jpg\" alt=\"\" width=\"447\" height=\"256\" srcset=\"https:\/\/elvitraldelaciencia.org\/revista\/wp-content\/uploads\/2024\/02\/art-miguel-2-300x172.jpg 300w, https:\/\/elvitraldelaciencia.org\/revista\/wp-content\/uploads\/2024\/02\/art-miguel-2-1024x586.jpg 1024w, https:\/\/elvitraldelaciencia.org\/revista\/wp-content\/uploads\/2024\/02\/art-miguel-2-768x439.jpg 768w, https:\/\/elvitraldelaciencia.org\/revista\/wp-content\/uploads\/2024\/02\/art-miguel-2.jpg 1170w\" sizes=\"auto, (max-width: 447px) 100vw, 447px\" \/>Durante la historia de la humanidad la tuberculosis (TB), causada por una bacteria conocida como <em>Mycobacterium tuberculosis<\/em> (MTB) o bacilo de Koch ha sido una de las enfermedades con mayor impacto en el mundo. Recientemente, la COVID19 contribuy\u00f3 al incremento del n\u00famero de casos, lo que ech\u00f3 por tierra los esfuerzos de muchos a\u00f1os en el control de la TB.<\/p>\n<p>Aunado a ello, otros factores como las desigualdades sociales, las precarias condiciones de los sistemas sanitarios, la pobreza y la evoluci\u00f3n de su agente etiol\u00f3gico han favorecido la falta de control. Este art\u00edculo tiene como prop\u00f3sito dar a conocer todo lo que debes saber sobre esta enfermedad como problema de salud p\u00fablica que afecta al mundo, desde su historia, epidemiologia, transmisi\u00f3n, diagn\u00f3stico, prevenci\u00f3n y los resultados de las investigaciones que han permitido comprender la enfermedad.<\/p>\n<p>La TB ha sido considerada una de las enfermedades m\u00e1s fatales en la historia de la humanidad.<br \/>\nSeg\u00fan las evidencias cient\u00edficas, es una enfermedad que tiene al menos 9.000 a\u00f1os y se ha considerado que posee estrecha relaci\u00f3n con la historia propia de la humanidad. As\u00ed tambi\u00e9n, se estima que ha ocasionado cerca de mil millones de muertes en los \u00faltimos 200 a\u00f1os (<span style=\"color: #800000;\"><strong><em>Mourinho, 2022<\/em><\/strong><\/span>).<\/p>\n<p>Para tener una idea de la dimensi\u00f3n de esta enfermedad, m\u00e1s recientemente, en 2022, la TB fue la segunda enfermedad infecciosa que m\u00e1s muertes caus\u00f3 en el mundo despu\u00e9s de la COVID-19. Seg\u00fan el informe mundial sobre tuberculosis 2023 de la OMS, estim\u00f3 que 1.3 millones fallecieron por esta causa, lo que indica que se producen cerca de 3.500 defunciones diarias. Por otra parte, las estimaciones de la OMS indican que m\u00e1s del 80 % de los casos y las muertes se dan en pa\u00edses de ingreso bajo y mediano (<span style=\"color: #800000;\"><em><strong>OMS, 2023<\/strong><\/em><\/span>).<\/p>\n<p>&nbsp;<\/p>\n<p><span style=\"color: #800000;\"><strong><span style=\"font-size: 14pt;\">LA TUBERCULOSIS:<\/span> UNA ENFERMEDAD DIF\u00cdCIL DE TRATAR<\/strong><\/span><br \/>\n<span style=\"color: #3366ff;\"><strong>En la b\u00fasqueda de nuevos tratamientos<br \/>\n<span style=\"color: #000000;\">Por Dra Estalina B\u00e1ez-Ram\u00edrez<\/span><\/strong><\/span><\/p>\n<p><img loading=\"lazy\" decoding=\"async\" class=\" wp-image-3444\" src=\"https:\/\/elvitraldelaciencia.org\/revista\/\/wp-content\/uploads\/2024\/02\/art-estalina-2-300x169.jpg\" alt=\"\" width=\"378\" height=\"213\" srcset=\"https:\/\/elvitraldelaciencia.org\/revista\/wp-content\/uploads\/2024\/02\/art-estalina-2-300x169.jpg 300w, https:\/\/elvitraldelaciencia.org\/revista\/wp-content\/uploads\/2024\/02\/art-estalina-2-1024x576.jpg 1024w, https:\/\/elvitraldelaciencia.org\/revista\/wp-content\/uploads\/2024\/02\/art-estalina-2-768x432.jpg 768w, https:\/\/elvitraldelaciencia.org\/revista\/wp-content\/uploads\/2024\/02\/art-estalina-2.jpg 1280w\" sizes=\"auto, (max-width: 378px) 100vw, 378px\" \/><\/p>\n<p><strong>INTRODUCCI\u00d3N<\/strong><br \/>\nSe dice que una de cada 3 personas esta infectada con el bacilo de Koch, siendo una pandemia mundial.<\/p>\n<p>La tuberculosis es una enfermedad que ha afectado a los humanos por milenios, aunque se desconoce con precisi\u00f3n la fecha de origen, representa un importante problema de salud p\u00fablica, sigue siendo un enemigo para la humanidad. La tuberculosis es una enfermedad infectocontagiosa causada por Mycobacterium tuberculosis. Esta bacteria infecta con preferencia los pulmones, pero puede localizarse en otros sitios como son la pleura, ganglios linf\u00e1ticos, sistema osteoarticular, sistema nervioso, abdomen, pericardio, entre otros. Es una de las enfermedades infecto-contagiosas m\u00e1s letales y antiguas que afecta al ser humano y que posee una amplia distribuci\u00f3n en el mundo; produce cada a\u00f1o la muerte de alrededor de 2 millones de personas (<span style=\"color: #800000;\"><strong><em>Paneque Ramos y cols. 2018<\/em><\/strong><\/span>).<\/p>\n<p>La tuberculosis acompa\u00f1a al hombre desde la m\u00e1s remota antig\u00fcedad, se ha identificado su presencia en momias egipcias e incaicas en vertebras, por tuberculosis de la columna. Se encontraron bacilos de Koch en el frotis de un absceso de psoas en un ni\u00f1o inca, tan momificado como el bacilo mismo, y se ha confirmado con t\u00e9cnicas moleculares.<\/p>\n<p>Aunque ya el m\u00e1s antiguo c\u00f3digo conocido, el del rey Hammurabi de Babilonia, menciona una enfermedad pulmonar cr\u00f3nica que probablemente era la tuberculosis, esta afecci\u00f3n s\u00f3lo aparece claramente identificada en tiempos de Hip\u00f3crates (460-370 a.C.), quien acu\u00f1\u00f3 el t\u00e9rmino de \u201ctisis\u201d o consunci\u00f3n (<em><span style=\"color: #800000;\"><strong>Farga, 2004<\/strong><\/span><\/em>).<\/p>\n<p>La mayor\u00eda de los m\u00e9dicos antiguos cre\u00edan que la tuberculosis era hereditaria, pero ya Arist\u00f3teles (384-322 a.C.) y subsecuentemente Galeno (131-201), Avicena (980-1037), Francastoro (1478-1553), Morgagni (1682-1771) y muchos otros, pensaron que se trataba de una enfermedad infecciosa y contagiosa. Pero, fue principalmente Villemin (1834-1913) quien pudo demostrarlo en sus brillantes experimentos, con la inoculaci\u00f3n de material caseoso a diferentes animales de experimentaci\u00f3n (<span style=\"color: #800000;\"><strong><em>Farga, 2004<\/em><\/strong><\/span>).<\/p>\n<p>&nbsp;<\/p>\n<p><span style=\"font-size: 14pt; color: #800000;\"><strong>\u00bfEL CONSUMO LECHE O CARNE DE ANIMALES <\/strong><\/span><br \/>\n<span style=\"font-size: 14pt; color: #800000;\"><strong>CON TUBERCULOSIS ES PELIGROSO?<br \/>\n<span style=\"font-size: 12pt; color: #000000;\">Por Dra Rosalva Rodr\u00edguez<\/span><\/strong><\/span><\/p>\n<p>&nbsp;<\/p>\n<p><img loading=\"lazy\" decoding=\"async\" class=\"alignleft size-medium wp-image-3446\" src=\"https:\/\/elvitraldelaciencia.org\/revista\/\/wp-content\/uploads\/2024\/02\/art-rosalva-5-300x205.png\" alt=\"\" width=\"300\" height=\"205\" srcset=\"https:\/\/elvitraldelaciencia.org\/revista\/wp-content\/uploads\/2024\/02\/art-rosalva-5-300x205.png 300w, https:\/\/elvitraldelaciencia.org\/revista\/wp-content\/uploads\/2024\/02\/art-rosalva-5-768x526.png 768w, https:\/\/elvitraldelaciencia.org\/revista\/wp-content\/uploads\/2024\/02\/art-rosalva-5.png 894w\" sizes=\"auto, (max-width: 300px) 100vw, 300px\" \/> La tuberculosis (TBC) es una enfermedad infectocontagiosa antigua. Se estima que surgi\u00f3 hace aproximadamente unos 40.000-70.000(1), ataca un amplio rango de animales adem\u00e1s del hombre, y es producida por varias especies bacterianas del g\u00e9nero <em>Mycobacterium<\/em>. Hasta ahora se han descrito 11 miembros de este grupo que son: <em>Mycobacterium tuberculosis (M. tuberculosis), Mycobacterium bovis (M. bovis), Mycobacterium canettii (M. canettii), Mycobacterium africanum (M. africanum), Mycobacterium microti (M. microti), Mycobacterium pinnipedii (M. pinnipedii), Mycobacterium orygis (M. orygis), Mycobacterium caprae (M. caprae), Mycobacterium mungi (M. mungi), Mycobacterium suricattae (M. suricattae)<\/em> y los bacilos de Dassie y Chimpanc\u00e9. Todos son capaces de producir la enfermedad, por lo que se les agrupa y se les da el nombre de complejo Mycobacterium tuberculosis (CMTBC) (1).<\/p>\n<p>Los seres humanos son susceptibles de contagio a 8 de los 11 miembros del MTBC, principalmente a<em> M. tuberculosis, M. africanum, M. canettii y M. bovis<\/em>, por lo que anteriormente solo ellos pertenec\u00edan al complejo.<\/p>\n<p>&nbsp;<\/p>\n<p><span style=\"color: #993366;\"><strong><span style=\"color: #800000;\">LA ERA DEL SILICIO<\/span><br \/>\n<\/strong><\/span><strong>Por Dr Pedro Gruma<\/strong><\/p>\n<p><strong><img loading=\"lazy\" decoding=\"async\" class=\"alignleft wp-image-3448\" src=\"https:\/\/elvitraldelaciencia.org\/revista\/\/wp-content\/uploads\/2024\/02\/art-pedro-9-300x182.png\" alt=\"\" width=\"364\" height=\"221\" srcset=\"https:\/\/elvitraldelaciencia.org\/revista\/wp-content\/uploads\/2024\/02\/art-pedro-9-300x182.png 300w, https:\/\/elvitraldelaciencia.org\/revista\/wp-content\/uploads\/2024\/02\/art-pedro-9.png 684w\" sizes=\"auto, (max-width: 364px) 100vw, 364px\" \/>INTRODUCCI\u00d3N<\/strong><br \/>\nLos inicios de la electr\u00f3nica<br \/>\nLa microelectr\u00f3nica, la ciencia de crear miles de elementos electr\u00f3nicos de estado s\u00f3lido sobre un trocito (\u201cchip\u201d) de silicio, es la base de la moderna tecnolog\u00eda, y est\u00e1 cambiando nuestra manera de vivir, trabajar e interactuar de un modo que ni siquiera los arquitectos de semejante transformaci\u00f3n comprenden totalmente [1].<\/p>\n<p>La industria electr\u00f3nica comenz\u00f3 a principios del siglo XX con el descubrimiento de la v\u00e1lvula de vac\u00edo, inventada por J.A. Fleming, consultor de la compa\u00f1\u00eda de Tel\u00e9grafos y Tel\u00e9fonos de Inglaterra, en 1904. Consist\u00eda en un tubo de vidrio al vac\u00edo, que conten\u00eda un filamento y una placa, ambos met\u00e1licos [2-3]. L. De Forest, matem\u00e1tico e ingeniero estadounidense, insert\u00f3 un tercer elemento en el tubo, creando el triodo, el primer dispositivo amplificador [4]. Con el triodo, la industria el\u00e9ctrica se convirti\u00f3 en industria electr\u00f3nica.<\/p>\n<p>En 1915, la compa\u00f1\u00eda estadounidense Telephone &amp; Telegraph (AT&amp;T) compr\u00f3 los derechos de patente convirti\u00e9ndose en la primera compa\u00f1\u00eda que ofrec\u00eda comunicaci\u00f3n telef\u00f3nica transoce\u00e1nica. Por su parte, las fuerzas militares de diferentes pa\u00edses comenzaron a incursionar en el radar y la criptograf\u00eda. Estados Unidos, Gran Breta\u00f1a, Alemania, y la Uni\u00f3n Sovi\u00e9tica, compet\u00edan en sus investigaciones sobre la radio, otras formas de comunicaci\u00f3n sin hilos, el radar, las se\u00f1ales electr\u00f3nicas codificadas y la bal\u00edstica. Al final de I Guerra Mundial en 1918, los Estados Unidos ten\u00edan importantes centros de investigaci\u00f3n electr\u00f3nica en la AT&amp;T, General Electric (GE), Universidad de Harvard, y el Massachusetts Institute of Technology (MIT), as\u00ed como en diversos departamentos de las fuerzas armadas [5].<\/p>\n<p>&nbsp;<\/p>\n<p><span style=\"font-size: 14pt; color: #800000;\"><strong>EL C\u00c1NCER<\/strong><\/span><br \/>\n<span style=\"color: #3366ff;\"><strong>Y SUS IMPLICACIONES EMOCIONALES<br \/>\n<span style=\"color: #000000;\">Por Dra. Judith Rudas<\/span><\/strong><\/span><\/p>\n<p><img loading=\"lazy\" decoding=\"async\" class=\"alignleft wp-image-3449\" src=\"https:\/\/elvitraldelaciencia.org\/revista\/\/wp-content\/uploads\/2024\/02\/art-judith-300x200.png\" alt=\"\" width=\"429\" height=\"286\" srcset=\"https:\/\/elvitraldelaciencia.org\/revista\/wp-content\/uploads\/2024\/02\/art-judith-300x200.png 300w, https:\/\/elvitraldelaciencia.org\/revista\/wp-content\/uploads\/2024\/02\/art-judith-1024x682.png 1024w, https:\/\/elvitraldelaciencia.org\/revista\/wp-content\/uploads\/2024\/02\/art-judith-768x512.png 768w, https:\/\/elvitraldelaciencia.org\/revista\/wp-content\/uploads\/2024\/02\/art-judith-1536x1024.png 1536w, https:\/\/elvitraldelaciencia.org\/revista\/wp-content\/uploads\/2024\/02\/art-judith.png 2000w\" sizes=\"auto, (max-width: 429px) 100vw, 429px\" \/>Profundizar y abordar aspectos impl\u00edcitos en el c\u00e1ncer, para la autora est\u00e1 cargado de subjetividad, debido a experiencias evidenciadas en el entorno y otras inherentes a su grupo familiar, en tal sentido, se plante\u00f3 la necesidad de exponer algunas situaciones emocionales inmersas en esta enfermedad, que parecieran influir en la forma como muchas veces es asumida, pues se ha podido observar, en ciertos casos, que algunas personas suelen callar el s\u00edntoma y por ende, vivir en silencio su proceso, no la enfrentan, ni comunican el diagn\u00f3stico; igualmente sucede con muchos familiares, aun cuando no es contagiosa, deciden ocultarla como si lo fuese, de all\u00ed surge la siguiente interrogante: \u00bfse puede ocultar una enfermedad como el c\u00e1ncer? De all\u00ed parte la intencionalidad de abordar esta tem\u00e1tica y revisar aportes de otros investigadores, para encontrar posibles respuestas y planteamientos que puedan coadyuvar a su prevenci\u00f3n y tratamiento.<\/p>\n<p>Est\u00e1 enfocado en teor\u00edas y sustentos relacionados con las emociones y determinar \u00bfcu\u00e1les son sus contribuciones al respecto? De esta manera, exponer informaciones relevantes en torno al c\u00e1ncer, que ayuden, por un lado, en el trabajo preventivo, el cual consiste en evitar que pueda manifestarse, y por el otro, facilitar la comprensi\u00f3n de los factores relacionados, tanto para los enfermos, como para los familiares, as\u00ed los involucrados estar\u00e1n en la capacidad de discernir y afrontar las implicaciones, pues adem\u00e1s de afectar la salud y el contexto familiar, representa econ\u00f3micamente una significativa inversi\u00f3n, por los controles que amerita, el tratamiento, los ex\u00e1menes especializados y medicamentos, que suelen ser excesivamente costosos, para la mayor\u00eda que la padecen, por lo general, inaccesibles para muchas familias, a quienes se les hace imposible cancelarlos, en consecuencia se producen perdidas f\u00edsicas irreparables.<\/p>\n<p>En tal sentido, abordar la tem\u00e1tica del c\u00e1ncer, es una forma de difundir aspectos intr\u00ednsecos de esta enfermedad, que se ha convertido en una problem\u00e1tica no solo familiar, sino tambi\u00e9n social, la misma no discrimina, raza, profesi\u00f3n, ni estrato social, much\u00edsimas personas la sufren, mientras otras, por su estado de vulnerabilidad pudieran estar proclives a padecerla.<\/p>\n<p>&nbsp;<\/p>\n<p><span style=\"font-size: 14pt; color: #800000;\"><strong>SIN BICHOS NO HAY GENTE:<\/strong><\/span><br \/>\n<span style=\"color: #3366ff;\"><strong>La extinci\u00f3n es para siempre y para todo<br \/>\n<span style=\"color: #000000;\">Por Lic Eder Pe\u00f1a<\/span><\/strong><\/span><\/p>\n<p><img loading=\"lazy\" decoding=\"async\" class=\"alignleft wp-image-3451\" src=\"https:\/\/elvitraldelaciencia.org\/revista\/\/wp-content\/uploads\/2024\/02\/art-eder-206x300.jpg\" alt=\"\" width=\"218\" height=\"317\" srcset=\"https:\/\/elvitraldelaciencia.org\/revista\/wp-content\/uploads\/2024\/02\/art-eder-206x300.jpg 206w, https:\/\/elvitraldelaciencia.org\/revista\/wp-content\/uploads\/2024\/02\/art-eder.jpg 320w\" sizes=\"auto, (max-width: 218px) 100vw, 218px\" \/>Mucho se habla respecto a los impactos que ya est\u00e1n evidenci\u00e1ndose de la crisis clim\u00e1tica, sin embargo, hay menos noticias y reportajes respecto a la crisis de biodiversidad. Algunos cient\u00edficos afirman que el planeta atraviesa su sexto evento de extinci\u00f3n masiva y, a diferencia de las cinco anteriores, esta es causada por encadenamientos de efectos a partir del estilo de vida de una sola especie: <em>Homo sapiens<\/em>.<\/p>\n<p>\u00bfRecuerdas ese esquema en el que las especies son agrupadas en g\u00e9neros, y estos a su vez en familias y as\u00ed sucesivamente? M\u00e1s all\u00e1 de la p\u00e9rdida de especies est\u00e1 ocurriendo una mutilaci\u00f3n en el \u00e1rbol de la vida en la que se est\u00e1n perdiendo g\u00e9neros, familias, etc., pero tambi\u00e9n las funciones que desempe\u00f1an, es algo m\u00e1s que un tema de osos panda o delfines, las extinciones responden a patrones sist\u00e9micos y, al extinguirse una rama del \u00e1rbol, otras pueden colapsar.<\/p>\n<p>&nbsp;<\/p>\n<p>&nbsp;<\/p>\n","protected":false},"excerpt":{"rendered":"<p>Vol 4. (1). A\u00f1o 2024 &nbsp; &nbsp; Ver Revista completa &nbsp; &nbsp; &nbsp; &nbsp; &nbsp; LA TUBERCULOSIS: La Plaga Blanca, Una Enfermedad No Banal Por Dr. Miguel Alfonzo INTRODUCCI\u00d3N De&hellip; <\/p>\n","protected":false},"author":2,"featured_media":3472,"comment_status":"closed","ping_status":"closed","sticky":false,"template":"","format":"standard","meta":{"footnotes":""},"categories":[11,22,18,21],"tags":[],"class_list":["post-3440","post","type-post","status-publish","format-standard","has-post-thumbnail","hentry","category-destacado","category-vitral","category-porta","category-publi"],"_links":{"self":[{"href":"https:\/\/elvitraldelaciencia.org\/revista\/wp-json\/wp\/v2\/posts\/3440","targetHints":{"allow":["GET"]}}],"collection":[{"href":"https:\/\/elvitraldelaciencia.org\/revista\/wp-json\/wp\/v2\/posts"}],"about":[{"href":"https:\/\/elvitraldelaciencia.org\/revista\/wp-json\/wp\/v2\/types\/post"}],"author":[{"embeddable":true,"href":"https:\/\/elvitraldelaciencia.org\/revista\/wp-json\/wp\/v2\/users\/2"}],"replies":[{"embeddable":true,"href":"https:\/\/elvitraldelaciencia.org\/revista\/wp-json\/wp\/v2\/comments?post=3440"}],"version-history":[{"count":0,"href":"https:\/\/elvitraldelaciencia.org\/revista\/wp-json\/wp\/v2\/posts\/3440\/revisions"}],"wp:featuredmedia":[{"embeddable":true,"href":"https:\/\/elvitraldelaciencia.org\/revista\/wp-json\/wp\/v2\/media\/3472"}],"wp:attachment":[{"href":"https:\/\/elvitraldelaciencia.org\/revista\/wp-json\/wp\/v2\/media?parent=3440"}],"wp:term":[{"taxonomy":"category","embeddable":true,"href":"https:\/\/elvitraldelaciencia.org\/revista\/wp-json\/wp\/v2\/categories?post=3440"},{"taxonomy":"post_tag","embeddable":true,"href":"https:\/\/elvitraldelaciencia.org\/revista\/wp-json\/wp\/v2\/tags?post=3440"}],"curies":[{"name":"wp","href":"https:\/\/api.w.org\/{rel}","templated":true}]}}