{"id":3455,"date":"2024-09-09T17:14:55","date_gmt":"2024-09-09T21:14:55","guid":{"rendered":"https:\/\/elvitraldelaciencia.org\/revista\/\/?p=3455"},"modified":"2025-04-30T11:01:54","modified_gmt":"2025-04-30T15:01:54","slug":"entrevista-al-decano-de-la-fac-de-farmacia-ucv-dr-carlos-ciangherotti","status":"publish","type":"post","link":"https:\/\/elvitraldelaciencia.org\/revista\/entrevista-al-decano-de-la-fac-de-farmacia-ucv-dr-carlos-ciangherotti\/","title":{"rendered":"En homenaje: Entrevista al Decano de la Fac. de Farmacia, UCV: Dr. Carlos Ciangherotti (+)"},"content":{"rendered":"<blockquote>\n<p style=\"text-align: justify;\"><span style=\"font-family: georgia, palatino; color: #800000; --darkreader-inline-color: #5c3737; font-size: 14px;\" data-darkreader-inline-color=\"\"><em>El decano m\u00e1s joven de la UCV se nos fue. Nos estamos refiriendo al\u00a0 Dr. Carlos Cianghoretti, Decano de la Facultad de Farmacia, quien lamentablemente muri\u00f3 el 06 de septiembre por un paro card\u00edaco estando hospitalizado en el Hospital Cl\u00ednico de Caracas por una fuerte infecci\u00f3n. En su corta gesti\u00f3n de un a\u00f1o, hab\u00eda levantado esperanzas por el mejoramiento de los procesos acad\u00e9micos y administrativos, y estableciendo los cambios necesarios en su comunidad universitaria. <\/em><\/span><\/p>\n<p style=\"text-align: justify;\"><span style=\"font-family: helvetica, arial, sans-serif; color: #800000;\" data-darkreader-inline-color=\"\"><em><span style=\"font-family: georgia, palatino; font-size: 14px;\">Parte de los planes que expuso en una entrevista que le hicimos en el mes de febrero en nuestra revista El Vitral de la Ciencia (Vol 4. N\u00b0 2). Queremos hacerle un modesto homenaje a nuestro joven doctor reenviando la entrevista que se le realiz\u00f3 en esa oportunidad, cuyos sue\u00f1os y metas no deber\u00edan terminar con su partida, sino que la Facultad consolide lo que \u00e9l y su equipo inici\u00f3, en honor a su memoria.<\/span><strong><br \/>\n<img loading=\"lazy\" decoding=\"async\" class=\"wp-image-3454 aligncenter\" src=\"https:\/\/elvitraldelaciencia.org\/revista\/\/wp-content\/uploads\/2024\/02\/decano-carlos-7-300x200.png\" alt=\"\" width=\"661\" height=\"441\" srcset=\"https:\/\/elvitraldelaciencia.org\/revista\/wp-content\/uploads\/2024\/02\/decano-carlos-7-300x200.png 300w, https:\/\/elvitraldelaciencia.org\/revista\/wp-content\/uploads\/2024\/02\/decano-carlos-7-1024x682.png 1024w, https:\/\/elvitraldelaciencia.org\/revista\/wp-content\/uploads\/2024\/02\/decano-carlos-7-768x511.png 768w, https:\/\/elvitraldelaciencia.org\/revista\/wp-content\/uploads\/2024\/02\/decano-carlos-7.png 1080w\" sizes=\"auto, (max-width: 661px) 100vw, 661px\" \/><\/strong><\/em><\/span><\/p>\n<p style=\"text-align: justify;\"><span style=\"font-family: helvetica, arial, sans-serif; color: #800000;\" data-darkreader-inline-color=\"\"><strong>COHERENCIA, CORDURA Y DI\u00c1LOGO PARA GARANTIZAR LA PAZ EN LA UCV<\/strong><\/span><\/p>\n<\/blockquote>\n<p style=\"text-align: justify;\"><strong>Realizada por: Luisa Rodr\u00edguez Andarcia<\/strong><\/p>\n<p style=\"text-align: justify;\">Los titulares de la prensa venezolana el d\u00eda 20 de junio de 2023 daban cuenta de un gran acontecimiento para la vida educativa y acad\u00e9mica de la Rep\u00fablica Bolivariana de Venezuela: despu\u00e9s de 15 a\u00f1os, se realizar\u00edan elecciones en la casa de estudios que \u201cvence la sombra\u201d, la UCV. Con anterioridad se hab\u00eda suspendido un primer intento el 26 de mayo del mismo a\u00f1o.<\/p>\n<p style=\"text-align: justify;\">Hace siete meses participaron en el proceso electoral cerca de 280.000 ucevistas y escogieron los cargos de gobierno y cogobierno, d\u00edgase al Rector Dr. Victor Rago, Vicerrectora Acad\u00e9mica Dra. Mar\u00eda F\u00e1tima Garc\u00e9s, Vicerrector Administrativo Dr. Jos\u00e9 Balbino Le\u00f3n y como Secretaria a la Dra. Corina Ariztimu\u00f1o. Pero, adem\u00e1s eligieron, 1 candidato al consejo de apelaciones de las 11 facultades, 3 representantes profesorales ante el consejo universitario, 3 representantes profesorales ante el consejo de facultad y 3 representantes profesorales ante el consejo de Escuela y, a los decanos de las once facultades del Alma Mater, a saber, Agronom\u00eda, Arquitectura y Urbanismo, Ciencias, Ciencias Econ\u00f3micas y Sociales, Ciencias Jur\u00eddicas y Pol\u00edticas, Humanidades y Educaci\u00f3n, Odontolog\u00eda, Veterinaria, Ingenier\u00eda, Medicina y Farmacia. Y, precisamente, es al Decano de esta \u00faltima Facultad a quien nos vamos a referir en adelante.<\/p>\n<p style=\"text-align: justify;\"><span style=\"color: #800000;\" data-darkreader-inline-color=\"\"><strong>Biograf\u00eda de un Farmac\u00e9utico e Investigador<\/strong><\/span><br \/>\nGuanare\u00f1o de coraz\u00f3n y origen; aunque nacido en Maracay, estado Aragua, el 3 de junio de 1978; innegablemente se define como hijo de Guanare, y por tanto Venezolano. Es farmac\u00e9utico de profesi\u00f3n, con talento probado de investigador. Apenas tiene cuarenta y cinco primaveras pero, lleva la responsabilidad sobre sus hombros, manos y conciencia de orientar la formaci\u00f3n acad\u00e9mica, de investigaci\u00f3n y extensi\u00f3n de los farmac\u00e9uticos y farmac\u00e9uticas que forma la primera casa de estudios venezolana. Estamos hablando de Carlos Eduardo Ciangherotti Franco, quien desde el 20 de Junio del 2023 fue electo por la comunidad universitaria: Decano de la Facultad de Farmacia de la Universidad Central de Venezuela.<\/p>\n<p style=\"text-align: justify;\">El doctor Carlos Ciangherotti, es egresado como Farmac\u00e9utico de la Universidad de los Andes en la ciudad de M\u00e9rida, el a\u00f1o 2002. Es doctor en farmacolog\u00eda egresado en el 2012 de la UCV y, est\u00e1 en proceso de obtener otro doctorado, en qu\u00edmica de plantas naturales, tambi\u00e9n en la UCV. Es hijo de Eduardo Ciangherotti y de Omaira Franco de Ciangherotti de Guanare, estado Portuguesa. Desde el pre-escolar hasta la educaci\u00f3n media estudi\u00f3 en el Colegio cat\u00f3lico Sagrado Coraz\u00f3n de Jes\u00fas; de donde egresa como bachiller y decide inscribirse en la Unellez a estudiar Ingenier\u00eda en recursos naturales renovables. Al cabo de dos semestres de estudios, toma la decisi\u00f3n de trasladarse a la Universidad de los Andes y se matricula en la Facultad de Farmacia en 1997, de donde egresa cinco a\u00f1os despu\u00e9s.<\/p>\n<p style=\"text-align: justify;\"><span style=\"color: #800000;\" data-darkreader-inline-color=\"\"><strong>Al respecto le se\u00f1alamos, al doctor Ciangherotti, usted pudo quedarse en M\u00e9rida, la Ciudad de los Caballeros, pero, decide venirse hasta la capital de la Rep\u00fablica. \u00bfQu\u00e9 lo motiva a llegar a Caracas? Brillan sus ojos y la boca emite una juvenil sonrisa al contestar nuestra interrogante:<\/strong><\/span><\/p>\n<p style=\"text-align: justify;\"><em>Realmente en alg\u00fan momento, desde los primeros semestres en la ULA, me enamor\u00e9 de la qu\u00edmica org\u00e1nica y surgieron mis primeras inclinaciones hacia la docencia, lo que me estimul\u00f3 a concursar para preparador de esa asignatura y por varios a\u00f1os ejerc\u00ed la preparaduria. All\u00ed, varios profesores de las ciencias farmac\u00e9uticas, del Instituto de Investigaciones Farmac\u00e9uticas de la Facultad me permitieron que hiciera investigaciones cient\u00edficas en el \u00e1rea de la qu\u00edmica de productos naturales; siendo estudiante de pregrado, no era una asignatura. Comienzo a realizar investigaciones cient\u00edficas, espec\u00edficamente qu\u00edmica de productos naturales de varias plantas medicinales. As\u00ed, surgi\u00f3 mi enamoramiento con la qu\u00edmica, lo que me permiti\u00f3 participar en publicaciones cient\u00edficas del trabajo sobre plantas naturales.<\/em><\/p>\n<p style=\"text-align: justify;\"><span style=\"color: #800000;\" data-darkreader-inline-color=\"\"><strong><img loading=\"lazy\" decoding=\"async\" class=\"alignleft size-medium wp-image-3457\" src=\"https:\/\/elvitraldelaciencia.org\/revista\/\/wp-content\/uploads\/2024\/02\/decano-carlos-6-300x226.png\" alt=\"\" width=\"300\" height=\"226\" srcset=\"https:\/\/elvitraldelaciencia.org\/revista\/wp-content\/uploads\/2024\/02\/decano-carlos-6-300x226.png 300w, https:\/\/elvitraldelaciencia.org\/revista\/wp-content\/uploads\/2024\/02\/decano-carlos-6-1024x770.png 1024w, https:\/\/elvitraldelaciencia.org\/revista\/wp-content\/uploads\/2024\/02\/decano-carlos-6-768x577.png 768w, https:\/\/elvitraldelaciencia.org\/revista\/wp-content\/uploads\/2024\/02\/decano-carlos-6-80x60.png 80w, https:\/\/elvitraldelaciencia.org\/revista\/wp-content\/uploads\/2024\/02\/decano-carlos-6.png 1080w\" sizes=\"auto, (max-width: 300px) 100vw, 300px\" \/>El doctor Carlos Ciangherotti prosigue se\u00f1alando:<\/strong><\/span><br \/>\n<em>Asist\u00ed a congresos internacionales en otros pa\u00edses. Eso me marc\u00f3 para siempre. Como estaba en la parte de los estudios de la qu\u00edmica, me di cuenta que hacia falta un complemento hacia esa investigaci\u00f3n un poco m\u00e1s farmacol\u00f3gica y biol\u00f3gica, que en la Universidad de los Andes no tenia la oportunidad de desarrollar. En la carrera hab\u00eda una especie de menci\u00f3n o especialidad peque\u00f1a, que aqu\u00ed tambi\u00e9n se hace y, yo escog\u00ed la especialidad de toxicolog\u00eda que era lo mas cercano. Estando para graduarme, veo que la UCV estaba ofreciendo los cursos de postgrados y, me vine a realizar el doctorado e ingres\u00e9 como estudiante en farmacolog\u00eda. All\u00ed me gradu\u00e9 de doctor en farmacolog\u00eda en el a\u00f1o 2012. Aunque a partir de 2004 asum\u00ed como profesor instructor en la c\u00e1tedra de Toxicolog\u00eda Forense.<\/em><\/p>\n<p style=\"text-align: justify;\"><span style=\"color: #800000;\" data-darkreader-inline-color=\"\"><strong>Parece aleg\u00f3rico pero, hoy, Carlos Eduardo Ciangherotti, es el Decano de la Facultad de Farmacia y parte de su responsabilidad es hacer efectivo el derecho a la educaci\u00f3n de los adolescentes y j\u00f3venes matriculados en esta \u00e1rea de estudios y para ello, debe desarrollar su labor d\u00e1ndole cumplimiento a la Constituci\u00f3n de la Rep\u00fablica Bolivariana de Venezuela la cual establece que: \u201c&#8230;Se consagra la autonom\u00eda universitaria para planificar, organizar, elaborar y actualizar los programas de investigaci\u00f3n, docencia y a extensi\u00f3n&#8230;\u201d y, en ese sentido le pregunto: \u00bflos estudiantes de la facultad, pueden contar con la UCV , as\u00ed como usted cont\u00f3 con la universidad, para garantizar su ingreso, formaci\u00f3n, permanencia y egreso?<\/strong><\/span><\/p>\n<p style=\"text-align: justify;\"><strong><img loading=\"lazy\" decoding=\"async\" class=\"alignleft wp-image-3458\" src=\"https:\/\/elvitraldelaciencia.org\/revista\/\/wp-content\/uploads\/2024\/02\/decano-carlos-4-300x225.png\" alt=\"\" width=\"472\" height=\"354\" srcset=\"https:\/\/elvitraldelaciencia.org\/revista\/wp-content\/uploads\/2024\/02\/decano-carlos-4-300x225.png 300w, https:\/\/elvitraldelaciencia.org\/revista\/wp-content\/uploads\/2024\/02\/decano-carlos-4-768x576.png 768w, https:\/\/elvitraldelaciencia.org\/revista\/wp-content\/uploads\/2024\/02\/decano-carlos-4-80x60.png 80w, https:\/\/elvitraldelaciencia.org\/revista\/wp-content\/uploads\/2024\/02\/decano-carlos-4.png 883w\" sizes=\"auto, (max-width: 472px) 100vw, 472px\" \/>Muy seguro, de forma afirmativa y rotunda se\u00f1ala:<\/strong> <em>Si, aun cuando tengo s\u00f3lo seis meses ejerciendo como decano, siento que pueden contar con la UCV. Me propongo desarrollar planes para que los estudiantes se sientan incluidos, aumentando la comunicaci\u00f3n. Abrir m\u00e1s ese mundo que yo viv\u00ed como investigador en el pregrado. Aqu\u00ed los estudiantes cuentan con becas y preparadurias que son pagos. Lamentablemente lo que devengan son peque\u00f1os aportes, es poco dinero en comparaci\u00f3n con el costo de la vida pero, hay que buscar apoyo con instituciones p\u00fablicas y privadas. Actualmente estamos por firmar convenios de intenci\u00f3n de sistemas de becas con cadenas de farmacias para obtener becas. Hay que replantearse la gesti\u00f3n universitaria porque el escenario cambi\u00f3. En la actualidad, aproximadamente el 60 % de los estudiantes que son la mayor\u00eda, trabajan para poder estudiar y, apoyar a sus padres, algunos son cabeza de familia. Hay deserci\u00f3n estudiantil y eso hay que evitarlo a trav\u00e9s de nuevos planes que estimulen la investigaci\u00f3n, la docencia y la extensi\u00f3n desde el pregrado.<\/em><\/p>\n<p style=\"text-align: justify;\"><span style=\"color: #800000;\" data-darkreader-inline-color=\"\"><strong>\u00bfCu\u00e1l es la matricula estudiantil de la facultad de farmacia de la UCV?<\/strong><\/span><br \/>\n<em>Actualmente la matricula estudiantil est\u00e1 entre 500 a 600 estudiantes, de los cuales hay unos 270 nuevos inscritos y de ellos 150 activos. La selecci\u00f3n es producto de la prueba interna y de los estudiantes seleccionados por la OPSU.<\/em><\/p>\n<p style=\"text-align: justify;\"><strong>Otro elemento, que ocupa la atenci\u00f3n del nuevo decano es la migraci\u00f3n de profesores, por ello se\u00f1ala:<\/strong><br \/>\n<em>Estamos trabajando con 90 profesores activos y hemos tenido que reincorporar a profesores jubilados en contrataci\u00f3n con ingresos propios, para asignaturas claves. Tambi\u00e9n estamos optando por los egresados. Este sector de ucevistas quiere venir a trabajar con nosotros, pero, lo m\u00e1ximo que pueden laborar son 9 horas porque trabajan en la industria. Ya que el salario universitario no es atractivo para los j\u00f3venes. Es evidente que el decanato representa un cambio y se han avocado y, algunos ejercen como profesores invitados o adhonores. Recientemente un grupo de egresados han planteado hacer un aporte material para apoyar a los estudiantes de pregrado que podr\u00eda ser un laboratorio, el cual estar\u00edan dispuestos a donar. Para los j\u00f3venes egresados no es atractivo el sueldo. Pueden hacerlo como profesores convencionales hasta por 9 horas.<\/em><\/p>\n<p style=\"text-align: justify;\"><span style=\"color: #800000;\" data-darkreader-inline-color=\"\"><strong>\u00bfLa facultad de farmacia ofrece alg\u00fan programa para actualizar a los egresados?<\/strong><\/span><br \/>\n<em>En realidad la actualizaci\u00f3n es de los egresados hacia la academia porque, son ellos los que est\u00e1n en la calle ejerciendo y son los que conocen la realidad de la industria y de la profesi\u00f3n farmac\u00e9utica. El egresado sabe m\u00e1s de las exigencias del mundo porque traen una visi\u00f3n de lo que est\u00e1 pasando en las industrias y las nuevas tecnolog\u00edas. En todo caso, podr\u00edamos ofrecer cursos conducentes a t\u00edtulos de cuarto nivel. Parte de la transformaci\u00f3n curricular pasa por contar con los egresados porque ellos traen una visi\u00f3n que es la del ejercicio que no la tenemos en la academia. Tiene que ser una simbiosis.<\/em><\/p>\n<p style=\"text-align: justify;\"><span style=\"color: #800000;\" data-darkreader-inline-color=\"\"><strong>Los planes del nuevo decano: adecuaci\u00f3n de la malla curricular<\/strong><\/span><br \/>\n<strong><span style=\"color: #800000;\" data-darkreader-inline-color=\"\">A esta altura de la conversaci\u00f3n es imposible no hablar de las grandes preocupaciones de nuestra \u201cAlma Mater\u201d: la adecuaci\u00f3n de la malla curricular y el perfil del farmac\u00e9utico.<\/span><\/strong><\/p>\n<p style=\"text-align: justify;\"><strong>El tema le apasiona al Decano. Al respecto, expresa:<\/strong><br \/>\n<em>Me siento con mucha esperanza porque el cambio es visible, tangible ya que, nuestro curriculum tiene m\u00e1s de veinte a\u00f1os con estas asignaturas y objetivos y es necesario cambiar los objetivos por competencias. Son grandes pasos que tenemos que dar para actualizarnos. Esos pasos hay que estimularlos, hacerle seguimiento, conversar, participar en ellos. Hay que hacer visible la transformaci\u00f3n curricular. Este es el a\u00f1o de la transformaci\u00f3n curricular, un redise\u00f1o por competencias ya que, actualmente es por objetivo, parece un cambio peque\u00f1o, pero es muy importante. La evaluaci\u00f3n curricular debe ser continua. Esta tarea la lidera la mano de la Vicerrectora acad\u00e9mica Dra. Mar\u00eda F\u00e1tima Garc\u00e9s, quien es la cabeza de los cambios curriculares en la UCV. Ya se est\u00e1n viendo los movimientos en pro de los cambios curriculares. En la facultad de farmacia esta labor lo lleva a cabo la profesora Astrid Pinto. Es necesario recordar que durante 15 a\u00f1os anteriores la comisi\u00f3n curricular solo fue convocada en dos oportunidades y no manifest\u00f3 ning\u00fan avance ya que, no hab\u00eda pol\u00edtica para la transformaci\u00f3n. Tenemos un reto grande.<\/em><\/p>\n<p style=\"text-align: justify;\"><span style=\"color: #800000;\" data-darkreader-inline-color=\"\"><strong>Doctor, \u00bfCu\u00e1les son las \u00e1reas que se modificar\u00e1n en la malla curricular?. Al novel decano le apasiona el tema, ha adquirido un compromiso con la comunidad universitaria:<\/strong><\/span><br \/>\n<em>En estos momentos todos los esfuerzos est\u00e1n siendo dirigidos a comprender que el curriculum debe pasar de objetivos a competencias. Las \u00e1reas cr\u00edticas surgir\u00e1n en la medida que se haga el estudio profundo y, por supuesto las que tienen que ver con equipos, con tecnolog\u00eda de los alimentos, cosm\u00e9tica, an\u00e1lisis de los medicamentos, an\u00e1lisis de la realidad; porque el d\u00eda a d\u00eda de la industria va cambiando y desde la plataforma acad\u00e9mica nos gustar\u00eda constatar como est\u00e1 marchando la realidad. Si nuestros contenidos est\u00e1n al d\u00eda o no. Es un reto muy grande porque hay muchas cosas a cambiar que contribuyan a establecer el perfil del farmac\u00e9utico para subir la motivaci\u00f3n del profesional, de los trabajadores, los gremios, los estudiantes, los profesores.<\/em><\/p>\n<p style=\"text-align: justify;\"><span style=\"color: #800000;\" data-darkreader-inline-color=\"\"><strong>En plena conversaci\u00f3n surge una nueva pregunta: \u00bfC\u00f3mo har\u00e1 para captar nuevos profesores? A lo que se\u00f1ala:<\/strong><\/span><br \/>\n<em>Estamos trabajando el tema de la motivaci\u00f3n para todo el mundo desde estudiantes a profesores, pasando por todo el personal. Trabajar para crear un ambiente que sea motivador, respetuoso y acogedor para laborar mucho mejor para que fluya el trabajo con entusiasmo<\/em>.<\/p>\n<p style=\"text-align: justify;\"><span style=\"color: #800000;\" data-darkreader-inline-color=\"\"><strong>Motivaci\u00f3n para ser farmaceutico \u00f3 farmaceutica<\/strong><\/span><br \/>\n<strong><span style=\"color: #800000;\" data-darkreader-inline-color=\"\">Para nuestro entrevistado la motivaci\u00f3n para ser farmac\u00e9utico o farmac\u00e9utica tiene vinculaci\u00f3n estrecha con el curriculum porque, la carrera no es la m\u00e1s popular en los medios de comunicaci\u00f3n; ni es la m\u00e1s nombrada en el sector salud pero, es vital y de gran importancia para la salud de los venezolanos y para el desarrollo de la naci\u00f3n. Se\u00f1ala que:<\/span><\/strong><br \/>\n<em>Actualmente la coordinaci\u00f3n de extensi\u00f3n cre\u00f3 un grupo que se llama <span style=\"color: #800000;\" data-darkreader-inline-color=\"\">Farma Conciencia.<\/span> Han empezado a visitar colegios y liceos para difundir y promover las cualidades de la profesi\u00f3n farmac\u00e9utica.<\/em><\/p>\n<p style=\"text-align: justify;\"><strong>Aclara que:<\/strong><br \/>\n<em>Los extensionistas est\u00e1n asistiendo a las ferias de las universidades y, visitan los liceos para realizar sus ofertas de estudios a los futuros bachilleres. La idea es que puedan lograr acercamiento en Catia, aqu\u00ed en san Pedro y en todas las instituciones educativas p\u00fablicas y privadas de las distintas parroquias que lo requieran. Porque el objetivo de Farma Conciencia es generar en la poblaci\u00f3n estudiantil una actitud positiva hacia la carrera. Y, por qu\u00e9 es interesante estudiar en la UCV.<\/em><\/p>\n<p style=\"text-align: justify;\"><strong>Prosigue observando que<\/strong> <em>a trav\u00e9s de los medios de comunicaci\u00f3n y redes sociales se pueda trabajar en farmacovigilancia para educar a los ciudadanos y ciudadanas en el uso de algunos medicamentos que causan efectos sobre los pacientes.<\/em><strong> Agrega que<\/strong> es <em>preciso que los pacientes aprendan a reportar los efectos negativos de algunos medicamentos, porque nos permite estimular la investigaci\u00f3n en medicamentos y salvar m\u00e1s vidas, por eso considera que es necesario llegar a los medios de comunicaci\u00f3n.<\/em><\/p>\n<p style=\"text-align: justify;\"><span style=\"color: #800000;\" data-darkreader-inline-color=\"\"><strong>El salario: una preocupaci\u00f3n constante<\/strong><\/span><br \/>\n<strong>El decano Carlos Eduardo Ciangherotti expresa su preocupaci\u00f3n y compromiso por la palabra empe\u00f1ada y el apoyo recibido en el proceso electoral y, por eso se\u00f1ala que el salario es uno de ellos:<\/strong><br \/>\n<em>En la facultad estamos hablando con los trabajadores activos. Por diferentes problemas conocidos de nivel econ\u00f3mico en el pa\u00eds, los gremios han apoyado, sobretodo los sindicatos a los trabajadores porque no pueden venir todos los d\u00edas de la semana, ya que cobran menos de lo que gastan en pasajes. Eso es una realidad que desmotiva al trabajador. Es una preocupaci\u00f3n constante que los profesores no cuenten con la tecnolog\u00eda para dar una clase, se desmotiva el docente y eso influye en la permanencia, impactando el rendimiento estudiantil.<\/em><\/p>\n<p style=\"text-align: justify;\"><strong>Prosigue se\u00f1alando que<\/strong>: <em>evidentemente los decanos no subimos sueldos. Eso lo hace el ejecutivo nacional a trav\u00e9s del ministerio de educaci\u00f3n universitaria. Es por ello que, estamos haciendo alianzas con empresas p\u00fablicas y privadas en donde obtengamos alg\u00fan beneficio para los trabajadores. Logramos en diciembre y en enero captar una ayuda de la industria farmac\u00e9utica y de una cadena de farmacia, las cuales nos entreg\u00f3 un combo de alimentos c\u00e1rnicos y cosm\u00e9ticos para todos los trabajadores y trabajadoras activos. Sobretodo, en enero que es un mes cr\u00edtico. Ese hecho ha incidido mucho en el entusiasmo y la asistencia de los trabajadores y las trabajadoras. Estamos a la b\u00fasqueda de apoyo con las c\u00e1maras farmac\u00e9uticas y para buscarle beneficios a todos los trabajadores de la facultad.<\/em><\/p>\n<p style=\"text-align: justify;\"><span style=\"color: #800000;\" data-darkreader-inline-color=\"\"><strong>La desmotivaci\u00f3n y cansancio: una herencia de los 15 a\u00f1os de gesti\u00f3n anterior<\/strong><\/span><br \/>\n<span style=\"color: #800000;\" data-darkreader-inline-color=\"\"><strong>Al respecto le manifestamos al nuevo Decano de Farmacia nuestra inquietud por las graves situaciones de abandono patrimonial de la UCV, vividas durante la gesti\u00f3n de la rectora Cecilia Arocha. A lo cual se\u00f1ala:<\/strong><\/span><br \/>\n<em>Durante los 15 a\u00f1os que preceden a esta gesti\u00f3n universitaria, por diferentes razones existi\u00f3 una desmotivaci\u00f3n, un cansancio en general en la UCV, no se trata s\u00f3lo de Farmacia. Se sent\u00eda que no permit\u00edan mover con pies firme y efectividad las ideas universitarias. Creo que exist\u00eda un cansancio. Yo lo llamo cansancio porque no hab\u00eda apertura con las empresas, con el Estado. Se enlenteci\u00f3 la gesti\u00f3n. No hab\u00eda apertura al sector publico pero, tampoco al privado.<\/em><\/p>\n<p style=\"text-align: justify;\"><strong><img loading=\"lazy\" decoding=\"async\" class=\"alignleft wp-image-3467\" src=\"https:\/\/elvitraldelaciencia.org\/revista\/\/wp-content\/uploads\/2024\/02\/decano-carlos-5-300x200.png\" alt=\"\" width=\"413\" height=\"275\" srcset=\"https:\/\/elvitraldelaciencia.org\/revista\/wp-content\/uploads\/2024\/02\/decano-carlos-5-300x200.png 300w, https:\/\/elvitraldelaciencia.org\/revista\/wp-content\/uploads\/2024\/02\/decano-carlos-5-1024x682.png 1024w, https:\/\/elvitraldelaciencia.org\/revista\/wp-content\/uploads\/2024\/02\/decano-carlos-5-768x511.png 768w, https:\/\/elvitraldelaciencia.org\/revista\/wp-content\/uploads\/2024\/02\/decano-carlos-5.png 1080w\" sizes=\"auto, (max-width: 413px) 100vw, 413px\" \/>El Dr Ciangherotti Franco se\u00f1ala:<\/strong><br \/>\n<em>Recibo la facultad con mas de la mitad de los servicios cerrados. Y, el esp\u00edritu de esta facultad es la investigaci\u00f3n, la docencia y los servicios que presta al sector salud, a la ciudadan\u00eda y a las empresas farmac\u00e9uticas. Eso no se tom\u00f3 en cuenta en la anterior gesti\u00f3n, ni siquiera para hacer la revisi\u00f3n y adecuaci\u00f3n del curriculum, para eso no se necesitan miles de dolares sino voluntad. Eso no era la pol\u00edtica. A pesar de que hab\u00edan algunos pasos de funcionamiento; la universidad no s\u00f3lo necesita que funcione. Necesita mucho m\u00e1s, la investigaci\u00f3n se mantuvo gracias a los investigadores.<\/em><\/p>\n<p style=\"text-align: justify;\"><strong><span style=\"color: #800000;\" data-darkreader-inline-color=\"\">Interrumpimos al preguntar: \u00bfser\u00eda una pol\u00edtica para que migren los investigadores y abandonen a la Universidad y a su pa\u00eds? A lo cual contesta:<\/span><\/strong><br \/>\n<em>No, la migraci\u00f3n es por otros motivos y son econ\u00f3micos y familiares. La migraci\u00f3n es multifocal. Aqu\u00ed se ve\u00edan situaciones que desmotivan. Hay c\u00e1tedras que durante 15 a\u00f1os de esa gesti\u00f3n no ten\u00edan una computadora y los investigadores se manten\u00edan en pies porque son consolidados. Si hay problemas y obst\u00e1culos, hay que resolver los problemas para mantener la investigaci\u00f3n, la docencia y las otras actividades.<\/em><\/p>\n<p style=\"text-align: justify;\"><span style=\"color: #800000;\" data-darkreader-inline-color=\"\"><strong>La Investigaci\u00f3n es el d\u00eda a d\u00eda de la Facultad de Farmacia en la Universidad Central de Venezuela<\/strong><\/span><br \/>\n<span style=\"color: #800000;\" data-darkreader-inline-color=\"\"><strong>El Decano Ciangherotti Franco conversa apasionadamente sobre la investigaci\u00f3n:<\/strong><\/span><br \/>\n<em>En la Facultad de Farmacia hay un Instituto de Investigaciones Farmac\u00e9uticas que est\u00e1 formado por varias unidades de investigaci\u00f3n donde est\u00e1n la mayor\u00eda de los investigadores activos, incluidos los jubilados que siguen investigando. Aqu\u00ed tenemos varios investigadores que han sido premio nacional de ciencia, de la c\u00e1mara venezolana de medicamentos, premio polar. Hay investigadores con historia que est\u00e1n haciendo sus investigaciones cient\u00edficas en el d\u00eda a d\u00eda. Sin embargo la entrada de dinero para proyectos de investigaciones estaba en menor auge. En los \u00faltimos a\u00f1os, a trav\u00e9s del Ministerio de Ciencia y Tecnolog\u00eda, con la ministra Gabriela Gimenez, se ha hecho un aporte a proyectos de investigaciones y se incluye a la Facultad de Farmacia y nos han entregado recursos importantes para el desarrollo de la investigaci\u00f3n cient\u00edfica de la facultad.<\/em><\/p>\n<p style=\"text-align: justify;\"><strong>As\u00ed mismo, aclara que:<\/strong><br \/>\n<em>Como investigador, yo mismo estoy en algunos proyectos de investigaci\u00f3n. Necesitamos estudiantes que se estimulen a la investigaci\u00f3n, a realizar lo que yo hice en la ULA. Vamos a investigar sobre las l\u00edneas priorizadas por cada laboratorio a\u00fan cuando, no tengamos muchos recursos . Por ejemplo, aspiramos a diversificar las \u00e1reas de la educaci\u00f3n farmac\u00e9utica, las \u00e1reas grandes biol\u00f3gicas, farmacolog\u00eda, bioqu\u00edmicas, tecnolog\u00eda farmac\u00e9utica, la parte qu\u00edmica. Hay varias aristas de la investigaci\u00f3n de las ciencias farmac\u00e9uticas. Se est\u00e1 intentando establecer la unidad de investigaci\u00f3n farmac\u00e9utica y gesti\u00f3n farmac\u00e9utica. A los estudiantes, se les puede ofertar desde que est\u00e1n en primer a\u00f1o la opci\u00f3n de la investigaci\u00f3n; a\u00fan cuando el actual pensum de estudios exige el trabajo de investigaci\u00f3n en el quinto a\u00f1o para graduarse; cuando queremos que desde que est\u00e1n ingresando se les pueda ofertar, como me ocurri\u00f3 a mi. Yo estaba en tercer semestre y ya hac\u00eda investigaci\u00f3n y eso es lo que afortunadamente estamos logrando con el ministerio de Ciencia y Tecnolog\u00eda.<\/em><\/p>\n<p style=\"text-align: justify;\"><span style=\"color: #800000;\" data-darkreader-inline-color=\"\"><strong>Dr.Ciangherotti, de acuerdo con su planteamiento, \u00bfconsigui\u00f3 muchos laboratorios inactivos?<\/strong><\/span><br \/>\n<strong>Su respuesta no se hace esperar, fruto de quien ya ha evaluado los espacios que la comunidad universitaria le encomend\u00f3:<\/strong> <em>Algunos laboratorios de servicios estan inactivos como el laboratorio de an\u00e1lisis toxicol\u00f3gicos SATOX no funciona; el servicio de farmaco vigilancia no est\u00e1 en funcionamiento pleno, est\u00e1 en recuperaci\u00f3n; el centro de informaci\u00f3n de medicamentos no est\u00e1 en funcionamiento; el de despistaje cromositoma cerr\u00f3; el de an\u00e1lisis toxicol\u00f3gico cerr\u00f3 y est\u00e1 en planes de activaci\u00f3n<\/em>.<\/p>\n<p style=\"text-align: justify;\"><strong>Por otra parte, entre sus planes est\u00e1<\/strong> <em>la instalaci\u00f3n del servicio de bio-equivalencia, el cual es un laboratorio que debe ser instalado porque es una exigencia regulatoria del Instituto Nacional de Higiene para algunos medicamentos que las industrias necesitan. El m\u00e1s cercano de esos servicios est\u00e1 en M\u00e9xico y las empresas deben obtener su aprobaci\u00f3n para uso y consumo humano de algunos medicamentos<\/em>.<\/p>\n<p style=\"text-align: justify;\"><span style=\"color: #800000;\" data-darkreader-inline-color=\"\"><strong>Piensa el doctor que si es creado en Venezuela se estar\u00eda contribuyendo a que mas empresas venezolana puedan hacer aqu\u00ed la exigencia regulatoria y, eso garantizar\u00eda m\u00e1s medicamentos aprobados en nuestro pa\u00eds. En relaci\u00f3n con esto el Decano expres\u00f3 que:<\/strong><\/span><br \/>\n<em>La OMS, se\u00f1al\u00f3 que es una estrategia para mejorar la salud del mundo. Asi mismo, esperamos formalizar como servicio el de an\u00e1lisis de alimentos. Es una especializaci\u00f3n o menci\u00f3n : ciencia tecnolog\u00eda de alimentos ; tambi\u00e9n ciencia y tecnolog\u00eda cosm\u00e9tica, toxicolog\u00eda farmac\u00e9utica; microbiolog\u00eda; toxicolog\u00eda; control de calidad.<\/em><\/p>\n<p style=\"text-align: justify;\"><em>Para el investigador y decano el ejercicio farmac\u00e9utico tiene muchas aristas, el m\u00e1s com\u00fan, la esencia y esp\u00edritu es la sanitaria asistencial. La gran mayor\u00eda de estudiantes van a la oficina de farmacia. Sin embargo no es la \u00fanica, el que va a la industria, el que va a la toxicolog\u00eda, biotecnolog\u00eda, microbiolog\u00eda de alimentos, an\u00e1lisis de alimentos, control de calidad de los medicamentos. El perfil es complejo porque el asistencial es s\u00f3lo uno, aunque es diferente y complejo.<\/em><\/p>\n<p style=\"text-align: justify;\"><span style=\"color: #800000;\" data-darkreader-inline-color=\"\"><strong>El hecho pol\u00edtico<\/strong><\/span><br \/>\n<span style=\"color: #800000;\" data-darkreader-inline-color=\"\"><strong>Dr Ciangherotti, si surgieran hechos irregulares como el terrorismo y la guarimba del pasado, donde algunos individuos quemaron e hicieron degollar seres humanos o en todo caso, que atenten contra el Estado Venezolano y la tranquilidad de la UCV, cu\u00e1l podr\u00eda ser su posici\u00f3n?<\/strong><\/span><br \/>\n<span style=\"color: #000000;\" data-darkreader-inline-color=\"\"><em>La leg\u00edtima protesta siempre la he apoyado, aunque de all\u00ed a que, la Universidad al alzar la voz llegue a los extremos pol\u00edticos no estar\u00e9 de acuerdo. Esa no es la pol\u00edtica que necesitamos. Es fundamental un acercamiento con todos los sectores que conviven en nuestro pa\u00eds y en la universidad. No estoy en contra del derecho a la protesta leg\u00edtima. Todos deben tener coherencia y cordura. Se que en Venezuela han habido problemas y momentos muy dif\u00edciles. No me gusta pronunciarme para no entrar en pol\u00e9mica y actualmente soy el Decano de la Facultad de Farmacia, trabajo por todos y todas, por un pa\u00eds. Espero que todos los sectores se escuchen, porque a pesar de todas las diferencias y situaciones estamos aqu\u00ed. Creo en el di\u00e1logo, en el respeto y la consulta. Aspiramos a que mejoren los salarios porque es poco digno para un trabajador universitario, no es respetuoso, necesitamos dialogo sincero, coherencia y mucha cordura.<\/em><\/span><\/p>\n<p style=\"text-align: justify;\"><span style=\"color: #800000;\" data-darkreader-inline-color=\"\"><strong>LA FACULTAD DE FARMACIA, UN CENTRO DE INVESTIGACION<br \/>\n<\/strong><strong>Constancia, perseverancia y estudios para la calidad de la vida<br \/>\n<\/strong><\/span>El doctor Carlos Eduardo Ciangherotti Franco,\u00a0 ha sido galardonado con el Premio Nacional a la Investigaci\u00f3n\u00a0 M\u00e9dica y Farmac\u00e9utica , CAVEME en 2013;\u00a0 Premio Nacional de Ciencia, Tecnolog\u00eda e Innovaci\u00f3n. Menci\u00f3n Honor\u00edfica\u00a0 al mejor trabajo en Ciencias de la Salud. Ministerio de Ciencia y Tecnolog\u00eda\u00a0 en 2015; Premio Nacional de Ciencia, Tecnolog\u00eda e innovaci\u00f3n. Mejor trabajo en Ciencias exactas , Ministerio de Ciencia y Tecnolog\u00eda 2017. Ha recibido reconocimiento de la droguer\u00eda Pico Bol\u00edvar durante la segunda Edici\u00f3n de mesa de negocios y actualizaci\u00f3n\u00a0 Farmac\u00e9utica\u00a0 en 2023, por su destacada trayectoria\u00a0 en la formaci\u00f3n de profesionales farmac\u00e9uticos , as\u00ed como\u00a0 por su valioso aporte\u00a0\u00a0 y desempe\u00f1o en la Industria Farmac\u00e9utica\u00a0 venezolana, siendo referente para las futuras generaciones. Este a\u00f1o\u00a0 2024, ya ha recibido una distinci\u00f3n Sapiens Magis por parte de la Federaci\u00f3n Venezolana de Maestros y de la Fundaci\u00f3n para el desarrollo Integral del Docente.<\/p>\n<p style=\"text-align: justify;\">Pero,\u00a0 ahora ya como decano Carlos Ciangherotti\u00a0 se\u00f1ala que no es el \u00fanico cient\u00edfico de la Facultad de Farmacia galardonado con\u00a0 reconocimientos durante varios a\u00f1os. La coherencia y humildad\u00a0 lo lleva a mencionar a sus otros colegas y compa\u00f1eros de trabajo cuya constancia, conocimientos e investigaciones han sido reconocidos. Realmente , reconoce que se siente muy orgulloso porque forma parte de un gran centro de investigaciones, como lo es la Facultad de Farmacia \u201cJes\u00fas Mar\u00eda Bianco\u201d.<\/p>\n<figure id=\"attachment_3465\" aria-describedby=\"caption-attachment-3465\" style=\"width: 300px\" class=\"wp-caption alignleft\"><img loading=\"lazy\" decoding=\"async\" class=\"wp-image-3465 size-medium\" src=\"https:\/\/elvitraldelaciencia.org\/revista\/\/wp-content\/uploads\/2024\/02\/decano-carlos-8-300x225.png\" alt=\"\" width=\"300\" height=\"225\" srcset=\"https:\/\/elvitraldelaciencia.org\/revista\/wp-content\/uploads\/2024\/02\/decano-carlos-8-300x225.png 300w, https:\/\/elvitraldelaciencia.org\/revista\/wp-content\/uploads\/2024\/02\/decano-carlos-8-1024x768.png 1024w, https:\/\/elvitraldelaciencia.org\/revista\/wp-content\/uploads\/2024\/02\/decano-carlos-8-768x576.png 768w, https:\/\/elvitraldelaciencia.org\/revista\/wp-content\/uploads\/2024\/02\/decano-carlos-8-80x60.png 80w, https:\/\/elvitraldelaciencia.org\/revista\/wp-content\/uploads\/2024\/02\/decano-carlos-8.png 1080w\" sizes=\"auto, (max-width: 300px) 100vw, 300px\" \/><figcaption id=\"caption-attachment-3465\" class=\"wp-caption-text\"><span style=\"color: #800000;\" data-darkreader-inline-color=\"\"><strong>Honor a quien Honor merecen PRIMEROS DOCTORES EN FARMACIA de la UNIVERSIDAD CENTRAL DE VENEZUELA<\/strong><\/span> <span style=\"color: #800000;\" data-darkreader-inline-color=\"\">1941<\/span> Parados de izquierda a derecha: Julio Velasco, Rafael Solorzano Bruce, Jos\u00e9 A. Lecuna, Enrique Montbrun, Luis Guedez Balda, Jaime Mart\u00ed Corrido, Jes\u00fas Mar\u00eda Bianco, Luis R Oramas, Jos\u00e9 Luis Andrade, Juan Padr\u00f3n G, Cleofacio Suels, y Rafael Nicanor Silva Sentados de izquierda a derecha: Aura Ibarra de Andrade, Jos\u00e9 Enrique Garcia, Felix Lairet, Jos\u00e9 Lorenzo Prado, E. Noguera G\u00f3mez y Rosario Carre\u00f1o Faltantes: Antonio Suels, Cesar M\u00e1rquez, Fernando Valdivieso, Jos\u00e9 Mele Lara, Helimenas Atencio, y Francisco P\u00e9rez B.}<\/figcaption><\/figure>\n<figure id=\"attachment_3466\" aria-describedby=\"caption-attachment-3466\" style=\"width: 300px\" class=\"wp-caption aligncenter\"><img loading=\"lazy\" decoding=\"async\" class=\"wp-image-3466 size-medium\" src=\"https:\/\/elvitraldelaciencia.org\/revista\/\/wp-content\/uploads\/2024\/02\/decano-carlos-9-300x225.png\" alt=\"\" width=\"300\" height=\"225\" srcset=\"https:\/\/elvitraldelaciencia.org\/revista\/wp-content\/uploads\/2024\/02\/decano-carlos-9-300x225.png 300w, https:\/\/elvitraldelaciencia.org\/revista\/wp-content\/uploads\/2024\/02\/decano-carlos-9-1024x768.png 1024w, https:\/\/elvitraldelaciencia.org\/revista\/wp-content\/uploads\/2024\/02\/decano-carlos-9-768x576.png 768w, https:\/\/elvitraldelaciencia.org\/revista\/wp-content\/uploads\/2024\/02\/decano-carlos-9-80x60.png 80w, https:\/\/elvitraldelaciencia.org\/revista\/wp-content\/uploads\/2024\/02\/decano-carlos-9.png 1080w\" sizes=\"auto, (max-width: 300px) 100vw, 300px\" \/><figcaption id=\"caption-attachment-3466\" class=\"wp-caption-text\">Gacetas oficiales de creaci\u00f3n de la facultad y de la carrera de Farmacia<\/figcaption><\/figure>\n<p style=\"text-align: justify;\">\n","protected":false},"excerpt":{"rendered":"<p>El decano m\u00e1s joven de la UCV se nos fue. Nos estamos refiriendo al\u00a0 Dr. Carlos Cianghoretti, Decano de la Facultad de Farmacia, quien lamentablemente muri\u00f3 el 06 de septiembre&hellip; <\/p>\n","protected":false},"author":2,"featured_media":3458,"comment_status":"closed","ping_status":"closed","sticky":false,"template":"","format":"standard","meta":{"footnotes":""},"categories":[14],"tags":[],"class_list":["post-3455","post","type-post","status-publish","format-standard","has-post-thumbnail","hentry","category-entre"],"_links":{"self":[{"href":"https:\/\/elvitraldelaciencia.org\/revista\/wp-json\/wp\/v2\/posts\/3455","targetHints":{"allow":["GET"]}}],"collection":[{"href":"https:\/\/elvitraldelaciencia.org\/revista\/wp-json\/wp\/v2\/posts"}],"about":[{"href":"https:\/\/elvitraldelaciencia.org\/revista\/wp-json\/wp\/v2\/types\/post"}],"author":[{"embeddable":true,"href":"https:\/\/elvitraldelaciencia.org\/revista\/wp-json\/wp\/v2\/users\/2"}],"replies":[{"embeddable":true,"href":"https:\/\/elvitraldelaciencia.org\/revista\/wp-json\/wp\/v2\/comments?post=3455"}],"version-history":[{"count":0,"href":"https:\/\/elvitraldelaciencia.org\/revista\/wp-json\/wp\/v2\/posts\/3455\/revisions"}],"wp:featuredmedia":[{"embeddable":true,"href":"https:\/\/elvitraldelaciencia.org\/revista\/wp-json\/wp\/v2\/media\/3458"}],"wp:attachment":[{"href":"https:\/\/elvitraldelaciencia.org\/revista\/wp-json\/wp\/v2\/media?parent=3455"}],"wp:term":[{"taxonomy":"category","embeddable":true,"href":"https:\/\/elvitraldelaciencia.org\/revista\/wp-json\/wp\/v2\/categories?post=3455"},{"taxonomy":"post_tag","embeddable":true,"href":"https:\/\/elvitraldelaciencia.org\/revista\/wp-json\/wp\/v2\/tags?post=3455"}],"curies":[{"name":"wp","href":"https:\/\/api.w.org\/{rel}","templated":true}]}}