{"id":3527,"date":"2024-04-20T13:27:54","date_gmt":"2024-04-20T17:27:54","guid":{"rendered":"https:\/\/elvitraldelaciencia.org\/revista\/\/?p=3527"},"modified":"2024-04-22T10:16:00","modified_gmt":"2024-04-22T14:16:00","slug":"el-vitral-de-la-ciencia-vol-4-n-4-2024","status":"publish","type":"post","link":"https:\/\/elvitraldelaciencia.org\/revista\/el-vitral-de-la-ciencia-vol-4-n-4-2024\/","title":{"rendered":"El Vitral de la Ciencia. Vol 4. N\u00b0 4: (2024)"},"content":{"rendered":"<p><span style=\"color: #3366ff;\"><strong><img loading=\"lazy\" decoding=\"async\" class=\"alignleft size-medium wp-image-3529\" src=\"https:\/\/elvitraldelaciencia.org\/revista\/\/wp-content\/uploads\/2024\/04\/portada-definitiva-211x300.png\" alt=\"\" width=\"211\" height=\"300\" srcset=\"https:\/\/elvitraldelaciencia.org\/revista\/wp-content\/uploads\/2024\/04\/portada-definitiva-211x300.png 211w, https:\/\/elvitraldelaciencia.org\/revista\/wp-content\/uploads\/2024\/04\/portada-definitiva.png 534w\" sizes=\"auto, (max-width: 211px) 100vw, 211px\" \/><\/strong><\/span><\/p>\n<p>&nbsp;<\/p>\n<p><span style=\"color: #3366ff;\"><strong>Vol 4. (3). A\u00f1o 2024<\/strong><\/span><\/p>\n<p>&nbsp;<\/p>\n<p>&nbsp;<\/p>\n<p><strong><span style=\"color: #3366ff;\"><a style=\"color: #3366ff;\" href=\"https:\/\/drive.google.com\/file\/d\/16EWHV1UP5s-VhP7kNAd2IqHa9qdoJCNV\/view?usp=sharing\">Ver Revista completa<\/a><\/span><\/strong><\/p>\n<p>&nbsp;<\/p>\n<p>&nbsp;<\/p>\n<p>&nbsp;<\/p>\n<p>&nbsp;<\/p>\n<p>&nbsp;<\/p>\n<p><span style=\"color: #800000;\"><strong><span style=\"font-size: 14pt;\"><img loading=\"lazy\" decoding=\"async\" class=\"alignleft wp-image-3530\" src=\"https:\/\/elvitraldelaciencia.org\/revista\/\/wp-content\/uploads\/2024\/04\/ART-MIGUEL-4-300x169.jpg\" alt=\"\" width=\"493\" height=\"278\" srcset=\"https:\/\/elvitraldelaciencia.org\/revista\/wp-content\/uploads\/2024\/04\/ART-MIGUEL-4-300x169.jpg 300w, https:\/\/elvitraldelaciencia.org\/revista\/wp-content\/uploads\/2024\/04\/ART-MIGUEL-4-1024x576.jpg 1024w, https:\/\/elvitraldelaciencia.org\/revista\/wp-content\/uploads\/2024\/04\/ART-MIGUEL-4-768x432.jpg 768w, https:\/\/elvitraldelaciencia.org\/revista\/wp-content\/uploads\/2024\/04\/ART-MIGUEL-4.jpg 1366w\" sizes=\"auto, (max-width: 493px) 100vw, 493px\" \/>LA VEJEZ:<\/span><\/strong><\/span><br \/>\n<strong><span style=\"color: #3366ff;\">\u00bfSe Puede Revertir?<br \/>\n<span style=\"color: #000000;\">Por Dr. Miguel Alfonzo<\/span><\/span><\/strong><\/p>\n<p><strong>INTRODUCCI\u00d3N<\/strong><br \/>\nSeg\u00fan la Organizaci\u00f3n Mundial de la Salud, entre 2015 y 2050 la proporci\u00f3n de la poblaci\u00f3n mundial mayor de 60 a\u00f1os casi se duplicar\u00e1, al pasar del 12 al 22 por ciento, lo que plantear\u00e1 enormes retos para los sistemas sociales y sanitarios (Figura 1).<\/p>\n<p>El deseo de revertir el envejecimiento o encontrar una \u00abfuente de la juventud\u00bb es probablemente tan antiguo como la humanidad. Aunque el desarrollo de la medicina moderna ha promovido la salud humana y ha ampliado considerablemente la esperanza de vida (Figura 2), con el envejecimiento de la sociedad, han aparecido una variedad de enfermedades cr\u00f3nicas como la demencia, el c\u00e1ncer, la diabetes de tipo II y la ateroesclerosis, las cuales se han convertido gradualmente en las causas m\u00e1s importantes de discapacidad y muerte en las personas de edad avanzada.<\/p>\n<p>Por otra parte, empezamos a conocer los mecanismos moleculares del envejecimiento que podr\u00edan ayudarnos a llevar una vida que no solo ser\u00e1 m\u00e1s larga, sino tambi\u00e9n m\u00e1s sana.<\/p>\n<p>En este sentido, se est\u00e1n esclareciendo muchos mecanismos claves gracias a la llegada y el refinamiento de las denominadas t\u00e9cnicas \u00f3micas (que cuantifican a la vez la actividad de todos los genes o la concentraci\u00f3n de todas las prote\u00ednas o metabolitos de una c\u00e9lula) combinadas con los conocimientos de la epigen\u00e9tica (estudio de los cambios que activan o inactivan los genes sin cambiar la secuencia del ADN, a causa de la edad y la exposici\u00f3n a factores ambientales). Un ejemplo fascinante lo constituyen la combinaci\u00f3n de marcadores epigen\u00e9ticos espec\u00edficos o de metabolitos, con el objeto de identificar la edad biol\u00f3gica de un organismo.<\/p>\n<p>Tales marcadores tambi\u00e9n predicen convincentemente las enfermedades de los ancianos y el riesgo de muerte que va asociado. Gracias a la secuenciaci\u00f3n del genoma de cada c\u00e9lula en un organismo sabemos que el n\u00famero de mutaciones se incrementa durante el envejecimiento: su reparaci\u00f3n suele dejar huellas en el ADN (otro tipo de marcador) que estar\u00edan relacionadas con el envejecimiento. Los da\u00f1os del ADN tambi\u00e9n se asocian con la senescencia de las c\u00e9lulas (lo que significa que ya no se reproducir\u00e1n m\u00e1s) o con el agotamiento de las c\u00e9lulas madre necesarias para la renovaci\u00f3n de c\u00e9lulas y tejidos.<br \/>\nEn este art\u00edculo trataremos algunos de estos aspectos de sumo inter\u00e9s para todo p\u00fablico: hombres y mujeres, j\u00f3venes y adultos, porque la raz\u00f3n es sencilla, pero absoluta: todos vamos para all\u00e1&#8230; a la tercera edad.<\/p>\n<p>&nbsp;<\/p>\n<p><span style=\"font-size: 14pt; color: #800000;\"><strong><img loading=\"lazy\" decoding=\"async\" class=\"alignleft wp-image-3531\" src=\"https:\/\/elvitraldelaciencia.org\/revista\/\/wp-content\/uploads\/2024\/04\/art-luis-300x201.jpg\" alt=\"\" width=\"373\" height=\"250\" srcset=\"https:\/\/elvitraldelaciencia.org\/revista\/wp-content\/uploads\/2024\/04\/art-luis-300x201.jpg 300w, https:\/\/elvitraldelaciencia.org\/revista\/wp-content\/uploads\/2024\/04\/art-luis.jpg 529w\" sizes=\"auto, (max-width: 373px) 100vw, 373px\" \/>LA ANCIANIDAD&#8230;<\/strong><\/span><br \/>\n<span style=\"color: #3366ff;\"><strong>VIVIR Y NO SOBREVIVIR<br \/>\nPor Dr. Luis Gaslonde<\/strong><\/span><\/p>\n<p>Si bien la expectativa de vida al nacer es de 77 a\u00f1os, es decir, los a\u00f1os que se espera que uno viva al nacer actualmente en Venezuela, un poquito m\u00e1s larga para ellas que para ellos, hay m\u00e1s viudas que viudos, a medida que transcurren los a\u00f1os esta expectativa aumenta, de tal manera que si se alcanzan los 75 a\u00f1os no es que resten 2 a\u00f1os por vivir, sino probablemente se llegar\u00e1 a los 85 a 88 a\u00f1os seg\u00fan el sexo y si se alcanza la edad de 85 a\u00f1os su expectativa de vida ser\u00e1 llegar hasta los 91 a 92 a\u00f1os de edad (Ver tabla I).<\/p>\n<p>Actualmente en Venezuela con una poblaci\u00f3n de m\u00e1s de 30 millones de habitantes, reducida por el movimiento migratorio, m\u00e1s del 12% es mayor de 60 a\u00f1os, en definitiva, tenemos alrededor de 3,5 millones de adultos mayores y la proyecci\u00f3n para el a\u00f1o 2040 es que casi el 15% de nuestra poblaci\u00f3n sea mayor de 60 a\u00f1os comparado con alrededor del 6 % hace 14 a\u00f1os. (Ver gr\u00e1fico 1) Este hecho se explica porque se han superado o controlado las enfermedades o condiciones que afectan a las personas a lo largo de su vida y a las medidas sanitarias implementadas, de tal manera que el n\u00famero de venezolanos que envejece es mayor.<\/p>\n<p>&nbsp;<\/p>\n<p><strong><span style=\"color: #3366ff;\"><img loading=\"lazy\" decoding=\"async\" class=\"alignleft wp-image-3532\" src=\"https:\/\/elvitraldelaciencia.org\/revista\/\/wp-content\/uploads\/2024\/04\/art-tato-1-181x300.jpg\" alt=\"\" width=\"199\" height=\"330\" srcset=\"https:\/\/elvitraldelaciencia.org\/revista\/wp-content\/uploads\/2024\/04\/art-tato-1-181x300.jpg 181w, https:\/\/elvitraldelaciencia.org\/revista\/wp-content\/uploads\/2024\/04\/art-tato-1.jpg 317w\" sizes=\"auto, (max-width: 199px) 100vw, 199px\" \/>Sentipensar nuestro tiempo<\/span><\/strong><br \/>\n<span style=\"font-size: 14pt; color: #800000;\"><strong>Cuando nos llega el atardecer\u2026<br \/>\n<span style=\"color: #000000;\">Por Psic. Jos\u00e9 G. Tato<\/span><\/strong><\/span><\/p>\n<p>En ocasiones jugamos con nuestra edad, pretendemos ser m\u00e1s j\u00f3venes, jugamos p\u00edcaramente con esconder los n\u00fameros en la medida en la que la cuenta se incrementa. La juventud, contrapuesta a la vejez, se presenta como una etapa m\u00e1s deseable, transversalizada por la narrativa del disfrute o la productividad. Pero qu\u00e9 representa esta valoraci\u00f3n cuantitativa de nuestro tiempo de vida, qu\u00e9 representan estos chistes sobre la edad y por qu\u00e9 enfrentar posiciones que hacen parte de una totalidad continua del ciclo vital y de creciente riqueza humana.<\/p>\n<p>Puede resultar de gran valor explorar la significaci\u00f3n atribuida a la vejez, tema que hoy nos convoca para reflexionar un poco sobre esa etapa de nuestras vidas a la que todo ser humano, que logre sobrevivir en el tiempo, deber\u00e1 enfrentarse. Ciertamente es un momento de constataciones y confrontaciones, ya ahondaremos en esta idea. Pero esto no significa que la riqueza de la que hablamos, no se nutra de crisis precedentes en cada una de las etapas previas de la vida. La vejez es un estadio para la s\u00edntesis de saberes y sentires.<\/p>\n<p>&nbsp;<\/p>\n<p><span style=\"font-size: 14pt; color: #800000;\"><strong><img loading=\"lazy\" decoding=\"async\" class=\"alignleft size-medium wp-image-3533\" src=\"https:\/\/elvitraldelaciencia.org\/revista\/\/wp-content\/uploads\/2024\/04\/art-miriam-298x300.png\" alt=\"\" width=\"298\" height=\"300\" srcset=\"https:\/\/elvitraldelaciencia.org\/revista\/wp-content\/uploads\/2024\/04\/art-miriam-298x300.png 298w, https:\/\/elvitraldelaciencia.org\/revista\/wp-content\/uploads\/2024\/04\/art-miriam-150x150.png 150w, https:\/\/elvitraldelaciencia.org\/revista\/wp-content\/uploads\/2024\/04\/art-miriam.png 718w\" sizes=\"auto, (max-width: 298px) 100vw, 298px\" \/>LAS MEDIDAS COERCITIVAS UNILATERALES EN VENEZUELA:<\/strong><\/span><br \/>\n<span style=\"color: #3366ff;\"><strong>EL IMPACTO SOBRE LA TERCERA EDAD<br \/>\n<span style=\"color: #000000;\">Por MSc. Miriam J. Marcano<\/span><\/strong><\/span><\/p>\n<p><strong>Introducci\u00f3n<\/strong><br \/>\nLa situaci\u00f3n socioecon\u00f3mica que atraviesa Venezuela ha tenido un impacto devastador en la poblaci\u00f3n, particularmente en los adultos mayores. A partir del a\u00f1o 2015 se inici\u00f3 una escalada de sanciones y medidas coercitivas unilaterales (MCU) impuestas por Estados Unidos y otros pa\u00edses, todas estas acciones han incidido directamente en la calidad de vida de todo el pueblo de Venezuela, sobre todo en los m\u00e1s vulnerables, dificultando el acceso a los servicios b\u00e1sicos como la salud, la alimentaci\u00f3n y la seguridad social, generando una hiperinflaci\u00f3n jam\u00e1s vista en la historia, la cual trajo consigo escasez de alimentos y medicinas, el colapso del sistema de salud, devaluaci\u00f3n brutal de la moneda y la migraci\u00f3n forzada de venezolanos a diversos pa\u00edses vecinos.<\/p>\n<p>&nbsp;<\/p>\n<p>&nbsp;<\/p>\n<p><span style=\"color: #800000;\"><strong><span style=\"font-size: 14pt;\"><img loading=\"lazy\" decoding=\"async\" class=\"alignleft size-medium wp-image-3534\" src=\"https:\/\/elvitraldelaciencia.org\/revista\/\/wp-content\/uploads\/2024\/04\/ART-CARLOS-APONTE-245x300.jpg\" alt=\"\" width=\"245\" height=\"300\" srcset=\"https:\/\/elvitraldelaciencia.org\/revista\/wp-content\/uploads\/2024\/04\/ART-CARLOS-APONTE-245x300.jpg 245w, https:\/\/elvitraldelaciencia.org\/revista\/wp-content\/uploads\/2024\/04\/ART-CARLOS-APONTE.jpg 564w\" sizes=\"auto, (max-width: 245px) 100vw, 245px\" \/>VEJEZ E<\/span> INMORTALIDAD<\/strong><\/span><br \/>\n<span style=\"color: #3366ff;\"><strong>MITO Y POES\u00cdA<\/strong><\/span><br \/>\n<strong>Por Dr. Carlos Aponte<\/strong><\/p>\n<p><strong>EL ANSIA.<\/strong><br \/>\nEn 1983, irrumpe dentro de la cartelera cinematogr\u00e1fica internacional un film de Tony Scott titulado The Hunger, basada en la novela del mismo nombre, The Hunger, (1981) de Whitley Strieber. En general, el film fue un relativo fracaso pero lo que despliega exquisitez, cinematogr\u00e1ficamente hablando, suele convertirse en una pel\u00edcula de culto. Y, exactamente, eso fue lo que pas\u00f3 con este sensual y cuasi on\u00edrico film de vampiros. Y como lo dice Orlando Betancor (2009) (2), \u00ab\u2026, la pel\u00edcula retrata un tri\u00e1ngulo amoroso que incluye a Catherine Deneuve (Miriam), Susan Sarandon (Sarah Roberts) y a David Bowie (John), que dan vida a unos personajes que est\u00e1n atrapados en una red intemporal de sangre y pasiones poderosas entre la vida y la muerte\u00bb. Ahora bien, lo que enmarca y le da forma est\u00e9tica y conceptual al film es el juego con la inmortalidad y la eterna juventud de la cual siempre ha gozado el mito del vampiro [esa creencia que proviene particularmente de Rusia (Upyr\/Heretik), Polonia (Upirs\/Upiers), Europa Central, Grecia (Broucoloques) y Arabia (Ghoris)], ese ser \u00e1vido de la sed de vivir y que encuentra en la sangre de un mortal su permanencia entre los vivos. No obstante, en el film de Scott, la dadora de esa inmortalidad y eterna juventud a sus amantes (Miriam), especie de Diosa Egipcia, simbolizada en el Ankh que porta [el Ankh representa en la mitolog\u00eda egipcia una conexi\u00f3n entre la vida y la inmortalidad; una cierta simbolog\u00eda que permite acceder de la vida mortal y terrena a la inmortalidad (3)], le proporciona a esos seres mortales imperfectos que son los humanos la inmortalidad pero s\u00f3lo dos siglos de \u201ceterna juventud\u201d. Pasados esos dos siglos y como lo dice Betancor (ibid):<\/p>\n<p>\u00abDespu\u00e9s en cuesti\u00f3n de poco tiempo, envejecen a un ritmo acelerado, se degradan f\u00edsica y mentalmente y se convierten en ancianos eternos, incapaces de morir, sufriendo una terrible agon\u00eda. Este terrible estado determina que, aunque sus cuerpos se vayan consumiendo a trav\u00e9s de los a\u00f1os, siguen sintiendo, percibiendo y escuchando\u2026\u00bb.<\/p>\n<p>&nbsp;<\/p>\n<p><span style=\"font-size: 14pt; color: #800000;\"><strong><img loading=\"lazy\" decoding=\"async\" class=\"alignleft wp-image-3535\" src=\"https:\/\/elvitraldelaciencia.org\/revista\/\/wp-content\/uploads\/2024\/04\/art-eric-300x200.jpg\" alt=\"\" width=\"344\" height=\"229\" srcset=\"https:\/\/elvitraldelaciencia.org\/revista\/wp-content\/uploads\/2024\/04\/art-eric-300x200.jpg 300w, https:\/\/elvitraldelaciencia.org\/revista\/wp-content\/uploads\/2024\/04\/art-eric.jpg 563w\" sizes=\"auto, (max-width: 344px) 100vw, 344px\" \/>La Investigaci\u00f3n de la Salud de los Trabajadores y Trabajadoras en el Proceso de Trabaj<\/strong><\/span>o:<br \/>\n<span style=\"color: #3366ff;\"><strong>\u00c9nfocado en Higiene Ocupacional<br \/>\n<span style=\"color: #000000;\">Por Dr. Eric Oma\u00f1a<\/span><\/strong><\/span><\/p>\n<p><strong>Investigar para cambiar<\/strong><br \/>\nTodo proceso de investigaci\u00f3n, independientemente de los paradigmas a los cuales se compromete o identifique quien investiga, consciente o inconscientemente, persigue poner al descubierto, con data irrefutable para las condiciones en las cuales la investigaci\u00f3n es realizada, una serie de situaciones que podr\u00e1n ser corregidas o reafirmadas, dependiendo de los resultados y los par\u00e1metros de referencia de los citados paradigmas. Incluso es posible y deseable que quien investiga genere su propio paradigma, argumentado las bases y preceptos que le den validez a lo que propone.<\/p>\n<p>Esto quiere decir, que la investigaci\u00f3n nunca persigue la recreaci\u00f3n del investigador, y tampoco deber\u00eda ser hecha para complacer entidades que guardan intereses con los resultados y hagan uso de ellos ante el silencio c\u00f3mplice del investigador. De eso hay mucho, ejemplos sobran. En los a\u00f1os 50\u00b4s del pasado siglo, la industria tabacalera y la industria remolachera del az\u00facar, contrataron a investigadores de prestigiosas universidades de Estados Unidos (EE.UU.), para que con las mismas herramientas usadas por investigadores que demostraban los da\u00f1os a la salud y a la vida del tabaco y el az\u00facar, especialmente con las estad\u00edsticas, que todos sabemos son bien manipulables, banalizar que el cigarrillo produce c\u00e1ncer, porque demostraran que pr\u00e1cticamente cualquier sustancia puede producir c\u00e1ncer, as\u00ed que el tabaco inhalado era solo una cosa m\u00e1s, o que el az\u00facar no est\u00e1 involucrado con las enfermedades coronarias, y que tal condici\u00f3n s\u00f3lo era el producto del consumo de grasas (Oma\u00f1a, 2023).<\/p>\n<p>&nbsp;<\/p>\n<p><span style=\"color: #800000; font-size: 14pt;\"><strong><img loading=\"lazy\" decoding=\"async\" class=\"alignleft size-medium wp-image-3536\" src=\"https:\/\/elvitraldelaciencia.org\/revista\/\/wp-content\/uploads\/2024\/04\/art-stalina-1-296x300.png\" alt=\"\" width=\"296\" height=\"300\" srcset=\"https:\/\/elvitraldelaciencia.org\/revista\/wp-content\/uploads\/2024\/04\/art-stalina-1-296x300.png 296w, https:\/\/elvitraldelaciencia.org\/revista\/wp-content\/uploads\/2024\/04\/art-stalina-1.png 682w\" sizes=\"auto, (max-width: 296px) 100vw, 296px\" \/>BIOPL\u00c1STICOS<\/strong><\/span><br \/>\n<strong><span style=\"color: #3366ff;\">\u00bfUna opci\u00f3n<\/span> para el problema ambiental?<\/strong><br \/>\n<strong>Por Dra. Estalina Ba\u00e9z-Ram\u00edrez<\/strong><\/p>\n<p><strong>\u00bfQu\u00e9 son los pl\u00e1sticos?<\/strong><br \/>\nEl nombre de este material proviene del griego \u201cplastikos\u201d cuyo significado es que se puede moldear. El pl\u00e1stico es reconocido por su gran flexibilidad, que permite que sea f\u00e1cilmente moldeable cualidad que le permite adaptarse a diferentes aplicaciones y formas.<\/p>\n<p>Los pol\u00edmeros qu\u00edmicos, naturales o sint\u00e9ticos, formados por polimerizaci\u00f3n y que consisten esencialmente en unidades estructurales repetidas. Los pl\u00e1sticos son pol\u00edmeros.<\/p>\n<p>\u00bfQu\u00e9 es realmente un pol\u00edmero?, o \u00bfcu\u00e1l es su fuente u origen? Proceden, en su mayor\u00eda, del petr\u00f3leo. Aproximadamente un 4 % de este recurso f\u00f3sil se emplea en la producci\u00f3n de pol\u00edmeros, de los que se fabrican unos 300 millones de toneladas\/a\u00f1o.<\/p>\n<p>\u00bfQu\u00e9 es lo que se obtiene del petr\u00f3leo? Mol\u00e9culas peque\u00f1as que llamamos mon\u00f3meros, que se hacen reaccionar unas con otras para dar lugar a mol\u00e9culas de gran tama\u00f1o, a las que se denomina macromol\u00e9culas o pol\u00edmeros, palabra esta \u00faltima que proviene del griego y significa muchas unidades, \u00abpoli\u00bb y \u00abmeros\u00bb, respectivamente. Es decir, una mol\u00e9cula gigante formada por unidades que se repiten, como un tren constituido por cientos, miles o cientos de miles de vagones (P\u00e9rez JM, 2015).<\/p>\n<p>&nbsp;<\/p>\n","protected":false},"excerpt":{"rendered":"<p>&nbsp; Vol 4. (3). A\u00f1o 2024 &nbsp; &nbsp; Ver Revista completa &nbsp; &nbsp; &nbsp; &nbsp; &nbsp; LA VEJEZ: \u00bfSe Puede Revertir? Por Dr. Miguel Alfonzo INTRODUCCI\u00d3N Seg\u00fan la Organizaci\u00f3n Mundial&hellip; <\/p>\n","protected":false},"author":2,"featured_media":3529,"comment_status":"closed","ping_status":"closed","sticky":false,"template":"","format":"standard","meta":{"footnotes":""},"categories":[11,22,18],"tags":[],"class_list":["post-3527","post","type-post","status-publish","format-standard","has-post-thumbnail","hentry","category-destacado","category-vitral","category-porta"],"_links":{"self":[{"href":"https:\/\/elvitraldelaciencia.org\/revista\/wp-json\/wp\/v2\/posts\/3527","targetHints":{"allow":["GET"]}}],"collection":[{"href":"https:\/\/elvitraldelaciencia.org\/revista\/wp-json\/wp\/v2\/posts"}],"about":[{"href":"https:\/\/elvitraldelaciencia.org\/revista\/wp-json\/wp\/v2\/types\/post"}],"author":[{"embeddable":true,"href":"https:\/\/elvitraldelaciencia.org\/revista\/wp-json\/wp\/v2\/users\/2"}],"replies":[{"embeddable":true,"href":"https:\/\/elvitraldelaciencia.org\/revista\/wp-json\/wp\/v2\/comments?post=3527"}],"version-history":[{"count":0,"href":"https:\/\/elvitraldelaciencia.org\/revista\/wp-json\/wp\/v2\/posts\/3527\/revisions"}],"wp:featuredmedia":[{"embeddable":true,"href":"https:\/\/elvitraldelaciencia.org\/revista\/wp-json\/wp\/v2\/media\/3529"}],"wp:attachment":[{"href":"https:\/\/elvitraldelaciencia.org\/revista\/wp-json\/wp\/v2\/media?parent=3527"}],"wp:term":[{"taxonomy":"category","embeddable":true,"href":"https:\/\/elvitraldelaciencia.org\/revista\/wp-json\/wp\/v2\/categories?post=3527"},{"taxonomy":"post_tag","embeddable":true,"href":"https:\/\/elvitraldelaciencia.org\/revista\/wp-json\/wp\/v2\/tags?post=3527"}],"curies":[{"name":"wp","href":"https:\/\/api.w.org\/{rel}","templated":true}]}}