{"id":3639,"date":"2024-06-21T16:45:02","date_gmt":"2024-06-21T20:45:02","guid":{"rendered":"https:\/\/elvitraldelaciencia.org\/revista\/?p=3639"},"modified":"2024-06-21T16:45:42","modified_gmt":"2024-06-21T20:45:42","slug":"enrique-dussel-y-la-filosofia-de-la-liberacion","status":"publish","type":"post","link":"https:\/\/elvitraldelaciencia.org\/revista\/enrique-dussel-y-la-filosofia-de-la-liberacion\/","title":{"rendered":"Enrique Dussel y la filosof\u00eda de la liberaci\u00f3n"},"content":{"rendered":"<p><img loading=\"lazy\" decoding=\"async\" class=\"shrinkToFit alignleft\" src=\"https:\/\/marxismocritico.com\/wp-content\/uploads\/2012\/11\/dussel.jpg\" alt=\"https:\/\/marxismocritico.com\/wp-content\/uploads\/2012\/11\/dussel.jpg\" width=\"541\" height=\"323\" \/>\u00abNac\u00ed en un pueblo del que Garc\u00eda M\u00e1rquez hubiera podido escribir de nuevo <em>Cien a\u00f1os de soledad<\/em>\u00bb. As\u00ed comienza la autobiograf\u00eda que escribi\u00f3 Enrique Dussel en 1998 en la revista <em>Anthropos. Huella del conocimiento. <\/em>Enrique Dussel naci\u00f3 en La Paz, en Mendoza (Argentina), en 1934. Como escribe el propio Dussel, La Paz era un pueblo pobre, lo que siempre le hizo sentirse \u00abprovinciano, de \u2018tierra adentro\u2019, de andar descalzo\u00bb. Sobre su familia, dijo:<\/p>\n<p class=\"pl-5\">\u00ab<em>Mi padre, m\u00e9dico, que hab\u00eda estudiado en C\u00f3rdoba desde 1920, dos a\u00f1os despu\u00e9s de la <\/em>\u2018<em>Reforma de C\u00f3rdoba\u2019, el m\u00e1s importante movimiento estudiantil-pol\u00edtico de Am\u00e9rica Latina [\u2026] Mi madre, de familia italiana, era una militante cat\u00f3lica con sentido social<\/em>\u00bb.<\/p>\n<p>As\u00ed, Enrique Dussel siempre tuvo conciencia de la condici\u00f3n perif\u00e9rica de su situaci\u00f3n: nacido en un pueblo de un pa\u00eds colonizado e hijo de padres militantes. La vida de Dussel fue un intento constante de sistematizar filos\u00f3ficamente la intuici\u00f3n que tuvo siempre desde peque\u00f1o: que la periferia hab\u00eda sido creada por un centro colonizador, por un abuso de poder.<\/p>\n<p>&nbsp;<\/p>\n<p>A continuaci\u00f3n las diez claves esenciales para entender el pensamiento de este hombre que ya pertenece a la historia de la filosof\u00eda: <a href=\"https:\/\/acqq.short.gy\/DP7lCR\">https:\/\/acqq.short.gy\/DP7lCR<\/a><\/p>\n<p>&nbsp;<\/p>\n","protected":false},"excerpt":{"rendered":"<p>\u00abNac\u00ed en un pueblo del que Garc\u00eda M\u00e1rquez hubiera podido escribir de nuevo Cien a\u00f1os de soledad\u00bb. As\u00ed comienza la autobiograf\u00eda que escribi\u00f3 Enrique Dussel en 1998 en la revista&hellip; <\/p>\n","protected":false},"author":2,"featured_media":3640,"comment_status":"closed","ping_status":"closed","sticky":false,"template":"","format":"standard","meta":{"footnotes":""},"categories":[13,11,18],"tags":[],"class_list":["post-3639","post","type-post","status-publish","format-standard","has-post-thumbnail","hentry","category-arti","category-destacado","category-porta"],"_links":{"self":[{"href":"https:\/\/elvitraldelaciencia.org\/revista\/wp-json\/wp\/v2\/posts\/3639","targetHints":{"allow":["GET"]}}],"collection":[{"href":"https:\/\/elvitraldelaciencia.org\/revista\/wp-json\/wp\/v2\/posts"}],"about":[{"href":"https:\/\/elvitraldelaciencia.org\/revista\/wp-json\/wp\/v2\/types\/post"}],"author":[{"embeddable":true,"href":"https:\/\/elvitraldelaciencia.org\/revista\/wp-json\/wp\/v2\/users\/2"}],"replies":[{"embeddable":true,"href":"https:\/\/elvitraldelaciencia.org\/revista\/wp-json\/wp\/v2\/comments?post=3639"}],"version-history":[{"count":0,"href":"https:\/\/elvitraldelaciencia.org\/revista\/wp-json\/wp\/v2\/posts\/3639\/revisions"}],"wp:featuredmedia":[{"embeddable":true,"href":"https:\/\/elvitraldelaciencia.org\/revista\/wp-json\/wp\/v2\/media\/3640"}],"wp:attachment":[{"href":"https:\/\/elvitraldelaciencia.org\/revista\/wp-json\/wp\/v2\/media?parent=3639"}],"wp:term":[{"taxonomy":"category","embeddable":true,"href":"https:\/\/elvitraldelaciencia.org\/revista\/wp-json\/wp\/v2\/categories?post=3639"},{"taxonomy":"post_tag","embeddable":true,"href":"https:\/\/elvitraldelaciencia.org\/revista\/wp-json\/wp\/v2\/tags?post=3639"}],"curies":[{"name":"wp","href":"https:\/\/api.w.org\/{rel}","templated":true}]}}