{"id":3665,"date":"2024-07-11T19:16:08","date_gmt":"2024-07-11T23:16:08","guid":{"rendered":"https:\/\/elvitraldelaciencia.org\/revista\/?p=3665"},"modified":"2024-09-23T21:53:53","modified_gmt":"2024-09-24T01:53:53","slug":"hay-despolitizacion-de-la-juventud","status":"publish","type":"post","link":"https:\/\/elvitraldelaciencia.org\/revista\/hay-despolitizacion-de-la-juventud\/","title":{"rendered":"\u00bfHAY DESPOLITIZACI\u00d3N DE LA JUVENTUD?"},"content":{"rendered":"<p><strong><span style=\"color: #800000; --darkreader-inline-color: #ff7272;\" data-darkreader-inline-color=\"\"><img loading=\"lazy\" decoding=\"async\" class=\"wp-image-3666 alignleft\" src=\"https:\/\/elvitraldelaciencia.org\/revista\/wp-content\/uploads\/2024\/07\/138778613_15815641685301n-300x200.jpg\" alt=\"\" width=\"483\" height=\"322\" srcset=\"https:\/\/elvitraldelaciencia.org\/revista\/wp-content\/uploads\/2024\/07\/138778613_15815641685301n-300x200.jpg 300w, https:\/\/elvitraldelaciencia.org\/revista\/wp-content\/uploads\/2024\/07\/138778613_15815641685301n-768x512.jpg 768w, https:\/\/elvitraldelaciencia.org\/revista\/wp-content\/uploads\/2024\/07\/138778613_15815641685301n.jpg 899w\" sizes=\"auto, (max-width: 483px) 100vw, 483px\" \/><\/span><\/strong><br \/>\n<strong><span style=\"color: #3366ff; --darkreader-inline-color: #3d96ff;\" data-darkreader-inline-color=\"\">Los tiempos que transcurren <\/span><\/strong><br \/>\n<strong><span style=\"color: #3366ff; --darkreader-inline-color: #3d96ff;\" data-darkreader-inline-color=\"\">y los que vienen<br \/>\n<\/span><\/strong><strong><span style=\"color: #000000; --darkreader-inline-color: #e8e6e3;\" data-darkreader-inline-color=\"\">Por Lic C\u00e9cil Gerardo P\u00e9rez<\/span><\/strong><\/p>\n<p>Hist\u00f3ricamente la juventud ha sido participante de m\u00faltiples formas de expresi\u00f3n pol\u00edtica en el mundo. La protesta, la irreverencia, la inconformidad han sido acciones antisistema propias de la juventud en general. Espec\u00edficamente, los a\u00f1os sesenta y setenta del siglo XX fueron el cl\u00edmax de una juventud altamente politizada que se involucraba en diversas formas de activismo pol\u00edtico m\u00e1s all\u00e1 de partidos pol\u00edticos tradicionales. Se lucha contra las injusticias, contra las desigualdades, las normas establecidas y percibidas como agravios a la humanidad, las guerras in\u00fatiles, provocadoras de sufrimientos y contra el sistema en general. Movimientos donde lo com\u00fan, lo solidario, lo equitativo y lo colectivo ten\u00edan fuertes asideros.<\/p>\n<p>Como dice Rancionero: \u201cEs preciso que nuestros j\u00f3venes sean rebeldes con causa para salirse de este capitalismo de vigilancia en el que vivimos. Cuestionar, pensar o actuar por s\u00ed mismos son herramientas de la juventud para evitar que te sorban el cerebro y te conviertan en un \u201czombie walking dead\u201d. El inconformismo es un derecho y la libertad una necesidad vital\u201d<\/p>\n<p>M\u00e1s en: <a href=\"https:\/\/acqq.short.gy\/LhiFJN\">https:\/\/acqq.short.gy\/LhiFJN<\/a><\/p>\n<div class=\"notranslate\" style=\"all: initial; --darkreader-inline-bgcolor: initial; --darkreader-inline-bgimage: initial; --darkreader-inline-border-top: initial; --darkreader-inline-border-right: initial; --darkreader-inline-border-bottom: initial; --darkreader-inline-border-left: initial; --darkreader-inline-boxshadow: initial; --darkreader-inline-fill: initial; --darkreader-inline-stroke: initial; --darkreader-inline-color: initial; --darkreader-inline-outline: initial; --darkreader-inline-stopcolor: initial;\" data-darkreader-inline-bgcolor=\"\" data-darkreader-inline-bgimage=\"\" data-darkreader-inline-border-top=\"\" data-darkreader-inline-border-right=\"\" data-darkreader-inline-border-bottom=\"\" data-darkreader-inline-border-left=\"\" data-darkreader-inline-boxshadow=\"\" data-darkreader-inline-fill=\"\" data-darkreader-inline-stroke=\"\" data-darkreader-inline-color=\"\" data-darkreader-inline-outline=\"\" data-darkreader-inline-stopcolor=\"\"><\/div>\n","protected":false},"excerpt":{"rendered":"<p>Los tiempos que transcurren y los que vienen Por Lic C\u00e9cil Gerardo P\u00e9rez Hist\u00f3ricamente la juventud ha sido participante de m\u00faltiples formas de expresi\u00f3n pol\u00edtica en el mundo. La protesta,&hellip; <\/p>\n","protected":false},"author":2,"featured_media":3666,"comment_status":"closed","ping_status":"closed","sticky":false,"template":"","format":"standard","meta":{"footnotes":""},"categories":[13,11,18],"tags":[],"class_list":["post-3665","post","type-post","status-publish","format-standard","has-post-thumbnail","hentry","category-arti","category-destacado","category-porta"],"_links":{"self":[{"href":"https:\/\/elvitraldelaciencia.org\/revista\/wp-json\/wp\/v2\/posts\/3665","targetHints":{"allow":["GET"]}}],"collection":[{"href":"https:\/\/elvitraldelaciencia.org\/revista\/wp-json\/wp\/v2\/posts"}],"about":[{"href":"https:\/\/elvitraldelaciencia.org\/revista\/wp-json\/wp\/v2\/types\/post"}],"author":[{"embeddable":true,"href":"https:\/\/elvitraldelaciencia.org\/revista\/wp-json\/wp\/v2\/users\/2"}],"replies":[{"embeddable":true,"href":"https:\/\/elvitraldelaciencia.org\/revista\/wp-json\/wp\/v2\/comments?post=3665"}],"version-history":[{"count":0,"href":"https:\/\/elvitraldelaciencia.org\/revista\/wp-json\/wp\/v2\/posts\/3665\/revisions"}],"wp:featuredmedia":[{"embeddable":true,"href":"https:\/\/elvitraldelaciencia.org\/revista\/wp-json\/wp\/v2\/media\/3666"}],"wp:attachment":[{"href":"https:\/\/elvitraldelaciencia.org\/revista\/wp-json\/wp\/v2\/media?parent=3665"}],"wp:term":[{"taxonomy":"category","embeddable":true,"href":"https:\/\/elvitraldelaciencia.org\/revista\/wp-json\/wp\/v2\/categories?post=3665"},{"taxonomy":"post_tag","embeddable":true,"href":"https:\/\/elvitraldelaciencia.org\/revista\/wp-json\/wp\/v2\/tags?post=3665"}],"curies":[{"name":"wp","href":"https:\/\/api.w.org\/{rel}","templated":true}]}}