{"id":3761,"date":"2024-08-26T13:44:41","date_gmt":"2024-08-26T17:44:41","guid":{"rendered":"https:\/\/elvitraldelaciencia.org\/revista\/?p=3761"},"modified":"2024-09-23T21:53:21","modified_gmt":"2024-09-24T01:53:21","slug":"la-teoria-de-la-fuga-no-es-nuestra-ni-es-de-ahora-ciencia-y-arte-de-venezuela-al-servicio-de-otros-paises","status":"publish","type":"post","link":"https:\/\/elvitraldelaciencia.org\/revista\/la-teoria-de-la-fuga-no-es-nuestra-ni-es-de-ahora-ciencia-y-arte-de-venezuela-al-servicio-de-otros-paises\/","title":{"rendered":"LA TEOR\u00cdA DE LA FUGA NO ES NUESTRA NI ES DE AHORA: Ciencia y arte de Venezuela al servicio de otros pa\u00edses"},"content":{"rendered":"<p><strong><span style=\"color: #3366ff; --darkreader-inline-color: #3d96ff;\" data-darkreader-inline-color=\"\"><img loading=\"lazy\" decoding=\"async\" class=\"size-medium wp-image-3736 alignleft\" src=\"https:\/\/elvitraldelaciencia.org\/revista\/wp-content\/uploads\/2024\/08\/art-ali-210x300.jpg\" alt=\"\" width=\"210\" height=\"300\" srcset=\"https:\/\/elvitraldelaciencia.org\/revista\/wp-content\/uploads\/2024\/08\/art-ali-210x300.jpg 210w, https:\/\/elvitraldelaciencia.org\/revista\/wp-content\/uploads\/2024\/08\/art-ali.jpg 564w\" sizes=\"auto, (max-width: 210px) 100vw, 210px\" \/>Por Dr Al\u00ed Rojas<\/span><\/strong><\/p>\n<p>El problema migratorio venezolana, tambi\u00e9n se\u00f1alado medi\u00e1ticamente como un \u00e9xodo de refugiados, es una crisis humanitaria provocada por el incremento del flujo descontrolado de personas procedentes de Venezuela desde el a\u00f1o 2014 a ra\u00edz de un plan de desestabilizaci\u00f3n orquestado desde Washington y que forma parte de uno de los tantos arsenales de la guerra h\u00edbrida con la cual Estados Unidos pretende hacerse del petr\u00f3leo y dem\u00e1s riquezas minerales del subsuelo venezolano.<\/p>\n<p>Varias medidas coercitivas que Estados Unidos impone al pueblo venezolano de manera unilateral atentan contra la familia, raz\u00f3n por la cual \u00e9sta ten\u00eda que ser desarticulada a trav\u00e9s de una campa\u00f1a medi\u00e1tica psicol\u00f3gica y contracultural, que deriv\u00f3 en la expatriaci\u00f3n de m\u00e9dicos, ingenieros, cient\u00edficos, m\u00fasicos y artistas, muchos de ellos graduados en universidades p\u00fablicas.<\/p>\n<p>M\u00e1s en: <a href=\"https:\/\/acqq.short.gy\/vjSEqe\">https:\/\/acqq.short.gy\/vjSEqe<\/a><\/p>\n","protected":false},"excerpt":{"rendered":"<p>Por Dr Al\u00ed Rojas El problema migratorio venezolana, tambi\u00e9n se\u00f1alado medi\u00e1ticamente como un \u00e9xodo de refugiados, es una crisis humanitaria provocada por el incremento del flujo descontrolado de personas procedentes&hellip; <\/p>\n","protected":false},"author":2,"featured_media":3762,"comment_status":"closed","ping_status":"closed","sticky":false,"template":"","format":"standard","meta":{"footnotes":""},"categories":[13,11,18],"tags":[],"class_list":["post-3761","post","type-post","status-publish","format-standard","has-post-thumbnail","hentry","category-arti","category-destacado","category-porta"],"_links":{"self":[{"href":"https:\/\/elvitraldelaciencia.org\/revista\/wp-json\/wp\/v2\/posts\/3761","targetHints":{"allow":["GET"]}}],"collection":[{"href":"https:\/\/elvitraldelaciencia.org\/revista\/wp-json\/wp\/v2\/posts"}],"about":[{"href":"https:\/\/elvitraldelaciencia.org\/revista\/wp-json\/wp\/v2\/types\/post"}],"author":[{"embeddable":true,"href":"https:\/\/elvitraldelaciencia.org\/revista\/wp-json\/wp\/v2\/users\/2"}],"replies":[{"embeddable":true,"href":"https:\/\/elvitraldelaciencia.org\/revista\/wp-json\/wp\/v2\/comments?post=3761"}],"version-history":[{"count":0,"href":"https:\/\/elvitraldelaciencia.org\/revista\/wp-json\/wp\/v2\/posts\/3761\/revisions"}],"wp:featuredmedia":[{"embeddable":true,"href":"https:\/\/elvitraldelaciencia.org\/revista\/wp-json\/wp\/v2\/media\/3762"}],"wp:attachment":[{"href":"https:\/\/elvitraldelaciencia.org\/revista\/wp-json\/wp\/v2\/media?parent=3761"}],"wp:term":[{"taxonomy":"category","embeddable":true,"href":"https:\/\/elvitraldelaciencia.org\/revista\/wp-json\/wp\/v2\/categories?post=3761"},{"taxonomy":"post_tag","embeddable":true,"href":"https:\/\/elvitraldelaciencia.org\/revista\/wp-json\/wp\/v2\/tags?post=3761"}],"curies":[{"name":"wp","href":"https:\/\/api.w.org\/{rel}","templated":true}]}}