{"id":3764,"date":"2024-08-26T14:07:09","date_gmt":"2024-08-26T18:07:09","guid":{"rendered":"https:\/\/elvitraldelaciencia.org\/revista\/?p=3764"},"modified":"2024-09-23T21:52:18","modified_gmt":"2024-09-24T01:52:18","slug":"entrevista-a-la-profesora-maria-egilda-castellano-el-capitalismo-nos-esta-ganando-la-batalla-desde-el-punto-de-vista-de-las-ideas","status":"publish","type":"post","link":"https:\/\/elvitraldelaciencia.org\/revista\/entrevista-a-la-profesora-maria-egilda-castellano-el-capitalismo-nos-esta-ganando-la-batalla-desde-el-punto-de-vista-de-las-ideas\/","title":{"rendered":"Entrevista a la profesora Mar\u00eda Egilda Castellano: \u201cEL CAPITALISMO NOS EST\u00c1 GANANDO LA BATALLA DESDE EL PUNTO DE VISTA DE LAS IDEAS\u201d"},"content":{"rendered":"<p><span data-darkreader-inline-color=\"\"><strong><img loading=\"lazy\" decoding=\"async\" class=\"size-medium wp-image-3766 alignleft\" src=\"https:\/\/elvitraldelaciencia.org\/revista\/wp-content\/uploads\/2024\/08\/Ma-Egilda2-300x166.png\" alt=\"\" width=\"300\" height=\"166\" srcset=\"https:\/\/elvitraldelaciencia.org\/revista\/wp-content\/uploads\/2024\/08\/Ma-Egilda2-300x166.png 300w, https:\/\/elvitraldelaciencia.org\/revista\/wp-content\/uploads\/2024\/08\/Ma-Egilda2.png 763w\" sizes=\"auto, (max-width: 300px) 100vw, 300px\" \/>Por Lic Noel Brice\u00f1o R\u00edos<\/strong><\/span><\/p>\n<p>Para la primera rectora de la Universidad Bolivariana de Venezuela, Soci\u00f3loga, Doctora en Educaci\u00f3n y maestra de maestros y maestras, nuestra sociedad est\u00e1 colonializada lo que quiere decir que nuestras subjetividades, nuestras formas de pensar, nuestros criterios, no obedecen realmente a la venezolanidad, sino que obedecen a criterios impuestos por otras sociedades. Si queremos cambiar, debemos cambiar la conciencia. La transformaci\u00f3n tiene que ser desde la educaci\u00f3n inicial, la educaci\u00f3n primaria. Se han hecho esfuerzos pero todav\u00eda nos falta mucho.<\/p>\n<p>&nbsp;<\/p>\n<p>Algunas de sus frases:<\/p>\n<ul>\n<li>\u201c&#8230;la educaci\u00f3n es un proceso pero que responde a criterios. Responde a criterios sociales, criterios pol\u00edticos, criterios culturales, \u00bfno?. Y criterios propiamente de la ciencia, de la educaci\u00f3n, que es la pedagog\u00eda.\u00a0 Pero todos esos criterios deben responderse. Es decir, porque la pedagog\u00eda, como ciencia social que es, ella por s\u00ed sola no puede estudiar.\u201d<\/li>\n<\/ul>\n<p>&nbsp;<\/p>\n<ul>\n<li>\u201cVenezuela pr\u00f3ximamente va a ingresar a los BRICS. Y definitivamente los BRICS te van a obligar a que t\u00fa redefinas todo tu sistema econ\u00f3mico y educativo porque te vas a integrar a naciones gigantescas. Como te vas a integrar a China, te vas a integrar a Rusia, te vas a integrar a Brasil, te vas a integrar a Sud\u00e1frica. \u00bfSabes? Vas a tener no solo una forma \u00fanica de pensamiento, sino que vas a tener diversas corrientes multiculturales que te obligan a no ser un simple qu\u00edmico que va a atender un modelo de concepci\u00f3n norteamericana sino que vas a tener que ver ahora c\u00f3mo trabajan los chinos, c\u00f3mo trabajan los rusos para poder integrarte.\u201d<\/li>\n<\/ul>\n<p>&nbsp;<\/p>\n<ul>\n<li>\u201c&#8230;la formaci\u00f3n tiene que ser de los maestros hasta los profesores universitarios y la transformaci\u00f3n tiene que ser desde la educaci\u00f3n inicial, la educaci\u00f3n primaria. Se han hecho esfuerzos, s\u00ed se han hecho, pero todav\u00eda nos falta mucho. Y nos falta mucho sobre todo creaci\u00f3n de conciencia. Es decir, mientras no tomemos conciencia de que tenemos que transformarnos, no nos transformamos. Porque puede haber todos los impulsos que sean desde el punto de vista del gobierno, desde el punto de vista del grupo, pero si no tomamos conciencia nosotros de la necesidad de la transformaci\u00f3n, eso no ocurre.\u201d<\/li>\n<\/ul>\n<p><strong>M<\/strong><strong><b>\u00e1<\/b><\/strong><strong>s en: <a href=\"https:\/\/acqq.short.gy\/vjSEqe\">https:\/\/acqq.short.gy\/vjSEqe<\/a><\/strong><\/p>\n<p>&nbsp;<\/p>\n","protected":false},"excerpt":{"rendered":"<p>Por Lic Noel Brice\u00f1o R\u00edos Para la primera rectora de la Universidad Bolivariana de Venezuela, Soci\u00f3loga, Doctora en Educaci\u00f3n y maestra de maestros y maestras, nuestra sociedad est\u00e1 colonializada lo&hellip; <\/p>\n","protected":false},"author":2,"featured_media":3765,"comment_status":"closed","ping_status":"closed","sticky":false,"template":"","format":"standard","meta":{"footnotes":""},"categories":[14],"tags":[],"class_list":["post-3764","post","type-post","status-publish","format-standard","has-post-thumbnail","hentry","category-entre"],"_links":{"self":[{"href":"https:\/\/elvitraldelaciencia.org\/revista\/wp-json\/wp\/v2\/posts\/3764","targetHints":{"allow":["GET"]}}],"collection":[{"href":"https:\/\/elvitraldelaciencia.org\/revista\/wp-json\/wp\/v2\/posts"}],"about":[{"href":"https:\/\/elvitraldelaciencia.org\/revista\/wp-json\/wp\/v2\/types\/post"}],"author":[{"embeddable":true,"href":"https:\/\/elvitraldelaciencia.org\/revista\/wp-json\/wp\/v2\/users\/2"}],"replies":[{"embeddable":true,"href":"https:\/\/elvitraldelaciencia.org\/revista\/wp-json\/wp\/v2\/comments?post=3764"}],"version-history":[{"count":0,"href":"https:\/\/elvitraldelaciencia.org\/revista\/wp-json\/wp\/v2\/posts\/3764\/revisions"}],"wp:featuredmedia":[{"embeddable":true,"href":"https:\/\/elvitraldelaciencia.org\/revista\/wp-json\/wp\/v2\/media\/3765"}],"wp:attachment":[{"href":"https:\/\/elvitraldelaciencia.org\/revista\/wp-json\/wp\/v2\/media?parent=3764"}],"wp:term":[{"taxonomy":"category","embeddable":true,"href":"https:\/\/elvitraldelaciencia.org\/revista\/wp-json\/wp\/v2\/categories?post=3764"},{"taxonomy":"post_tag","embeddable":true,"href":"https:\/\/elvitraldelaciencia.org\/revista\/wp-json\/wp\/v2\/tags?post=3764"}],"curies":[{"name":"wp","href":"https:\/\/api.w.org\/{rel}","templated":true}]}}