{"id":377,"date":"2020-12-21T21:29:19","date_gmt":"2020-12-22T01:29:19","guid":{"rendered":"http:\/\/revista.vzpla.net\/?p=377"},"modified":"2021-01-17T01:02:41","modified_gmt":"2021-01-17T05:02:41","slug":"revista-los-ojos-de-la-ciencia-vol-1-no-3","status":"publish","type":"post","link":"https:\/\/elvitraldelaciencia.org\/revista\/revista-los-ojos-de-la-ciencia-vol-1-no-3\/","title":{"rendered":"Revista Los Ojos de la Ciencia Vol 1 N\u00ba 3"},"content":{"rendered":"<p><img loading=\"lazy\" decoding=\"async\" class=\"size-medium wp-image-378 alignleft\" src=\"https:\/\/elvitraldelaciencia.org\/revista\/\/wp-content\/uploads\/2020\/12\/ojos_cs_v1_n3-217x300.png\" alt=\"\" width=\"217\" height=\"300\" srcset=\"https:\/\/elvitraldelaciencia.org\/revista\/wp-content\/uploads\/2020\/12\/ojos_cs_v1_n3-217x300.png 217w, https:\/\/elvitraldelaciencia.org\/revista\/wp-content\/uploads\/2020\/12\/ojos_cs_v1_n3.png 399w\" sizes=\"auto, (max-width: 217px) 100vw, 217px\" \/><\/p>\n<p>&nbsp;<\/p>\n<p>&nbsp;<\/p>\n<p>&nbsp;<\/p>\n<p>&nbsp;<\/p>\n<p><strong>Volumen 1, n\u00ba 3, a\u00f1o 2020<br \/>\n<\/strong><\/p>\n<p><a href=\"https:\/\/elvitraldelaciencia.org\/revista\/\/\/wp-content\/uploads\/2020\/12\/ojos_ciencia_v1_n3.pdf\" target=\"_blank\" rel=\"noopener\">PDF<\/a><\/p>\n<p>&nbsp;<\/p>\n<p>&nbsp;<\/p>\n<p style=\"text-align: center;\" align=\"center\"><strong><span style=\"font-size: 18.0pt;\">Principales art\u00edculos<\/span><\/strong><\/p>\n<p><span style=\"color: #0000ff;\"><strong>VENEZUELA CONTRA EL CORONAVIRUS <\/strong><\/span><br \/>\n<span style=\"color: #0000ff;\"><strong>\u00bfQU\u00c9 SE ESPERA?<\/strong><\/span><\/p>\n<p style=\"text-align: justify;\"><strong>Dr. Miguel Alfonzo<\/strong><\/p>\n<p style=\"text-align: justify;\"><strong><i>Resumen<\/i><\/strong><\/p>\n<p style=\"text-align: justify;\"><span style=\"color: #800000;\">Ante la presencia de la pandemia del coronavirus SARS-COV-2, se ha presentado dos estrategias para combatirlo, las cuales presentan fuertes divergencias en su concepto cient\u00edfico, que si alguna de ella es err\u00f3nea, va a ocasionar enormes p\u00e9rdidas humanas en la poblaci\u00f3n del pa\u00eds que la adopte.<\/span><\/p>\n<p style=\"text-align: justify;\"><span style=\"color: #800000;\">Un grupo de pa\u00edses han optado por tomar medidas dr\u00e1sticas de \u201caislamiento social\u201d o \u201ccuarentena colectiva\u201d, tal como lo hizo el presidente de Venezuela, Nicol\u00e1s Maduro; mientras que otros pa\u00edses, principalmente Inglaterra, tom\u00f3 la opci\u00f3n de permitir que el virus infecte a personas de bajo riesgo, confiando en la adquisici\u00f3n de la inmunidad de la poblaci\u00f3n, y as\u00ed supuestamente reducir el estr\u00e9s en los servicios de salud y no afectar significativamente la econom\u00eda del pa\u00eds.<\/span><\/p>\n<p style=\"text-align: justify;\"><span style=\"color: #800000;\">\u00bfCu\u00e1l resultar\u00e1 con menos costos humanos? \u00bfCu\u00e1les son las bases cient\u00edficas para estas dos medidas estrat\u00e9gicas de combatir un virus altamente transmisible? Ante lo que est\u00e1 ocurriendo con el Coronavirus, puede resultar muy dif\u00edcil tomar una decisi\u00f3n sobre c\u00f3mo actuar hoy, \u00bfy si es la estrategia tomada es la que es err\u00f3nea?<\/span><\/p>\n<p style=\"text-align: justify;\"><span style=\"color: #800000;\">Este art\u00edculo analiza estas opciones, basado en criterios cient\u00edficos que posiblemente dar\u00e1 luces a una poblaci\u00f3n \u00e1vida de informaci\u00f3n.<\/span><\/p>\n<p style=\"text-align: center;\" align=\"center\"><strong><a href=\"https:\/\/elvitraldelaciencia.org\/revista\/\/\/wp-content\/uploads\/2020\/12\/Venezuela-contra-el-coronavirus.pdf\">PDF<\/a><\/strong><\/p>\n<p>&nbsp;<\/p>\n<p><span style=\"color: #0000ff;\"><strong>Bioterrorismo Siglo XXI:<\/strong><\/span><br \/>\n<span style=\"color: #0000ff;\"><strong>\u00bfSARS-COV-2, UNA DERIVA DEL CONOCIMIENTO CIENT\u00cdFICO?<\/strong><\/span><\/p>\n<p><strong>Dr. Carlos Aponte<\/strong><\/p>\n<p><em><b>Resumen<\/b><\/em><\/p>\n<p style=\"text-align: justify;\"><span style=\"color: #800000;\">El estallido de la epidemia del coronavirus COVID-19 en Wuhan, en la provincia de Hubei, China, en pleno siglo XXI, nos hace recordar las escenas emblem\u00e1ticas de pel\u00edculas memorables como p. ej. Soy Leyenda (2008).<\/span><\/p>\n<p style=\"text-align: justify;\"><span style=\"color: #800000;\">El filme muestra las calles vac\u00edas de humanidad, de un New York con fondo postapocal\u00edptico, y producto de la deriva de un virus modificado por manipulaci\u00f3n gen\u00e9tica (Fig. 1). Basta ver las calles de la prospera Wuhan despu\u00e9s del asalto COVID-19 para apreciar su parecido\u2026\u00a0<\/span><\/p>\n<p style=\"text-align: center;\" align=\"center\"><strong><a href=\"https:\/\/elvitraldelaciencia.org\/revista\/\/\/wp-content\/uploads\/2020\/12\/Bioterrorismo-siglo-XXI.pdf\">PDF<\/a><\/strong><\/p>\n<p>&nbsp;<\/p>\n<p><span style=\"color: #0000ff;\"><strong>LA ECONOM\u00cdA MUNDIAL:<br \/>\n<\/strong><\/span><span style=\"color: #0000ff;\"><strong>NO DEPENDE DEL LIBRE <\/strong><\/span><span style=\"color: #0000ff;\"><strong>MERCADO SINO DE UN VIRUS<\/strong><\/span><\/p>\n<p><strong>Esp. Alberto Castro<\/strong><\/p>\n<p><em><b>Resumen<\/b><\/em><\/p>\n<p style=\"text-align: justify;\"><span style=\"color: #800000;\">Qui\u00e9n iba a imaginar que un microbio, un virus, el SRAR-COV2, seria la pieza clave para colocar en jaque a toda la econom\u00eda mundial y los principios de Smith. El impacto de este hecho fat\u00eddico a\u00fan est\u00e1 por verse pero lo que si estamos seguros es que ser\u00e1 de proporciones apocal\u00edpticas debido a que tenemos una econom\u00eda mundial d\u00e9bil y en permanente crisis (contracci\u00f3n de la econom\u00eda real, actividad comercial disminuida, baja productividad, endeudamiento masivo y excesiva volatilidad especulativa), no preparada para este tipo de cat\u00e1strofes.<\/span><\/p>\n<p style=\"text-align: justify;\"><span style=\"color: #800000;\">Los gobiernos han estado obligados (tard\u00edamente en algunos) a desembolsar enormes cantidades de recursos financieros para confrontar la pandemia que est\u00e1 cambiando la vida de millones de personas y ser\u00e1 el quiebre de este modelo econ\u00f3mico. Hoy nadie puede predecir con exactitud cu\u00e1les ser\u00e1n esos cambios, y particularmente en Latinoam\u00e9rica. Todav\u00eda es muy pronto para ello, pero s\u00ed podemos ya aportar algunos datos para tener una primera aproximaci\u00f3n a esta situaci\u00f3n tan dif\u00edcil que est\u00e1 viviendo la humanidad.<\/span><\/p>\n<p style=\"text-align: center;\" align=\"center\"><strong><a href=\"https:\/\/elvitraldelaciencia.org\/revista\/\/\/wp-content\/uploads\/2020\/12\/La-economia-mundial.pdf\">PDF<\/a><\/strong><\/p>\n<p>&nbsp;<\/p>\n<p><span style=\"color: #0000ff;\"><strong>El coronavirus es m\u00e1s contagioso antes y durante la primera semana de s\u00edntomas.<\/strong><\/span><\/p>\n<p><strong><i>Resumen<\/i><\/strong><\/p>\n<p style=\"text-align: justify;\"><span style=\"color: #800000;\">A medida que los grandes esfuerzos para contener la pandemia de SARS-COV-2 entran en vigencia en todo el mundo, los investigadores comienzan a tener indicios de cu\u00e1ndo los pacientes son m\u00e1s contagiosos.<\/span><\/p>\n<p style=\"text-align: justify;\"><span style=\"color: #800000;\">Las personas infectadas con el virus SARS-CoV-2, que causa la enfermedad, pueden dar positivo por el virus antes y despu\u00e9s de tener s\u00edntomas. Pero un nuevo estudio de nueve personas que contrajeron el virus en Alemania sugiere que las personas son principalmente contagiosas antes de tener s\u00edntomas y en la primera semana de la enfermedad.<\/span><\/p>\n<p style=\"text-align: center;\" align=\"center\"><strong><a href=\"https:\/\/elvitraldelaciencia.org\/revista\/\/\/wp-content\/uploads\/2020\/12\/El-coronavirus-es.pdf\">PDF<\/a><\/strong><\/p>\n<p>&nbsp;<\/p>\n<p><span style=\"color: #0000ff;\"><strong>EL CORONAVIRUS SE PROPAGA DE PERSONAS ASINTOM\u00c1TICAS<\/strong><\/span><\/p>\n<p><strong><i>Resumen<\/i><\/strong><\/p>\n<p style=\"text-align: justify;\"><span style=\"color: #800000;\">Un art\u00edculo publicado en la revista Emerging Infectious Diseases (Zhanwei Du, Xiaoke Xu, Ye Wu, Lin Wang, Benjamin J. Cowling, Lauren Ancel Meyers. Intervalo de serie de COVID-19 de casos confirmados informados p\u00fablicamente. Emerging Infectious Diseases, 2020; DOI: 10.3201 \/ eid2606.200357), un equipo de cient\u00edficos de los Estados Unidos, Francia, China y Hong Kong pudieron calcular lo que se llama el intervalo en serie del virus, el cual consiste el tiempo que tardan los s\u00edntomas en aparecer en dos personas con el virus: la persona que infecta a otra y la segunda persona infectada. Es decir, midieron qu\u00e9 tan r\u00e1pido se puede propagar el virus, un factor que puede ayudar a los funcionarios de salud p\u00fablica en sus esfuerzos de contenci\u00f3n de la infecci\u00f3n. <\/span><\/p>\n<p style=\"text-align: center;\" align=\"center\"><strong><a href=\"https:\/\/elvitraldelaciencia.org\/revista\/\/\/wp-content\/uploads\/2020\/12\/El-corona-virus-se-propaga.pdf\">PDF<\/a><\/strong><\/p>\n","protected":false},"excerpt":{"rendered":"<p>&nbsp; &nbsp; &nbsp; &nbsp; Volumen 1, n\u00ba 3, a\u00f1o 2020 PDF &nbsp; &nbsp; Principales art\u00edculos VENEZUELA CONTRA EL CORONAVIRUS \u00bfQU\u00c9 SE ESPERA? Dr. Miguel Alfonzo Resumen Ante la presencia de&hellip; <\/p>\n","protected":false},"author":1,"featured_media":378,"comment_status":"closed","ping_status":"closed","sticky":false,"template":"","format":"standard","meta":{"footnotes":""},"categories":[19],"tags":[],"class_list":["post-377","post","type-post","status-publish","format-standard","has-post-thumbnail","hentry","category-ojos-cien"],"_links":{"self":[{"href":"https:\/\/elvitraldelaciencia.org\/revista\/wp-json\/wp\/v2\/posts\/377","targetHints":{"allow":["GET"]}}],"collection":[{"href":"https:\/\/elvitraldelaciencia.org\/revista\/wp-json\/wp\/v2\/posts"}],"about":[{"href":"https:\/\/elvitraldelaciencia.org\/revista\/wp-json\/wp\/v2\/types\/post"}],"author":[{"embeddable":true,"href":"https:\/\/elvitraldelaciencia.org\/revista\/wp-json\/wp\/v2\/users\/1"}],"replies":[{"embeddable":true,"href":"https:\/\/elvitraldelaciencia.org\/revista\/wp-json\/wp\/v2\/comments?post=377"}],"version-history":[{"count":0,"href":"https:\/\/elvitraldelaciencia.org\/revista\/wp-json\/wp\/v2\/posts\/377\/revisions"}],"wp:featuredmedia":[{"embeddable":true,"href":"https:\/\/elvitraldelaciencia.org\/revista\/wp-json\/wp\/v2\/media\/378"}],"wp:attachment":[{"href":"https:\/\/elvitraldelaciencia.org\/revista\/wp-json\/wp\/v2\/media?parent=377"}],"wp:term":[{"taxonomy":"category","embeddable":true,"href":"https:\/\/elvitraldelaciencia.org\/revista\/wp-json\/wp\/v2\/categories?post=377"},{"taxonomy":"post_tag","embeddable":true,"href":"https:\/\/elvitraldelaciencia.org\/revista\/wp-json\/wp\/v2\/tags?post=377"}],"curies":[{"name":"wp","href":"https:\/\/api.w.org\/{rel}","templated":true}]}}