{"id":3782,"date":"2024-08-26T15:31:31","date_gmt":"2024-08-26T19:31:31","guid":{"rendered":"https:\/\/elvitraldelaciencia.org\/revista\/?p=3782"},"modified":"2024-09-23T21:51:06","modified_gmt":"2024-09-24T01:51:06","slug":"obsolescencia-programada-una-estrategia-de-un-modelo-que-te-obliga-a-comprar-mas-y-mas","status":"publish","type":"post","link":"https:\/\/elvitraldelaciencia.org\/revista\/obsolescencia-programada-una-estrategia-de-un-modelo-que-te-obliga-a-comprar-mas-y-mas\/","title":{"rendered":"OBSOLESCENCIA PROGRAMADA: Una estrategia de un modelo que te obliga a comprar m\u00e1s y m\u00e1s"},"content":{"rendered":"<p><img loading=\"lazy\" decoding=\"async\" class=\" wp-image-3783 alignleft\" src=\"https:\/\/elvitraldelaciencia.org\/revista\/wp-content\/uploads\/2024\/08\/obsol-300x241.png\" alt=\"\" width=\"335\" height=\"269\" srcset=\"https:\/\/elvitraldelaciencia.org\/revista\/wp-content\/uploads\/2024\/08\/obsol-300x241.png 300w, https:\/\/elvitraldelaciencia.org\/revista\/wp-content\/uploads\/2024\/08\/obsol.png 524w\" sizes=\"auto, (max-width: 335px) 100vw, 335px\" \/><\/p>\n<p><b>\u00bfQu\u00e9 es la obsolescencia programada?<\/b><\/p>\n<p>Seg\u00fan la Real Academia Espa\u00f1ola, el significado obsoleto es anticuado o inadecuado a las circunstancias modas o necesidades actuales. Asi mismo la RAE define como \u201cobsolescencia programada\u201d el hecho de establecer el final de la vida \u00fatil de un producto desde el momento de su fabricaci\u00f3n. La obsolescencia programada implica un costo ambiental elevado, con la generaci\u00f3n continua de desechos electr\u00f3nicos inservibles que se acumulan, entre 2007 y 2012 se desecharon m\u00e1s de mil millones de computadoras en el mundo y muy probablemente una cantidad mayor de dispositivos como celulares, tabletas entre otros (Vasquez G, 2015).<\/p>\n<p>La basura electr\u00f3nica se ha convertido en un tema muy importante en las agendas nacionales de toda Am\u00e9rica Latina. Organizaciones del sector privado y de la sociedad civil tambi\u00e9n tienen un inter\u00e9s creciente en resolver el problema de los desechos electr\u00f3nicos. Esto no s\u00f3lo se debe a presiones pol\u00edticas y preocupaciones p\u00fablicas sobre los componentes peligrosos de los desechos electr\u00f3nicos, sino tambi\u00e9n a las atractivas oportunidades de negocio que ofrece la gesti\u00f3n de los desechos electr\u00f3nicos. Cada vez m\u00e1s, los pa\u00edses en Am\u00e9rica Latina ven la gesti\u00f3n de residuos electr\u00f3nicos como un generador de nuevas empresas verdes y empleo (Rojas, 2022).<\/p>\n<p>M\u00e1s en: <a href=\"https:\/\/acqq.short.gy\/vjSEqe\"><strong>https:\/\/acqq.short.gy\/vjSEqe<\/strong><\/a><\/p>\n","protected":false},"excerpt":{"rendered":"<p>\u00bfQu\u00e9 es la obsolescencia programada? Seg\u00fan la Real Academia Espa\u00f1ola, el significado obsoleto es anticuado o inadecuado a las circunstancias modas o necesidades actuales. Asi mismo la RAE define como&hellip; <\/p>\n","protected":false},"author":2,"featured_media":3738,"comment_status":"closed","ping_status":"closed","sticky":false,"template":"","format":"standard","meta":{"footnotes":""},"categories":[13],"tags":[],"class_list":["post-3782","post","type-post","status-publish","format-standard","has-post-thumbnail","hentry","category-arti"],"_links":{"self":[{"href":"https:\/\/elvitraldelaciencia.org\/revista\/wp-json\/wp\/v2\/posts\/3782","targetHints":{"allow":["GET"]}}],"collection":[{"href":"https:\/\/elvitraldelaciencia.org\/revista\/wp-json\/wp\/v2\/posts"}],"about":[{"href":"https:\/\/elvitraldelaciencia.org\/revista\/wp-json\/wp\/v2\/types\/post"}],"author":[{"embeddable":true,"href":"https:\/\/elvitraldelaciencia.org\/revista\/wp-json\/wp\/v2\/users\/2"}],"replies":[{"embeddable":true,"href":"https:\/\/elvitraldelaciencia.org\/revista\/wp-json\/wp\/v2\/comments?post=3782"}],"version-history":[{"count":0,"href":"https:\/\/elvitraldelaciencia.org\/revista\/wp-json\/wp\/v2\/posts\/3782\/revisions"}],"wp:featuredmedia":[{"embeddable":true,"href":"https:\/\/elvitraldelaciencia.org\/revista\/wp-json\/wp\/v2\/media\/3738"}],"wp:attachment":[{"href":"https:\/\/elvitraldelaciencia.org\/revista\/wp-json\/wp\/v2\/media?parent=3782"}],"wp:term":[{"taxonomy":"category","embeddable":true,"href":"https:\/\/elvitraldelaciencia.org\/revista\/wp-json\/wp\/v2\/categories?post=3782"},{"taxonomy":"post_tag","embeddable":true,"href":"https:\/\/elvitraldelaciencia.org\/revista\/wp-json\/wp\/v2\/tags?post=3782"}],"curies":[{"name":"wp","href":"https:\/\/api.w.org\/{rel}","templated":true}]}}