{"id":383,"date":"2020-12-21T21:35:12","date_gmt":"2020-12-22T01:35:12","guid":{"rendered":"http:\/\/revista.vzpla.net\/?p=383"},"modified":"2021-01-17T01:00:17","modified_gmt":"2021-01-17T05:00:17","slug":"revista-los-ojos-de-la-ciencia-vol-1-no-4","status":"publish","type":"post","link":"https:\/\/elvitraldelaciencia.org\/revista\/revista-los-ojos-de-la-ciencia-vol-1-no-4\/","title":{"rendered":"Revista Los Ojos de la Ciencia Vol 1 N\u00ba 4"},"content":{"rendered":"<p><strong><img loading=\"lazy\" decoding=\"async\" class=\"size-medium wp-image-384 alignleft\" src=\"https:\/\/elvitraldelaciencia.org\/revista\/\/wp-content\/uploads\/2020\/12\/ojos_cs_v1_n4-220x300.png\" alt=\"\" width=\"220\" height=\"300\" srcset=\"https:\/\/elvitraldelaciencia.org\/revista\/wp-content\/uploads\/2020\/12\/ojos_cs_v1_n4-220x300.png 220w, https:\/\/elvitraldelaciencia.org\/revista\/wp-content\/uploads\/2020\/12\/ojos_cs_v1_n4.png 396w\" sizes=\"auto, (max-width: 220px) 100vw, 220px\" \/><\/strong><\/p>\n<p>&nbsp;<\/p>\n<p>&nbsp;<\/p>\n<p>&nbsp;<\/p>\n<p><strong>Volumen 1, n\u00ba 4, a\u00f1o 2020<br \/>\n<\/strong><\/p>\n<p><a href=\"https:\/\/elvitraldelaciencia.org\/revista\/\/\/wp-content\/uploads\/2020\/12\/ojos_ciencia_v1_n4.pdf\" target=\"_blank\" rel=\"noopener\">PDF<\/a><\/p>\n<p>&nbsp;<\/p>\n<p>&nbsp;<\/p>\n<p>&nbsp;<\/p>\n<p style=\"text-align: center;\" align=\"center\"><strong><span style=\"font-size: 18.0pt;\">Principales art\u00edculos<\/span><\/strong><\/p>\n<p><strong><span style=\"color: #0000ff;\">LA CURA DE LA PANDEMIA: <\/span><\/strong><br \/>\n<strong><span style=\"color: #0000ff;\">EL DISTANCIAMIENTO SOCIAL Y LA CUARENTENA<\/span><\/strong><\/p>\n<p><strong><i>Resumen<\/i><\/strong><\/p>\n<p style=\"text-align: justify;\"><span style=\"color: #800000;\">Hasta ahora la OMS ha recomendado a los pa\u00edses tomar medidas de control que logren contener la expansi\u00f3n de la pandemia COVID 19, entre esas medidas de control destacan el distanciamiento social y la cuarentena, a pesar de los problemas negativos que estas medidas puedan tener desde el punto de vista econ\u00f3mico y social (1) (figura 1). <\/span><\/p>\n<p style=\"text-align: center;\" align=\"center\"><strong><a href=\"https:\/\/elvitraldelaciencia.org\/revista\/\/\/wp-content\/uploads\/2020\/12\/LA-CURA-DE-LA-PANDEMIA.pdf\">PDF<\/a><\/strong><\/p>\n<p>&nbsp;<\/p>\n<p><span style=\"color: #0000ff;\"><strong>LOGROS DE VENEZUELA CONTRA LA PANDEMIA<\/strong><\/span><\/p>\n<p><span style=\"color: #0000ff;\"><strong>\u00bfMITOS O REALIDAD?<\/strong><\/span><\/p>\n<p><em><b>Resumen<\/b><\/em><\/p>\n<p style=\"text-align: justify;\"><span style=\"color: #800000;\">Al inicio hubo mucha incertidumbre, temor y ansiedad en la poblaci\u00f3n venezolana con las medidas tomadas por el presidente Nicol\u00e1s Maduro ante el anuncio de los primeros casos positivos de coronavirus (SARS-CoV-2), provenientes de viajeros que llegaban de pa\u00edses donde el foco infeccioso estaba ya instalado y creciendo exponencialmente. Estamos hablando del lunes 16 de marzo, a las 5 am, se iniciaba lo que el presidente Maduro denomin\u00f3 en cadena nacional de radio y televisi\u00f3n como una \u201ccuarentena social\u201d para la regi\u00f3n 1 de las Zonas de Defensa Integral (ZDI) de Venezuela: all\u00ed donde se han detectado incidencias mayores del nuevo coronavirus, que consiste en la ciudad de Caracas (Distrito Capital) y los estados Apure, Cojedes, La Guaira, Miranda, T\u00e1chira y Zulia.<\/span><\/p>\n<p style=\"text-align: justify;\"><span style=\"color: #800000;\">A partir de all\u00ed, todo el pa\u00eds ha estado pendiente del ascenso del n\u00famero de los casos positivos y el n\u00famero de fallecimientos por el COVID-19 que se anuncian diariamente en cadena nacional (figura 1), cuyos valores han tenido un comportamiento acorde a la hip\u00f3tesis que ha manejado el alto gobierno desde el principio, es decir, a medida que se tomaran medidas sociales mas radicales y r\u00e1pidas como el distanciamiento social y la contenci\u00f3n, se evitar\u00eda un crecimiento exponencial de la expansi\u00f3n viral entre la poblaci\u00f3n.<\/span><\/p>\n<p style=\"text-align: justify;\"><span style=\"color: #800000;\">Los resultados hasta ahora obtenidos fueron reconocidos por el \u00faltimo informe de la OMS ante la eficiencia que se ha observado de estas medidas.<\/span><\/p>\n<p style=\"text-align: center;\" align=\"center\"><strong><a href=\"https:\/\/elvitraldelaciencia.org\/revista\/\/\/wp-content\/uploads\/2020\/12\/LOGROS-DE-VENEZUELA.pdf\">PDF<\/a><\/strong><\/p>\n<p>&nbsp;<\/p>\n<p><span style=\"color: #0000ff;\"><strong>\u00bfAPLANAR LA CURVA DE LA PANDEMIA DE CORONAVIRUS ES SUFICIENTE?<\/strong><\/span><\/p>\n<p><span style=\"color: #0000ff;\"><strong>\u00bfQU\u00c9 HACER DESPU\u00c9S?<\/strong><\/span><\/p>\n<p><strong><i>Resumen<\/i><\/strong><\/p>\n<p style=\"text-align: justify;\"><span style=\"color: #800000;\">Ahora sabemos que la estrategia para combatir la pandemia viral ha sido una elecci\u00f3n dif\u00edcil, pero tiene una gran ventaja a corto plazo. Sin embargo, las personas tienen preocupaciones leg\u00edtimas sobre esta estrategia. Nadie sabe c\u00f3mo ser\u00e1 la vida cuando se relajen las restricciones. \u00bfCu\u00e1nto durar\u00e1 realmente? \u00bfQu\u00e9 tan caro ser\u00e1? \u00bfHabr\u00e1 un segundo pico tan grande como si no hici\u00e9ramos nada? Lo que si es seguro es que llegar\u00e1 un d\u00eda en que el virus haya sido contenido. Y ese d\u00eda tendremos un objetivo muy claro: habr\u00e1 que luchar para que el virus no rebrote. El problema es que no sabemos si es posible ganar esa batalla y hacer vida normal.<\/span><\/p>\n<p style=\"text-align: center;\" align=\"center\"><strong><a href=\"https:\/\/elvitraldelaciencia.org\/revista\/\/\/wp-content\/uploads\/2020\/12\/\u00bfAPLANAR-LA-CURVA.pdf\">PDF<\/a><\/strong><\/p>\n<p>&nbsp;<\/p>\n<p><span style=\"color: #0000ff;\"><strong>VENCER AL CORONAVIRUS&#8230; <\/strong><\/span><br \/>\n<span style=\"color: #0000ff;\"><strong>EN LA B\u00daSQUEDA DE TRATAMIENTOS.<\/strong><\/span><\/p>\n<p><strong><i>Resumen<\/i><\/strong><\/p>\n<p style=\"text-align: justify;\"><span style=\"color: #800000;\">La pandemia del coronavirus (SARS-CoV-2) que nos ha sorprendido a finales de diciembre del 2019, cuyos primeros casos surgen en una provincia de China (Wuhan), no llamaron la atenci\u00f3n a una humanidad, a pesar de estar acostumbrada a ver pel\u00edculas de ficci\u00f3n sobre pandemias, contagios, terror colectivo. Ser\u00eda por la fecha, cuando gran parte de la sociedad estaba concentrada en el consumismo de las fiestas navide\u00f1as. Sin embargo, \u00edbamos a ser testigos de la mayor pandemia del siglo XXI, declarada dos meses despu\u00e9s por la OMS, esta vez causado por un virus desconocido en todos sus aspectos. <\/span><\/p>\n<p style=\"text-align: center;\" align=\"center\"><strong><a href=\"https:\/\/elvitraldelaciencia.org\/revista\/\/\/wp-content\/uploads\/2020\/12\/VENCER-AL-CORONAVIRUS.pdf\">PDF<\/a><\/strong><\/p>\n<p>&nbsp;<\/p>\n<p><span style=\"color: #0000ff;\"><strong>LA VACUNA CONTRA EL CORONAVIRUS<\/strong><\/span><\/p>\n<p><span style=\"color: #0000ff;\"><strong>LA JOYA DE LA CORONA.<\/strong><\/span><\/p>\n<p><strong><i>Resumen<\/i><\/strong><\/p>\n<p style=\"text-align: justify;\"><span style=\"color: #800000;\">\u00bfCu\u00e1nto tardar\u00e1 en llegar la vacuna que acabe con la pandemia? La pregunta es extensible a otras enfermedades infecciosas como el \u00c9bola, la malaria o el SIDA, frente a las que se lleva luchando mucho m\u00e1s tiempo y, sin embargo, a\u00fan no cuentan con una vacuna efectiva. Y la respuesta no es muy halag\u00fce\u00f1a a corto plazo: se tardar\u00e1 en conseguir.<\/span><\/p>\n<p style=\"text-align: center;\" align=\"center\"><strong><a href=\"https:\/\/elvitraldelaciencia.org\/revista\/\/\/wp-content\/uploads\/2020\/12\/LA-VACUNA-CONTRA-EL.pdf\">PDF<\/a><\/strong><\/p>\n","protected":false},"excerpt":{"rendered":"<p>&nbsp; &nbsp; &nbsp; Volumen 1, n\u00ba 4, a\u00f1o 2020 PDF &nbsp; &nbsp; &nbsp; Principales art\u00edculos LA CURA DE LA PANDEMIA: EL DISTANCIAMIENTO SOCIAL Y LA CUARENTENA Resumen Hasta ahora la&hellip; <\/p>\n","protected":false},"author":1,"featured_media":384,"comment_status":"closed","ping_status":"closed","sticky":false,"template":"","format":"standard","meta":{"footnotes":""},"categories":[19],"tags":[],"class_list":["post-383","post","type-post","status-publish","format-standard","has-post-thumbnail","hentry","category-ojos-cien"],"_links":{"self":[{"href":"https:\/\/elvitraldelaciencia.org\/revista\/wp-json\/wp\/v2\/posts\/383","targetHints":{"allow":["GET"]}}],"collection":[{"href":"https:\/\/elvitraldelaciencia.org\/revista\/wp-json\/wp\/v2\/posts"}],"about":[{"href":"https:\/\/elvitraldelaciencia.org\/revista\/wp-json\/wp\/v2\/types\/post"}],"author":[{"embeddable":true,"href":"https:\/\/elvitraldelaciencia.org\/revista\/wp-json\/wp\/v2\/users\/1"}],"replies":[{"embeddable":true,"href":"https:\/\/elvitraldelaciencia.org\/revista\/wp-json\/wp\/v2\/comments?post=383"}],"version-history":[{"count":0,"href":"https:\/\/elvitraldelaciencia.org\/revista\/wp-json\/wp\/v2\/posts\/383\/revisions"}],"wp:featuredmedia":[{"embeddable":true,"href":"https:\/\/elvitraldelaciencia.org\/revista\/wp-json\/wp\/v2\/media\/384"}],"wp:attachment":[{"href":"https:\/\/elvitraldelaciencia.org\/revista\/wp-json\/wp\/v2\/media?parent=383"}],"wp:term":[{"taxonomy":"category","embeddable":true,"href":"https:\/\/elvitraldelaciencia.org\/revista\/wp-json\/wp\/v2\/categories?post=383"},{"taxonomy":"post_tag","embeddable":true,"href":"https:\/\/elvitraldelaciencia.org\/revista\/wp-json\/wp\/v2\/tags?post=383"}],"curies":[{"name":"wp","href":"https:\/\/api.w.org\/{rel}","templated":true}]}}