{"id":402,"date":"2020-12-21T21:51:28","date_gmt":"2020-12-22T01:51:28","guid":{"rendered":"http:\/\/revista.vzpla.net\/?p=402"},"modified":"2021-01-17T00:57:01","modified_gmt":"2021-01-17T04:57:01","slug":"revista-los-ojos-de-la-ciencia-vol-1-no-6","status":"publish","type":"post","link":"https:\/\/elvitraldelaciencia.org\/revista\/revista-los-ojos-de-la-ciencia-vol-1-no-6\/","title":{"rendered":"Revista Los Ojos de la Ciencia Vol 1 N\u00ba 6"},"content":{"rendered":"<p><img loading=\"lazy\" decoding=\"async\" class=\"size-medium wp-image-403 alignleft\" src=\"https:\/\/elvitraldelaciencia.org\/revista\/\/wp-content\/uploads\/2020\/12\/ojos_cs_v1_n6-212x300.png\" alt=\"\" width=\"212\" height=\"300\" srcset=\"https:\/\/elvitraldelaciencia.org\/revista\/wp-content\/uploads\/2020\/12\/ojos_cs_v1_n6-212x300.png 212w, https:\/\/elvitraldelaciencia.org\/revista\/wp-content\/uploads\/2020\/12\/ojos_cs_v1_n6.png 358w\" sizes=\"auto, (max-width: 212px) 100vw, 212px\" \/><\/p>\n<p>&nbsp;<\/p>\n<p>&nbsp;<\/p>\n<p>&nbsp;<\/p>\n<p><strong>Volumen 1, n\u00ba 6, a\u00f1o 2020<br \/>\n<\/strong><\/p>\n<p><a href=\"https:\/\/elvitraldelaciencia.org\/revista\/\/\/wp-content\/uploads\/2020\/12\/ojos_ciencia_v1_n6.pdf\" target=\"_blank\" rel=\"noopener\">PDF<\/a><\/p>\n<p>&nbsp;<\/p>\n<p>&nbsp;<\/p>\n<p>&nbsp;<\/p>\n<p>&nbsp;<\/p>\n<p style=\"text-align: center;\" align=\"center\"><strong><span style=\"font-size: 18.0pt;\">Principales art\u00edculos<\/span><\/strong><\/p>\n<p><span style=\"color: #0000ff; font-family: georgia, palatino, serif;\"><strong>LA HIDROXICLOROQUINA EN LA PANDEMIA<br \/>\nSER O NO SER<\/strong><\/span><\/p>\n<p style=\"text-align: justify;\"><span style=\"font-family: georgia, palatino, serif;\"><strong>Dr. Miguel Alfonzo<\/strong><\/span><\/p>\n<p><span style=\"font-family: georgia, palatino, serif;\"><strong><i>Resumen<\/i><\/strong><\/span><\/p>\n<p style=\"text-align: justify;\"><span style=\"color: #800000;\">La pandemia de COVID-19 ha ocasionado enormes incertidumbres sobre numerosos aspectos de la enfermedad y del virus causante, el SARS-CoV-2, para la Ciencia y la Medicina. Uno de los cap\u00edtulos que apenas se abren las primeras p\u00e1ginas, es sobre la duda si existe grave riesgo o no del uso de los medicamentos antipal\u00fadicos, especialmente el de la hidroxicloroquina, para el tratamiento de esta enfermedad viral. Un estudio publicado el 22 de mayo, en Lancet, demuestran mediante un an\u00e1lisis de registros hospitalarios de 96.000 personas con COVID-19 que, aquellos pacientes infectados que fueron tratados con cloroquina o hidroxicloroquina, no presentaron ning\u00fan beneficio con estas sustancias, adem\u00e1s, ten\u00edan m\u00e1s probabilidades de morir que las que no lo hicieron. Estos hallazgos conllevaron a que las agencias reguladoras de salud en varios pa\u00edses, y a la Organizaci\u00f3n Mundial de la Salud (OMS), a suspender la inscripci\u00f3n de los ensayos del medicamento. Sin embargo, est\u00e1n surgiendo enormes dudas de la rigurosidad de este estudio. En este art\u00edculo trataremos este pol\u00e9mico tema que es de suma importancia para la salud p\u00fablica. Mucho m\u00e1s, cuando el gobierno bolivariano ha mantenido en sus protocolos terap\u00e9uticos contra la pandemia, el uso de este medicamento.<\/span><\/p>\n<p style=\"text-align: center;\" align=\"center\"><strong><a href=\"https:\/\/elvitraldelaciencia.org\/revista\/\/\/wp-content\/uploads\/2020\/12\/LA-HIDROXICLOROQUINA-EN.pdf\">PDF<\/a><\/strong><\/p>\n<p>&nbsp;<\/p>\n<p><strong><span style=\"color: #0000ff;\">LA INVESTIGACI\u00d3N DURANTE LA PANDEMIA<\/span><br \/>\n<span style=\"color: #0000ff;\">CARRERA DE OBST\u00c1CULOS<\/span><br \/>\n<\/strong><\/p>\n<p><strong>Dr. Miguel Alfonzo<\/strong><\/p>\n<p><em><b>Resumen<\/b><\/em><\/p>\n<p style=\"text-align: justify;\"><span style=\"color: #800000;\">La pandemia de la enfermedad por coronavirus 2019 (COVID-19) ha llevado a una interrupci\u00f3n sin precedentes de la sociedad. Las instituciones de educaci\u00f3n universitaria no han sido la excepci\u00f3n. La mayor\u00eda de las actividades de investigaci\u00f3n \u201cin situ\u201d, en laboratorios, cl\u00ednicas o en el campo, con el fin de preservar la seguridad de sus comunidades y adherirse a la orientaci\u00f3n de salud p\u00fablica, han tenido que implementar trabajo remoto para la mayor\u00eda de los empleados, tesistas, postdoctorados e investigadores, y cerrar innumerables espacios y programas p\u00fablicos. Estas estrategias de mitigaci\u00f3n de salud p\u00fablica en todo el mundo han afectado la investigaci\u00f3n in situ en diversos grados. En China, la investigaci\u00f3n universitaria estuvo sujeta a estrictas medidas de control en Wuhan y en otros lugares, lo que contribuy\u00f3 a mitigar la propagaci\u00f3n del virus en todo el pa\u00eds (1). Muchos cient\u00edficos se est\u00e1n enfrentado a decisiones de investigaci\u00f3n dif\u00edciles, que a menudo terminan pausando o interrumpiendo proyectos a largo plazo, estudios de campo o colaboraciones internacionales, costando a los investigadores no meses, sino a\u00f1os, de trabajo. Al mismo tiempo, algunos tambi\u00e9n han experimentado p\u00e9rdidas personales insoportablemente tristes, de colegas\u00a0 amigos o familiares que sucumbieron al virus.<\/span><\/p>\n<p style=\"text-align: center;\" align=\"center\"><strong><a href=\"https:\/\/elvitraldelaciencia.org\/revista\/\/\/wp-content\/uploads\/2020\/12\/LA-INVESTIGACION-DURANTE-LA-PANDEMIA.pdf\">PDF<\/a><\/strong><\/p>\n<p>&nbsp;<\/p>\n<p><strong><span style=\"font-size: 12pt; color: #0000ff;\">\u00c9TICA <\/span><span style=\"font-size: 12pt; color: #0000ff;\">DESDE LA VIDA Y PARA LA VIDA<\/span><br \/>\n<\/strong><\/p>\n<p><strong>Dr. Carlos Aponte<\/strong><\/p>\n<p><strong><i>Resumen<\/i><\/strong><\/p>\n<p style=\"text-align: justify;\"><span style=\"color: #800000;\">La Constituci\u00f3n de la Rep\u00fablica Bolivariana de Venezuela (figura 1) expresa en su art\u00edculo 2: \u00abVenezuela se constituye en un Estado democr\u00e1tico y social de Derecho y de Justicia, que propugna como valores superiores de su ordenamiento jur\u00eddico y de su actuaci\u00f3n, la vida, la libertad, la justicia, la igualdad, la solidaridad, la democracia, la responsabilidad social y, en general, la preeminencia de los derechos humanos, la \u00e9tica y el pluralismo pol\u00edtico\u00bb.<\/span><\/p>\n<p style=\"text-align: center;\" align=\"center\"><strong><a href=\"https:\/\/elvitraldelaciencia.org\/revista\/\/\/wp-content\/uploads\/2020\/12\/Etica.pdf\">PDF<\/a><\/strong><\/p>\n<p>&nbsp;<\/p>\n<p><span style=\"color: #0000ff;\"><strong>LA CIENCIA SE PARALIZA CONTRA EL RACISMO<br \/>\nEN HOMENAJE A GEORGE FLOYD<\/strong><\/span><\/p>\n<p><strong><i>Resumen<\/i><\/strong><\/p>\n<p style=\"text-align: justify;\"><span style=\"color: #800000;\">La famosa revista cient\u00edfica Nature en su edici\u00f3n del 09 de junio, espec\u00edficamente en la secci\u00f3n de Noticias, anuncia una huelga de un d\u00eda por miles de acad\u00e9micos y por algunas de las principales organizaciones cient\u00edficas de todo el mundo. Dejar\u00e1n de trabajar el 10 de junio (durante esta fecha se estaba preparando esta Edici\u00f3n Especial) como parte de una posici\u00f3n global de protesta contra el racismo anti-negro en la ciencia.Efectivamente, m\u00e1s de 5.000 cient\u00edficos, as\u00ed como sociedades, universidades y editoriales, se unir\u00e1n a un llamado a \u201cStrike for Black Lives\u201d, deteniendo sus actividades laborales habituales para aprender sobre el racismo sist\u00e9mico en la comunidad de investigaci\u00f3n <\/span><span style=\"color: #800000;\">y crear formas de abordar las desigualdades. El evento est\u00e1 siendo planeado por dos grupos ad hoc de cient\u00edficos que usan hashtags como # Strike4BlackLives , #ShutDownSTEM y #ShutDownAcademia.<\/span><\/p>\n<p style=\"text-align: center;\" align=\"center\"><strong><a href=\"https:\/\/elvitraldelaciencia.org\/revista\/\/\/wp-content\/uploads\/2020\/12\/LA-CIENCIA-SE-PARALIZA.pdf\">PDF<\/a><\/strong><\/p>\n<p>&nbsp;<\/p>\n<p><span style=\"color: #0000ff;\"><strong>LA ESQUIZOFRENIA EN CEREBROS \u201cNORMALES\u201d<\/strong><\/span><\/p>\n<p><strong><i>Resumen<\/i><\/strong><\/p>\n<p style=\"text-align: justify;\"><span style=\"color: #800000;\">M\u00e1s de 21 millones de personas en el mundo, seg\u00fan la Organizaci\u00f3n Mundial de la Salud, padecen <\/span><span style=\"color: #800000;\">esquizofrenia, una enfermedad que se caracteriza por la distorsi\u00f3n del pensamiento, las percepciones, las emociones o la conducta. Los pacientes experimentan alucinaciones, delirios y comportamientos extravagantes, entre otras manifestaciones. Sus causas son m\u00faltiples e intervienen desde factores gen\u00e9ticos a ambientales. Hasta ahora se hab\u00eda identificado una huella biol\u00f3gica relacionada con la esquizofrenia: la disminuci\u00f3n del volumen de masa gris en el cerebro. Sin embargo, un nuevo estudio internacional sobre m\u00e1s de 300 pacientes ha hallado que un 37% de los diagnosticados no muestra esta evidencia, un descubrimiento que permite no solo reclasificar la esquizofrenia con nuevos subtipos sino tambi\u00e9n abrir la puerta a diagn\u00f3sticos m\u00e1s precisos y terapias m\u00e1s eficaces.<\/span><\/p>\n<p style=\"text-align: center;\" align=\"center\"><strong><a href=\"https:\/\/elvitraldelaciencia.org\/revista\/\/\/wp-content\/uploads\/2020\/12\/LA-ESQUIZOFRENIA.pdf\">PDF<\/a><\/strong><\/p>\n","protected":false},"excerpt":{"rendered":"<p>&nbsp; &nbsp; &nbsp; Volumen 1, n\u00ba 6, a\u00f1o 2020 PDF &nbsp; &nbsp; &nbsp; &nbsp; Principales art\u00edculos LA HIDROXICLOROQUINA EN LA PANDEMIA SER O NO SER Dr. Miguel Alfonzo Resumen La&hellip; <\/p>\n","protected":false},"author":1,"featured_media":403,"comment_status":"closed","ping_status":"closed","sticky":false,"template":"","format":"standard","meta":{"footnotes":""},"categories":[19],"tags":[],"class_list":["post-402","post","type-post","status-publish","format-standard","has-post-thumbnail","hentry","category-ojos-cien"],"_links":{"self":[{"href":"https:\/\/elvitraldelaciencia.org\/revista\/wp-json\/wp\/v2\/posts\/402","targetHints":{"allow":["GET"]}}],"collection":[{"href":"https:\/\/elvitraldelaciencia.org\/revista\/wp-json\/wp\/v2\/posts"}],"about":[{"href":"https:\/\/elvitraldelaciencia.org\/revista\/wp-json\/wp\/v2\/types\/post"}],"author":[{"embeddable":true,"href":"https:\/\/elvitraldelaciencia.org\/revista\/wp-json\/wp\/v2\/users\/1"}],"replies":[{"embeddable":true,"href":"https:\/\/elvitraldelaciencia.org\/revista\/wp-json\/wp\/v2\/comments?post=402"}],"version-history":[{"count":0,"href":"https:\/\/elvitraldelaciencia.org\/revista\/wp-json\/wp\/v2\/posts\/402\/revisions"}],"wp:featuredmedia":[{"embeddable":true,"href":"https:\/\/elvitraldelaciencia.org\/revista\/wp-json\/wp\/v2\/media\/403"}],"wp:attachment":[{"href":"https:\/\/elvitraldelaciencia.org\/revista\/wp-json\/wp\/v2\/media?parent=402"}],"wp:term":[{"taxonomy":"category","embeddable":true,"href":"https:\/\/elvitraldelaciencia.org\/revista\/wp-json\/wp\/v2\/categories?post=402"},{"taxonomy":"post_tag","embeddable":true,"href":"https:\/\/elvitraldelaciencia.org\/revista\/wp-json\/wp\/v2\/tags?post=402"}],"curies":[{"name":"wp","href":"https:\/\/api.w.org\/{rel}","templated":true}]}}