{"id":477,"date":"2021-01-02T18:46:24","date_gmt":"2021-01-02T22:46:24","guid":{"rendered":"http:\/\/revista.vzpla.net\/?p=477"},"modified":"2021-01-30T23:38:08","modified_gmt":"2021-01-31T03:38:08","slug":"el-covid19-prolongado-existe-la-ciencia-lo-confirma","status":"publish","type":"post","link":"https:\/\/elvitraldelaciencia.org\/revista\/el-covid19-prolongado-existe-la-ciencia-lo-confirma\/","title":{"rendered":"EL COVID19 PROLONGADO  EXISTE. LA CIENCIA LO CONFIRMA"},"content":{"rendered":"<p style=\"text-align: justify;\"><img loading=\"lazy\" decoding=\"async\" class=\"size-medium wp-image-470 alignleft\" src=\"https:\/\/elvitraldelaciencia.org\/revista\/\/wp-content\/uploads\/2020\/11\/COVID19-PROLONGADO-300x225.jpg\" alt=\"\" width=\"300\" height=\"225\" srcset=\"https:\/\/elvitraldelaciencia.org\/revista\/wp-content\/uploads\/2020\/11\/COVID19-PROLONGADO-300x225.jpg 300w, https:\/\/elvitraldelaciencia.org\/revista\/wp-content\/uploads\/2020\/11\/COVID19-PROLONGADO-320x240.jpg 320w, https:\/\/elvitraldelaciencia.org\/revista\/wp-content\/uploads\/2020\/11\/COVID19-PROLONGADO.jpg 600w\" sizes=\"auto, (max-width: 300px) 100vw, 300px\" \/><\/p>\n<p style=\"text-align: justify;\">Cada d\u00eda hay m\u00e1s evidencias que pacientes de COVID19 dados de alta enfrentan s\u00edntomas importantes que persisten durante meses. Cada uno de estos pacientes ya hab\u00eda sido infectado con el SARS-CoV-2 y presumiblemente se hab\u00eda recuperado, sin embargo, todos segu\u00edan lidiando con s\u00edntomas de la enfermedad, a veces vagos, a veces inespec\u00edficos, que simplemente no desaparec\u00edan. A este tipo de situaci\u00f3n o pacientes se les est\u00e1n llamando \u201cCOVID19 prolongado\u201d o \u201cTransportadores largos\u201d, respectivamente. Lo peor, de todas las facetas de la enfermedad, esta puede resultar, en \u00faltima instancia, la m\u00e1s dif\u00edcil de reconocer, y mucho menos de combatir (Barber, C. Scientific<br \/>\nAmerican. diciembre, 2020).<\/p>\n<p style=\"text-align: justify;\">Los pacientes con COVID19 prolongado llevan sus s\u00edntomas mucho m\u00e1s all\u00e1 de lo que hemos llegado a entender como un curso \u201cnormal\u201d de recuperaci\u00f3n. Puede durar semanas. Para algunos \u201ctransportadores largos\u201d, han pasado meses y contando. Los s\u00edntomas de estos pacientes a menudo se presentan como tan variados y relativamente comunes que desaf\u00edan un diagn\u00f3stico s\u00f3lido relacionado con COVID.<\/p>\n<p style=\"text-align: justify;\">Si un paciente acude al servicio de salud quej\u00e1ndose de mareos, olvidos y dolor de cabeza, por ejemplo, \u00bfes un COVID prolongado o algo completamente distinto? \u00bfQu\u00e9 tal la fatiga? \u00bfTos persistente? \u00bfDolores musculares e insomnio? \u00bfFiebres recurrentes?<\/p>\n<p><a href=\"https:\/\/elvitraldelaciencia.org\/revista\/\/\/wp-content\/uploads\/2021\/01\/revista-divulgacion-12-MEMORIA.pdf\">Ver art\u00edculo completo<\/a><\/p>\n","protected":false},"excerpt":{"rendered":"<p>Cada d\u00eda hay m\u00e1s evidencias que pacientes de COVID19 dados de alta enfrentan s\u00edntomas importantes que persisten durante meses. Cada uno de estos pacientes ya hab\u00eda sido infectado con el&hellip; <\/p>\n","protected":false},"author":2,"featured_media":470,"comment_status":"closed","ping_status":"closed","sticky":false,"template":"","format":"standard","meta":{"footnotes":""},"categories":[13,11],"tags":[],"class_list":["post-477","post","type-post","status-publish","format-standard","has-post-thumbnail","hentry","category-arti","category-destacado"],"_links":{"self":[{"href":"https:\/\/elvitraldelaciencia.org\/revista\/wp-json\/wp\/v2\/posts\/477","targetHints":{"allow":["GET"]}}],"collection":[{"href":"https:\/\/elvitraldelaciencia.org\/revista\/wp-json\/wp\/v2\/posts"}],"about":[{"href":"https:\/\/elvitraldelaciencia.org\/revista\/wp-json\/wp\/v2\/types\/post"}],"author":[{"embeddable":true,"href":"https:\/\/elvitraldelaciencia.org\/revista\/wp-json\/wp\/v2\/users\/2"}],"replies":[{"embeddable":true,"href":"https:\/\/elvitraldelaciencia.org\/revista\/wp-json\/wp\/v2\/comments?post=477"}],"version-history":[{"count":0,"href":"https:\/\/elvitraldelaciencia.org\/revista\/wp-json\/wp\/v2\/posts\/477\/revisions"}],"wp:featuredmedia":[{"embeddable":true,"href":"https:\/\/elvitraldelaciencia.org\/revista\/wp-json\/wp\/v2\/media\/470"}],"wp:attachment":[{"href":"https:\/\/elvitraldelaciencia.org\/revista\/wp-json\/wp\/v2\/media?parent=477"}],"wp:term":[{"taxonomy":"category","embeddable":true,"href":"https:\/\/elvitraldelaciencia.org\/revista\/wp-json\/wp\/v2\/categories?post=477"},{"taxonomy":"post_tag","embeddable":true,"href":"https:\/\/elvitraldelaciencia.org\/revista\/wp-json\/wp\/v2\/tags?post=477"}],"curies":[{"name":"wp","href":"https:\/\/api.w.org\/{rel}","templated":true}]}}