{"id":480,"date":"2021-01-02T18:50:20","date_gmt":"2021-01-02T22:50:20","guid":{"rendered":"http:\/\/revista.vzpla.net\/?p=480"},"modified":"2021-01-30T23:37:30","modified_gmt":"2021-01-31T03:37:30","slug":"la-regla-cotidianidad-femenina","status":"publish","type":"post","link":"https:\/\/elvitraldelaciencia.org\/revista\/la-regla-cotidianidad-femenina\/","title":{"rendered":"LA REGLA. Cotidianidad Femenina\u2026"},"content":{"rendered":"<p><img loading=\"lazy\" decoding=\"async\" class=\"alignleft size-medium wp-image-465\" src=\"https:\/\/elvitraldelaciencia.org\/revista\/\/\/wp-content\/uploads\/2020\/11\/menstruacion-225x300.png\" alt=\"\" width=\"225\" height=\"300\" srcset=\"https:\/\/elvitraldelaciencia.org\/revista\/wp-content\/uploads\/2020\/11\/menstruacion-225x300.png 225w, https:\/\/elvitraldelaciencia.org\/revista\/wp-content\/uploads\/2020\/11\/menstruacion.png 630w\" sizes=\"auto, (max-width: 225px) 100vw, 225px\" \/><\/p>\n<p><span style=\"color: #800000;\">Hoy queremos tocar un tema que es universal pero nadie lo habla. Es un proceso natural pero pareciera que estuviera prohibido hablarlo. Muchachas y muchachos, si, muchachos tambi\u00e9n, porque deben conocerlo. Nos referimos al tema de la menstruaci\u00f3n.<\/span><\/p>\n<p><span style=\"color: #800000;\">Debido a factores sociales, hist\u00f3ricos y culturales asociados al machismo y al heteropatriarcado, la menstruaci\u00f3n es estigmatizada socialmente y usada como forma de discriminaci\u00f3n. Dependiendo las culturas y las sociedades, la menstruaci\u00f3n es asociada a prejuicios como la impureza, la suciedad, la falta de \u201cdelicadeza\u201d, dignidad, recato y se condiciona a mantenerse en lo privado. Para ello se han encontrado mecanismos sociales tanto a nivel familiar como a nivel comercial y de mercadotecnia para articular un discurso que refuerce el ocultamiento de la menstruaci\u00f3n.<\/span><\/p>\n<p>&nbsp;<\/p>\n<p><a href=\"https:\/\/elvitraldelaciencia.org\/revista\/\/\/wp-content\/uploads\/2020\/11\/revista-divulgacion-9-SEXUALIDAD.pdf\">Ver art\u00edculo completo<\/a><\/p>\n<p>&nbsp;<\/p>\n","protected":false},"excerpt":{"rendered":"<p>Hoy queremos tocar un tema que es universal pero nadie lo habla. Es un proceso natural pero pareciera que estuviera prohibido hablarlo. Muchachas y muchachos, si, muchachos tambi\u00e9n, porque deben&hellip; <\/p>\n","protected":false},"author":2,"featured_media":465,"comment_status":"closed","ping_status":"closed","sticky":false,"template":"","format":"standard","meta":{"footnotes":""},"categories":[13,11,18],"tags":[],"class_list":["post-480","post","type-post","status-publish","format-standard","has-post-thumbnail","hentry","category-arti","category-destacado","category-porta"],"_links":{"self":[{"href":"https:\/\/elvitraldelaciencia.org\/revista\/wp-json\/wp\/v2\/posts\/480","targetHints":{"allow":["GET"]}}],"collection":[{"href":"https:\/\/elvitraldelaciencia.org\/revista\/wp-json\/wp\/v2\/posts"}],"about":[{"href":"https:\/\/elvitraldelaciencia.org\/revista\/wp-json\/wp\/v2\/types\/post"}],"author":[{"embeddable":true,"href":"https:\/\/elvitraldelaciencia.org\/revista\/wp-json\/wp\/v2\/users\/2"}],"replies":[{"embeddable":true,"href":"https:\/\/elvitraldelaciencia.org\/revista\/wp-json\/wp\/v2\/comments?post=480"}],"version-history":[{"count":0,"href":"https:\/\/elvitraldelaciencia.org\/revista\/wp-json\/wp\/v2\/posts\/480\/revisions"}],"wp:featuredmedia":[{"embeddable":true,"href":"https:\/\/elvitraldelaciencia.org\/revista\/wp-json\/wp\/v2\/media\/465"}],"wp:attachment":[{"href":"https:\/\/elvitraldelaciencia.org\/revista\/wp-json\/wp\/v2\/media?parent=480"}],"wp:term":[{"taxonomy":"category","embeddable":true,"href":"https:\/\/elvitraldelaciencia.org\/revista\/wp-json\/wp\/v2\/categories?post=480"},{"taxonomy":"post_tag","embeddable":true,"href":"https:\/\/elvitraldelaciencia.org\/revista\/wp-json\/wp\/v2\/tags?post=480"}],"curies":[{"name":"wp","href":"https:\/\/api.w.org\/{rel}","templated":true}]}}