{"id":489,"date":"2021-01-02T19:05:49","date_gmt":"2021-01-02T23:05:49","guid":{"rendered":"http:\/\/revista.vzpla.net\/?p=489"},"modified":"2021-01-30T23:35:45","modified_gmt":"2021-01-31T03:35:45","slug":"la-vida-en-positivo-mejora-la-memoria","status":"publish","type":"post","link":"https:\/\/elvitraldelaciencia.org\/revista\/la-vida-en-positivo-mejora-la-memoria\/","title":{"rendered":"LA VIDA EN POSITIVO&#8230; MEJORA LA MEMORIA"},"content":{"rendered":"<p><img loading=\"lazy\" decoding=\"async\" class=\"size-medium wp-image-490 alignleft\" src=\"https:\/\/elvitraldelaciencia.org\/revista\/\/wp-content\/uploads\/2021\/01\/LA-MEMORIA-300x249.png\" alt=\"\" width=\"300\" height=\"249\" srcset=\"https:\/\/elvitraldelaciencia.org\/revista\/wp-content\/uploads\/2021\/01\/LA-MEMORIA-300x249.png 300w, https:\/\/elvitraldelaciencia.org\/revista\/wp-content\/uploads\/2021\/01\/LA-MEMORIA.png 551w\" sizes=\"auto, (max-width: 300px) 100vw, 300px\" \/><\/p>\n<p style=\"text-align: justify;\"><span style=\"color: #800000;\">El deterioro de la memoria es una preocupaci\u00f3n para las poblaciones que envejecen en todo el mundo. El afecto positivo juega un papel importante en el envejecimiento saludable, pero su v\u00ednculo con el deterioro de la memoria no est\u00e1 claro. En un estudio estadounidense publicado en Psychological Science (<strong><em>Emily F. Hittner y col. Positive Affect Is Associated With Less Memory Decline: Evidence From a 9-Year Longitudinal Study. Psychological Science, 2020; 095679762095388 DOI: 10.1177\/0956797620953883<\/em><\/strong>), se examin\u00f3 las asociaciones entre el afecto positivo (es decir, sentirse entusiasta, atento, orgulloso, activo) y la memoria (es decir, recuerdo inmediato y retardado), a partir de un estudio longitudinal de 9 a\u00f1os de una muestra de 991 personas de mediana edad, adultos mayores. <\/span><\/p>\n<p style=\"text-align: justify;\"><span style=\"color: #800000;\">Los resultados revelaron que el afecto positivo se asoci\u00f3 con una menor disminuci\u00f3n de la memoria a lo largo de 9 a\u00f1os cuando los an\u00e1lisis controlaron la edad, el g\u00e9nero, la educaci\u00f3n, la depresi\u00f3n, el afecto negativo y la extraversi\u00f3n. Los hallazgos se generalizaron a trav\u00e9s de otra medida que evalu\u00f3 facetas adicionales del afecto positivo, en diferentes (pero no todas) facetas del afecto positivo y la memoria, y en todas las edades, el g\u00e9nero y la educaci\u00f3n; no surgieron hallazgos para el afecto negativo. Las asociaciones longitudinales inversas entre la memoria y el afecto positivo no fueron significativas.<\/span><\/p>\n<p><a href=\"https:\/\/elvitraldelaciencia.org\/revista\/\/\/wp-content\/uploads\/2021\/01\/revista-divulgacion-12-MEMORIA.pdf\">Ver art\u00edculo completo<\/a><\/p>\n<p>&nbsp;<\/p>\n","protected":false},"excerpt":{"rendered":"<p>El deterioro de la memoria es una preocupaci\u00f3n para las poblaciones que envejecen en todo el mundo. El afecto positivo juega un papel importante en el envejecimiento saludable, pero su&hellip; <\/p>\n","protected":false},"author":2,"featured_media":490,"comment_status":"closed","ping_status":"closed","sticky":false,"template":"","format":"standard","meta":{"footnotes":""},"categories":[13,11],"tags":[],"class_list":["post-489","post","type-post","status-publish","format-standard","has-post-thumbnail","hentry","category-arti","category-destacado"],"_links":{"self":[{"href":"https:\/\/elvitraldelaciencia.org\/revista\/wp-json\/wp\/v2\/posts\/489","targetHints":{"allow":["GET"]}}],"collection":[{"href":"https:\/\/elvitraldelaciencia.org\/revista\/wp-json\/wp\/v2\/posts"}],"about":[{"href":"https:\/\/elvitraldelaciencia.org\/revista\/wp-json\/wp\/v2\/types\/post"}],"author":[{"embeddable":true,"href":"https:\/\/elvitraldelaciencia.org\/revista\/wp-json\/wp\/v2\/users\/2"}],"replies":[{"embeddable":true,"href":"https:\/\/elvitraldelaciencia.org\/revista\/wp-json\/wp\/v2\/comments?post=489"}],"version-history":[{"count":0,"href":"https:\/\/elvitraldelaciencia.org\/revista\/wp-json\/wp\/v2\/posts\/489\/revisions"}],"wp:featuredmedia":[{"embeddable":true,"href":"https:\/\/elvitraldelaciencia.org\/revista\/wp-json\/wp\/v2\/media\/490"}],"wp:attachment":[{"href":"https:\/\/elvitraldelaciencia.org\/revista\/wp-json\/wp\/v2\/media?parent=489"}],"wp:term":[{"taxonomy":"category","embeddable":true,"href":"https:\/\/elvitraldelaciencia.org\/revista\/wp-json\/wp\/v2\/categories?post=489"},{"taxonomy":"post_tag","embeddable":true,"href":"https:\/\/elvitraldelaciencia.org\/revista\/wp-json\/wp\/v2\/tags?post=489"}],"curies":[{"name":"wp","href":"https:\/\/api.w.org\/{rel}","templated":true}]}}