{"id":49,"date":"2020-11-23T19:25:01","date_gmt":"2020-11-23T23:25:01","guid":{"rendered":"http:\/\/localhost\/revista\/?p=49"},"modified":"2021-01-31T11:45:38","modified_gmt":"2021-01-31T15:45:38","slug":"las-pandemias-y-el-inhrr-son-82-anos-en-la-lucha-usando-la-ciencia-como-arma","status":"publish","type":"post","link":"https:\/\/elvitraldelaciencia.org\/revista\/las-pandemias-y-el-inhrr-son-82-anos-en-la-lucha-usando-la-ciencia-como-arma\/","title":{"rendered":"LAS PANDEMIAS Y EL INHRR. SON 82 A\u00d1OS EN LA LUCHA USANDO LA CIENCIA  COMO ARMA"},"content":{"rendered":"<p style=\"text-align: justify;\"><img loading=\"lazy\" decoding=\"async\" class=\"size-medium wp-image-501 alignleft\" src=\"https:\/\/elvitraldelaciencia.org\/revista\/\/wp-content\/uploads\/2020\/11\/INHRR-Y-VACUNAS-300x159.png\" alt=\"\" width=\"300\" height=\"159\" srcset=\"https:\/\/elvitraldelaciencia.org\/revista\/wp-content\/uploads\/2020\/11\/INHRR-Y-VACUNAS-300x159.png 300w, https:\/\/elvitraldelaciencia.org\/revista\/wp-content\/uploads\/2020\/11\/INHRR-Y-VACUNAS-1024x544.png 1024w, https:\/\/elvitraldelaciencia.org\/revista\/wp-content\/uploads\/2020\/11\/INHRR-Y-VACUNAS-768x408.png 768w, https:\/\/elvitraldelaciencia.org\/revista\/wp-content\/uploads\/2020\/11\/INHRR-Y-VACUNAS.png 1180w\" sizes=\"auto, (max-width: 300px) 100vw, 300px\" \/><\/p>\n<p style=\"text-align: justify;\">Cuando se fund\u00f3 el Instituto Nacional de Higiene \u201cRafael Rangel\u201d, el 17 de octubre de 1938, por decreto presidencial, eran pocos venezolanos que estaban conscientes de la enorme responsabilidad que iba tener la instituci\u00f3n ante la presencia de las numerosas situaciones de salud p\u00fablica del pa\u00eds que iba a enfrentar a lo largo del tiempo. Lucha de 82 a\u00f1os mediante el trabajo cient\u00edfico de las diferentes generaciones de cient\u00edficos \/(as), profesionales, t\u00e9cnicos (as) y obreros (as) que han pasado por los espacios de la sede inicial (Parroquia San Juan) y la actual (en la Ciudad Universitaria de Caracas).<\/p>\n<p style=\"text-align: justify;\">En el marco de los 82 a\u00f1os que est\u00e1 cumpliendo el INHRR, queremos exponer parte de las grandes pandemias de la humanidad, de las cuales algunas de ellas, el personal del instituto tuvo que luchar y vencer para proteger la salud de la naci\u00f3n.<br \/>\nEn esta \u00faltima pandemia, la del coronavirus, el instituto ha realizado esfuerzos mancumunados con el resto de las instituciones de salud, bajo los lineamientos del MPPS. Ha sido tit\u00e1nico el trabajo, las discusiones, los esfuerzos, la log\u00edstica, pero no queremos decirlo nosotros, sino que ofrecimos esta vitrina de la revista para que en la \u00faltima parte de este art\u00edculo, algunos del personal que est\u00e1n directamente involucrados en el diagn\u00f3stico del COVID-19 expresen voluntariamente su testimonio ante la mayor pandemia que ha tenido la humanidad en los \u00faltimos cien a\u00f1os, pero el conocimiento y el esp\u00edritu de lucha del pueblo venezolano conjuntamente con el gobierno nacional, estamos venci\u00e9ndola.<\/p>\n<p style=\"text-align: justify;\"><a href=\"https:\/\/elvitraldelaciencia.org\/revista\/\/\/wp-content\/uploads\/2020\/11\/LAS-PANDEMIAS-Y-EL-INHRR-.pdf\">Ver art\u00ecculo completo<\/a><\/p>\n<p>&nbsp;<\/p>\n<p>&nbsp;<\/p>\n","protected":false},"excerpt":{"rendered":"<p>Cuando se fund\u00f3 el Instituto Nacional de Higiene \u201cRafael Rangel\u201d, el 17 de octubre de 1938, por decreto presidencial, eran pocos venezolanos que estaban conscientes de la enorme responsabilidad que&hellip; <\/p>\n","protected":false},"author":1,"featured_media":501,"comment_status":"closed","ping_status":"closed","sticky":false,"template":"","format":"standard","meta":{"footnotes":""},"categories":[14],"tags":[],"class_list":["post-49","post","type-post","status-publish","format-standard","has-post-thumbnail","hentry","category-entre"],"_links":{"self":[{"href":"https:\/\/elvitraldelaciencia.org\/revista\/wp-json\/wp\/v2\/posts\/49","targetHints":{"allow":["GET"]}}],"collection":[{"href":"https:\/\/elvitraldelaciencia.org\/revista\/wp-json\/wp\/v2\/posts"}],"about":[{"href":"https:\/\/elvitraldelaciencia.org\/revista\/wp-json\/wp\/v2\/types\/post"}],"author":[{"embeddable":true,"href":"https:\/\/elvitraldelaciencia.org\/revista\/wp-json\/wp\/v2\/users\/1"}],"replies":[{"embeddable":true,"href":"https:\/\/elvitraldelaciencia.org\/revista\/wp-json\/wp\/v2\/comments?post=49"}],"version-history":[{"count":0,"href":"https:\/\/elvitraldelaciencia.org\/revista\/wp-json\/wp\/v2\/posts\/49\/revisions"}],"wp:featuredmedia":[{"embeddable":true,"href":"https:\/\/elvitraldelaciencia.org\/revista\/wp-json\/wp\/v2\/media\/501"}],"wp:attachment":[{"href":"https:\/\/elvitraldelaciencia.org\/revista\/wp-json\/wp\/v2\/media?parent=49"}],"wp:term":[{"taxonomy":"category","embeddable":true,"href":"https:\/\/elvitraldelaciencia.org\/revista\/wp-json\/wp\/v2\/categories?post=49"},{"taxonomy":"post_tag","embeddable":true,"href":"https:\/\/elvitraldelaciencia.org\/revista\/wp-json\/wp\/v2\/tags?post=49"}],"curies":[{"name":"wp","href":"https:\/\/api.w.org\/{rel}","templated":true}]}}